{"id":50610,"date":"2025-08-29T19:45:14","date_gmt":"2025-08-29T19:45:14","guid":{"rendered":"https:\/\/www.europesays.com\/pt\/50610\/"},"modified":"2025-08-29T19:45:14","modified_gmt":"2025-08-29T19:45:14","slug":"eurobasket-2025-acompanhe-os-jogos-de-portugal-no-campeonato-europeu-de-basquetebol","status":"publish","type":"post","link":"https:\/\/www.europesays.com\/pt\/50610\/","title":{"rendered":"Eurobasket 2025. Acompanhe os jogos de Portugal no Campeonato Europeu de Basquetebol"},"content":{"rendered":"<p>&#13;<br \/>\nPortugal entrou a vencer na competi\u00e7\u00e3o ao derrotar a Ch\u00e9quia por 62-50.&#13;\n<\/p>\n<p>&#13;<br \/>\nE a expetativa em torno da selec\u00e7\u00e3o  \u00e9 muita, ap\u00f3s ter \u201carrasado\u201d nas eliminat\u00f3rias da FIBA EuroBasket 2025 com atua\u00e7\u00f5es impressionantes num grupo em que estavam equipas  como Israel, Eslov\u00eania e Ucr\u00e2nia, garantindo a vaga para a Fase Final com duas partidas restantes na temporada.&#13;\n<\/p>\n<p>&#13;<br \/>\nEsta participa\u00e7\u00e3o portuguesa \u00e9 a primeira da sele\u00e7\u00e3o no EuroBasket desde 2011, quando terminou em 21\u00ba lugar.&#13;\n<\/p>\n<p>&#13;<br \/>\nO melhor resultado de sempre, foi em 2007, tendo Portugal ficado em 9.\u00ba lugar.&#13;\n<\/p>\n<p>&#13;<br \/>\n<b>Assista em direto, com a RTP Desporto, aos encontros da Sele\u00e7\u00e3o Nacional:<\/b>&#13;\n<\/p>\n<ul>&#13;<\/p>\n<li>\u00a0Portugal x S\u00e9rvia \/ 2\u00aa J. &#8211; Grupo A (19h15)<\/li>\n<p>&#13;<\/p>\n<li>Turquia x Portugal \/ 3\u00aa J. &#8211; Grupo A (30 Ago, 19h15)<\/li>\n<p>&#13;<\/p>\n<li>Portugal x Let\u00f3nia \/ 4\u00aa J. Grupo A (01 Set, 16h00)<\/li>\n<p>&#13;<\/p>\n<li>Est\u00f3nia x Portugal \/ 5\u00aa J. Grupo A (03 Set, 12h45)<\/li>\n<p>&#13;\n<\/ul>\n<p><a href=\"https:\/\/www.rtp.pt\/play\/direto\/rtp2\" target=\"_blank\" rel=\"nofollow noopener\"><img decoding=\"async\" src=\"https:\/\/www.europesays.com\/pt\/wp-content\/uploads\/2025\/08\/df90172115e815e765f63f7ff6d74882\"\/><\/a><\/p>\n<p>O torneio co-organizado por v\u00e1rios pa\u00edses; Chipre, Finl\u00e2ndia, Pol\u00f3nia e Let\u00f3nia, decorre de 27 de agosto a 14 de setembro de 2025. <\/p>\n","protected":false},"excerpt":{"rendered":"&#13; Portugal entrou a vencer na competi\u00e7\u00e3o ao derrotar a Ch\u00e9quia por 62-50.&#13; &#13; E a expetativa em&hellip;\n","protected":false},"author":2,"featured_media":50611,"comment_status":"","ping_status":"","sticky":false,"template":"","format":"standard","meta":{"footnotes":""},"categories":[87],"tags":[135,13,32,33,420,421,134],"class_list":{"0":"post-50610","1":"post","2":"type-post","3":"status-publish","4":"format-standard","5":"has-post-thumbnail","7":"category-desporto","8":"tag-desporto","9":"tag-noticias","10":"tag-portugal","11":"tag-pt","12":"tag-rtp","13":"tag-rtp-noticias","14":"tag-sports"},"share_on_mastodon":{"url":"","error":""},"_links":{"self":[{"href":"https:\/\/www.europesays.com\/pt\/wp-json\/wp\/v2\/posts\/50610","targetHints":{"allow":["GET"]}}],"collection":[{"href":"https:\/\/www.europesays.com\/pt\/wp-json\/wp\/v2\/posts"}],"about":[{"href":"https:\/\/www.europesays.com\/pt\/wp-json\/wp\/v2\/types\/post"}],"author":[{"embeddable":true,"href":"https:\/\/www.europesays.com\/pt\/wp-json\/wp\/v2\/users\/2"}],"replies":[{"embeddable":true,"href":"https:\/\/www.europesays.com\/pt\/wp-json\/wp\/v2\/comments?post=50610"}],"version-history":[{"count":0,"href":"https:\/\/www.europesays.com\/pt\/wp-json\/wp\/v2\/posts\/50610\/revisions"}],"wp:featuredmedia":[{"embeddable":true,"href":"https:\/\/www.europesays.com\/pt\/wp-json\/wp\/v2\/media\/50611"}],"wp:attachment":[{"href":"https:\/\/www.europesays.com\/pt\/wp-json\/wp\/v2\/media?parent=50610"}],"wp:term":[{"taxonomy":"category","embeddable":true,"href":"https:\/\/www.europesays.com\/pt\/wp-json\/wp\/v2\/categories?post=50610"},{"taxonomy":"post_tag","embeddable":true,"href":"https:\/\/www.europesays.com\/pt\/wp-json\/wp\/v2\/tags?post=50610"}],"curies":[{"name":"wp","href":"https:\/\/api.w.org\/{rel}","templated":true}]}}