{"id":506101,"date":"2026-08-31T01:59:15","date_gmt":"2026-08-31T01:59:15","guid":{"rendered":"https:\/\/www.europesays.com\/pt\/506101\/"},"modified":"2026-08-31T01:59:15","modified_gmt":"2026-08-31T01:59:15","slug":"fas-da-beyonce-adotam-cuca-como-nova-referencia-a-cantora","status":"publish","type":"post","link":"https:\/\/www.europesays.com\/pt\/506101\/","title":{"rendered":"F\u00e3s da Beyonc\u00e9 adotam Cuca como nova refer\u00eancia \u00e0 cantora"},"content":{"rendered":"<p dir=\"ltr\">Imagens da personagem Cuca do Sitio do Pica-pau Amarelo cantando m\u00fasicas da c<a href=\"https:\/\/www.correiobraziliense.com.br\/diversao-e-arte\/2026\/07\/7455067-beyonce-lanca-nova-musica-guardada-ha-13-anos.html\" target=\"_blank\" rel=\"nofollow noopener\">antora Beyonc\u00e9,<\/a> vestida como ela ou at\u00e9 incorporada \u00e0s capas de seus \u00e1lbuns come\u00e7aram a circular na internet sem que ningu\u00e9m entendesse bem o porqu\u00ea.\u00a0<\/p>\n<p dir=\"ltr\">O fen\u00f4meno surgiu com a celebra\u00e7\u00e3o de 20 anos do \u00e1lbum B\u2019Day, quando a equipe da cantora come\u00e7ou a resgatar a est\u00e9tica de p\u00e2ntanos e jacar\u00e9s presentes na est\u00e9tica visual do disco.\u00a0<\/p>\n<p dir=\"ltr\">Mas o que o time de Marketing de Beyonc\u00e9 talvez n\u00e3o tenha previsto, \u00e9 que no Brasil, jacar\u00e9 tem nome , sobrenome e uma hist\u00f3ria pr\u00f3pria na televis\u00e3o: Cuca.\u00a0<\/p>\n<p dir=\"ltr\">Os f\u00e3s brasileiros rapidamente abra\u00e7aram o conceito e transformaram a caricata personagem na estrela principal dessa nova fase. Aparecerem montagens, v\u00eddeos e edi\u00e7\u00f5es da Cuca ao som dos maiores hits de B\u2019Day, e os t\u00edtulos \u201cCuconc\u00e9\u201d e \u201cCuca\u2019s Day\u201d.\u00a0<\/p>\n<p dir=\"ltr\">O meme ultrapassou a bolha brasileira, e f\u00e3s pelo mundo todo foram apresentados ao S\u00edtio do Pica-Pau Amarelo e tamb\u00e9m se afei\u00e7oaram a bruxa m\u00e1 ic\u00f4nica, passando a tamb\u00e9m associ\u00e1-la \u00e0 artista texana.\u00a0<\/p>\n<p class=\"texto\">\n<blockquote class=\" instagram-media-registered\" id=\"instagram-media-payload-1\" data-instgrm-captioned=\"\" data-instgrm-permalink=\"https:\/\/www.instagram.com\/p\/DcoD3JBHOOy\/?utm_source=ig_embed&amp;utm_campaign=loading\" data-instgrm-version=\"14\"><p>&#13;<br \/>\n&#13;\n<\/p><\/blockquote>\n<p class=\"texto\">\u00a0<\/p>\n<ul>\n<li><a href=\"https:\/\/wa.me\/?text=F%C3%A3s+da+Beyonc%C3%A9+adotam+Cuca+como+nova+refer%C3%AAncia+%C3%A0+cantora+%20https:\/\/www.correiobraziliense.com.br\/diversao-e-arte\/2026\/08\/7490326-fas-da-beyonce-adotam-cuca-como-nova-referencia-a-cantora.html\" target=\"_blank\" title=\"Whatsapp\" aria-label=\"WhatsApp\" rel=\"nofollow noopener\"><\/a><\/li>\n<li><a href=\"https:\/\/www.facebook.com\/sharer.php?u=https:\/\/www.correiobraziliense.com.br%2Fdiversao-e-arte%2F2026%2F08%2F7490326-fas-da-beyonce-adotam-cuca-como-nova-referencia-a-cantora.html&amp;text=F%C3%A3s+da+Beyonc%C3%A9+adotam+Cuca+como+nova+refer%C3%AAncia+%C3%A0+cantora+\" target=\"_blank\" title=\"Facebook\" aria-label=\"Facebook\" rel=\"nofollow noopener\"><\/a><\/li>\n<li><a href=\"https:\/\/twitter.com\/intent\/tweet?url=https:\/\/www.correiobraziliense.com.br%2Fdiversao-e-arte%2F2026%2F08%2F7490326-fas-da-beyonce-adotam-cuca-como-nova-referencia-a-cantora.html&amp;text=F%C3%A3s+da+Beyonc%C3%A9+adotam+Cuca+como+nova+refer%C3%AAncia+%C3%A0+cantora+\" target=\"_blank\" title=\"Twitter\" aria-label=\"Twitter\" rel=\"nofollow noopener\"><\/a><\/li>\n<li><a href=\"https:\/\/profile.google.com\/cp\/CgovbS8wNzZ0dms1\" title=\"Google Discover\" target=\"_blank\" aria-label=\"Google Discover\" rel=\"nofollow noopener\"><img decoding=\"async\" src=\"https:\/\/www.europesays.com\/pt\/wp-content\/uploads\/2026\/08\/1788141554_47_google-discover-icon.png\" style=\"height: 25px; margin: 0 !important; margin-left: 3px;\" alt=\"Google Discover Icon\"\/><\/a><\/li>\n<\/ul>\n<p>              <a href=\"https:\/\/www.correiobraziliense.com.br\/autor\/correio-braziliense\/page\/1\/\" style=\"height: 100%;\" rel=\"nofollow noopener\" target=\"_blank\"><img decoding=\"async\" class=\"hidden-print author-circle d-block h6 mt-0 mb-0 mr-6 text-center\" src=\"https:\/\/www.europesays.com\/pt\/wp-content\/uploads\/2026\/08\/1788141555_621_logo_800x800-32298422.png\" alt=\"\" width=\"40\" height=\"40\" loading=\"lazy\" style=\"object-fit:cover; width: 40px; height: 40px; margin-right:10px;\"\/><\/a><a href=\"https:\/\/www.correiobraziliense.com.br\/autor\/correio-braziliense\/page\/1\/\" rel=\"nofollow noopener\" target=\"_blank\"><img decoding=\"async\" class=\"hidden-print author-circle d-block h6 mt-0 mb-0 mr-6 text-center\" src=\"https:\/\/www.europesays.com\/pt\/wp-content\/uploads\/2026\/08\/1788141555_621_logo_800x800-32298422.png\" alt=\"\" width=\"40\" height=\"40\" loading=\"lazy\" style=\"object-fit:cover; width: 40px; height: 40px; margin-right:10px;\"\/><\/a><\/p>\n<p>                          <script async src=\"https:\/\/platform.twitter.com\/widgets.js\" charset=\"utf-8\"><\/script><script async src=\"\/\/www.instagram.com\/embed.js\"><\/script><\/p>\n","protected":false},"excerpt":{"rendered":"Imagens da personagem Cuca do Sitio do Pica-pau Amarelo cantando m\u00fasicas da cantora Beyonc\u00e9, vestida como ela ou&hellip;\n","protected":false},"author":2,"featured_media":506102,"comment_status":"","ping_status":"","sticky":false,"template":"","format":"standard","meta":{"footnotes":"","_share_on_mastodon":"0"},"categories":[145],"tags":[2959,1640,211,210,114,115,9030,32,33,548,81111,151],"class_list":["post-506101","post","type-post","status-publish","format-standard","has-post-thumbnail","category-celebridades","tag-beyonce","tag-cantora","tag-celebridades","tag-celebrities","tag-entertainment","tag-entretenimento","tag-meme","tag-portugal","tag-pt","tag-redes-sociais","tag-sitio-do-picapau-amarelo","tag-tv"],"share_on_mastodon":{"url":"https:\/\/pubeurope.com\/@pt\/117187653015703408","error":""},"_links":{"self":[{"href":"https:\/\/www.europesays.com\/pt\/wp-json\/wp\/v2\/posts\/506101","targetHints":{"allow":["GET"]}}],"collection":[{"href":"https:\/\/www.europesays.com\/pt\/wp-json\/wp\/v2\/posts"}],"about":[{"href":"https:\/\/www.europesays.com\/pt\/wp-json\/wp\/v2\/types\/post"}],"author":[{"embeddable":true,"href":"https:\/\/www.europesays.com\/pt\/wp-json\/wp\/v2\/users\/2"}],"replies":[{"embeddable":true,"href":"https:\/\/www.europesays.com\/pt\/wp-json\/wp\/v2\/comments?post=506101"}],"version-history":[{"count":0,"href":"https:\/\/www.europesays.com\/pt\/wp-json\/wp\/v2\/posts\/506101\/revisions"}],"wp:featuredmedia":[{"embeddable":true,"href":"https:\/\/www.europesays.com\/pt\/wp-json\/wp\/v2\/media\/506102"}],"wp:attachment":[{"href":"https:\/\/www.europesays.com\/pt\/wp-json\/wp\/v2\/media?parent=506101"}],"wp:term":[{"taxonomy":"category","embeddable":true,"href":"https:\/\/www.europesays.com\/pt\/wp-json\/wp\/v2\/categories?post=506101"},{"taxonomy":"post_tag","embeddable":true,"href":"https:\/\/www.europesays.com\/pt\/wp-json\/wp\/v2\/tags?post=506101"}],"curies":[{"name":"wp","href":"https:\/\/api.w.org\/{rel}","templated":true}]}}