{"id":506159,"date":"2026-08-31T05:41:18","date_gmt":"2026-08-31T05:41:18","guid":{"rendered":"https:\/\/www.europesays.com\/pt\/506159\/"},"modified":"2026-08-31T05:41:18","modified_gmt":"2026-08-31T05:41:18","slug":"feminino-mais-de-10-mil-no-dragao-veem-o-fc-porto-vencer-na-apresentacao","status":"publish","type":"post","link":"https:\/\/www.europesays.com\/pt\/506159\/","title":{"rendered":"Feminino: mais de 10 mil no Drag\u00e3o veem o FC Porto vencer na apresenta\u00e7\u00e3o"},"content":{"rendered":"<p style=\"margin-bottom:11px\">O FC Porto venceu o Celta de Vigo (2-1), do terceiro escal\u00e3o do futebol feminino espanhol, no jogo de apresenta\u00e7\u00e3o que neste domingo juntou mais de 10.300 adeptos no Est\u00e1dio do Drag\u00e3o.<\/p>\n<blockquote class=\"twitter-tweet\">\n<p lang=\"pt\">10 320 vezes obrigado! \ud83d\udc99\ud83d\udc09 Uma apresenta\u00e7\u00e3o inesquec\u00edvel, feita convosco. \ud83d\ude4c\ud83c\udffc<br \/>\u00a0<\/p>\n<p>Agora, olhos postos no pr\u00f3ximo desafio: a Superta\u00e7a! \ud83c\udfc6<\/p>\n<p>\u25b6 6 de setembro \u00e0s 17h15 em Viseu<\/p>\n<p>\u2139 Bilhetes dispon\u00edveis <a href=\"https:\/\/t.co\/xfy0kIVdrp\" rel=\"nofollow\">pic.twitter.com\/xfy0kIVdrp<\/a><\/p>\n<p>\u00a0<\/p>\n<p> \u2014 FC Porto (@FCPorto)<br \/>\n  <a href=\"https:\/\/x.com\/FCPorto\/status\/2094037540726595638?ref_src=twsrc%5Etfw\" rel=\"nofollow\">August 30, 2026<\/a>\n <\/p><\/blockquote>\n<p>Um autogolo de Mariana Azevedo, no segundo minuto do encontro, deu vantagem \u00e0s galegas, mas o empate n\u00e3o tardou, assinado por Lara Perruca ao minuto 5. \u00c0 passagem da meia hora, Alex Kerr completou a reviravolta portista.<\/p>\n<p>Daqui a uma semana, o FC Porto, que esta \u00e9poca se vai estrear na I Liga feminina, defronta o Benfica para a Superta\u00e7a feminina, no Est\u00e1dio do Fontelo, em Viseu (17h15).<\/p>\n<p>                                <script async src=\"https:\/\/platform.twitter.com\/widgets.js\" charset=\"utf-8\"><\/script><\/p>\n","protected":false},"excerpt":{"rendered":"O FC Porto venceu o Celta de Vigo (2-1), do terceiro escal\u00e3o do futebol feminino espanhol, no jogo&hellip;\n","protected":false},"author":2,"featured_media":506160,"comment_status":"","ping_status":"","sticky":false,"template":"","format":"standard","meta":{"footnotes":"","_share_on_mastodon":"0"},"categories":[87],"tags":[425,1760,135,5807,282,9445,6878,2388,1356,46,32,33,47,134,578],"class_list":["post-506159","post","type-post","status-publish","format-standard","has-post-thumbnail","category-desporto","tag-apresentacao","tag-celta-de-vigo","tag-desporto","tag-estadio-do-dragao","tag-fc-porto","tag-fcp","tag-futebol-clube-do-porto","tag-futebol-feminino","tag-mais-futebol","tag-maisfutebol","tag-portugal","tag-pt","tag-pura-paixao","tag-sports","tag-video"],"share_on_mastodon":{"url":"https:\/\/pubeurope.com\/@pt\/117188524940643144","error":""},"_links":{"self":[{"href":"https:\/\/www.europesays.com\/pt\/wp-json\/wp\/v2\/posts\/506159","targetHints":{"allow":["GET"]}}],"collection":[{"href":"https:\/\/www.europesays.com\/pt\/wp-json\/wp\/v2\/posts"}],"about":[{"href":"https:\/\/www.europesays.com\/pt\/wp-json\/wp\/v2\/types\/post"}],"author":[{"embeddable":true,"href":"https:\/\/www.europesays.com\/pt\/wp-json\/wp\/v2\/users\/2"}],"replies":[{"embeddable":true,"href":"https:\/\/www.europesays.com\/pt\/wp-json\/wp\/v2\/comments?post=506159"}],"version-history":[{"count":0,"href":"https:\/\/www.europesays.com\/pt\/wp-json\/wp\/v2\/posts\/506159\/revisions"}],"wp:featuredmedia":[{"embeddable":true,"href":"https:\/\/www.europesays.com\/pt\/wp-json\/wp\/v2\/media\/506160"}],"wp:attachment":[{"href":"https:\/\/www.europesays.com\/pt\/wp-json\/wp\/v2\/media?parent=506159"}],"wp:term":[{"taxonomy":"category","embeddable":true,"href":"https:\/\/www.europesays.com\/pt\/wp-json\/wp\/v2\/categories?post=506159"},{"taxonomy":"post_tag","embeddable":true,"href":"https:\/\/www.europesays.com\/pt\/wp-json\/wp\/v2\/tags?post=506159"}],"curies":[{"name":"wp","href":"https:\/\/api.w.org\/{rel}","templated":true}]}}