{"id":50616,"date":"2025-08-29T19:50:36","date_gmt":"2025-08-29T19:50:36","guid":{"rendered":"https:\/\/www.europesays.com\/pt\/50616\/"},"modified":"2025-08-29T19:50:36","modified_gmt":"2025-08-29T19:50:36","slug":"tirar-restos-mortais-do-anonimato-museu-norte-americano-enfrenta-debate-etico-noticias","status":"publish","type":"post","link":"https:\/\/www.europesays.com\/pt\/50616\/","title":{"rendered":"Tirar restos mortais do anonimato. Museu norte-americano enfrenta debate \u00e9tico &#8211; Not\u00edcias"},"content":{"rendered":"<p>Reportagem por Victoria Lavelle \/ AFP<\/p>\n<p>Nas vitrinas de madeira do museu h\u00e1 tumores, quistos gigantes e membros humanos gangrenados que atraem os olhares curiosos dos visitantes. &#8220;Fascinante e assustador&#8221;, \u00e9 uma descri\u00e7\u00e3o frequentemente usada.<\/p>\n<p>A institui\u00e7\u00e3o, que possui 35.000 pe\u00e7as, entre elas 6.000 esp\u00e9cimes biol\u00f3gicos, foi criada em 1863 a partir da cole\u00e7\u00e3o pessoal de um cirurgi\u00e3o local, Thomas M\u00fctter, com fins pedag\u00f3gicos.<\/p>\n<p>Ao longo dos anos, o acervo foi enriquecido por m\u00e9dicos, mas tamb\u00e9m por dadores vivos. Em 2020, um transplantado card\u00edaco doou o cora\u00e7\u00e3o, do tamanho de uma bola de futebol. O \u00f3rg\u00e3o hoje flutua num frasco junto com 139 cr\u00e2nios humanos coletados por um anatomista austr\u00edaco no s\u00e9culo XIX.<\/p>\n<p>Em 2023, com o impulso de uma nova dire\u00e7\u00e3o, o M\u00fctter, que recebe mais de 130.000 visitantes por ano, lan\u00e7ou o Post Mortem Project, cujo objetivo era refletir com os visitantes sobre a melhor forma de apresentar os exemplares, adquiridos, na maioria, sem o consentimento dos pacientes e expostos sem detalhes sobre a sua identidade.<\/p>\n<p>Como parte deste processo, o museu apagou centenas de v\u00eddeos de um canal no YouTube, que tem mais de 100.000 seguidores, assim como uma exposi\u00e7\u00e3o digital no <a href=\"https:\/\/muttermuseum.org\/\" target=\"_blank\" rel=\"noopener noreferrer nofollow\">site<\/a>.<\/p>\n<p>&#8220;Foi quando come\u00e7ou a pol\u00e9mica&#8221;, lembra Kate Quinn, ex-diretora do Mutter, que iniciou o projeto. &#8220;Eram conversas internas que ganharam grande relev\u00e2ncia p\u00fablica ap\u00f3s a elimina\u00e7\u00e3o dos v\u00eddeos no YouTube&#8221;.<\/p>\n<p>  <a href=\"https:\/\/mb.web.sapo.io\/22152dacf56981d520f4c870f934e404f841ddef.jpg\" title=\"Museu Mutter\" data-ps-trigger=\"\" data-index=\"1\" data-ps-single-photo=\"true\" target=\"_blank\" rel=\"nofollow noopener\">  Museu Mutter<\/p>\n<p>Sara Ray, Diretora S\u00e9nior de Interpreta\u00e7\u00e3o da Biblioteca M\u00e9dica Hist\u00f3rica do Museu Mutter, examina modelos de cera de rostos de pacientes que sofriam de lepra, nas estantes dos arquivos do museu<\/p>\n<p>cr\u00e9ditos: Matthew Hatcher \/ AFP<\/p>\n<p>&#8221; data-title=&#8221;Museu Mutter &#8211; Tirar restos mortais do anonimato. Museu norte-americano enfrenta debate \u00e9tico &#8211; SAPO Viagens&#8221;&gt;                <img decoding=\"async\" src=\"https:\/\/www.europesays.com\/pt\/wp-content\/uploads\/2025\/08\/jbkvsycixNkVz3I6HfI0=.jpeg\" alt=\"Museu Mutter\" title=\"Museu Mutter\"\/>   <\/a>     Museu Mutter   Sara Ray, Diretora S\u00e9nior de Interpreta\u00e7\u00e3o da Biblioteca M\u00e9dica Hist\u00f3rica do Museu Mutter, examina modelos de cera de rostos de pacientes que sofriam de lepra, nas estantes dos arquivos do museu   cr\u00e9ditos: Matthew Hatcher \/ AFP<br \/>\nProtect the Mutter<\/p>\n<p>Num artigo de opini\u00e3o publicado no The Wall Street Journal, um ex-diretor do museu lamentou que &#8220;um punhado de elites woke questionem o passado do museu e comprometam o seu futuro&#8221;, usando um termo que os conservadores costumam aplicar de forma pejorativa para referir-se a ideias progressistas.<\/p>\n<p>Pouco depois, formou-se um grupo de ativistas chamado Protect the Mutter (Protejam o Mutter). A peti\u00e7\u00e3o lan\u00e7ada que exigia a demiss\u00e3o de Quinn, reuniu mais de 35.000 assinaturas.<\/p>\n<p>&#8220;O conte\u00fado online estava a ser destru\u00eddo, havia mudan\u00e7as de pessoal, alguns eventos do museu foram cancelados&#8221;, como a popular festa anual de Halloween, disse \u00e0 AFP uma integrante do grupo, que preferiu permanecer no anonimato.<\/p>\n<p>Incomodado com a controv\u00e9rsia, o paciente que doou o cora\u00e7\u00e3o tentou recuper\u00e1-lo.<\/p>\n<p>Quinn, que deixou o cargo h\u00e1 alguns meses, garante que a dire\u00e7\u00e3o &#8220;n\u00e3o queria mudar o museu radicalmente&#8221;.<\/p>\n<p>&#8220;O objetivo era incluir as pessoas no debate para que nos acompanhassem nesta aventura&#8221;, afirma, lamentando que &#8220;isto tenha tomado tais propor\u00e7\u00f5es&#8221;.<\/p>\n<p>  <a href=\"https:\/\/mb.web.sapo.io\/98f8078d2a601ef5cbc21077cf3be199c7960991.jpg\" title=\"Museu Mutter\" data-ps-trigger=\"\" data-index=\"1\" data-ps-single-photo=\"true\" target=\"_blank\" rel=\"nofollow noopener\">  Museu Mutter<\/p>\n<p>Museu Mutter<\/p>\n<p>cr\u00e9ditos: Matthew Hatcher \/ AFP<\/p>\n<p>&#8221; data-title=&#8221;Museu Mutter &#8211; Tirar restos mortais do anonimato. Museu norte-americano enfrenta debate \u00e9tico &#8211; SAPO Viagens&#8221;&gt;                <img decoding=\"async\" src=\"https:\/\/www.europesays.com\/pt\/wp-content\/uploads\/2025\/08\/Vb3BSE3RgUJOdqlKuNBL7H12iA7cTCFANEqNqUr5bos=.jpeg\" alt=\"Museu Mutter\" title=\"Museu Mutter\"\/>   <\/a>     Museu Mutter   Museu Mutter   cr\u00e9ditos: Matthew Hatcher \/ AFP<br \/>\nTirar do anonimato cole\u00e7\u00e3o de restos mortais<\/p>\n<p>Pol\u00e9micas semelhantes aconteceram noutras institui\u00e7\u00f5es ocidentais nos \u00faltimos anos, como o Museu Brit\u00e2nico de Londres.<\/p>\n<p>Recentemente, o M\u00fctter apresentou as conclus\u00f5es de seu Projeto Post Mortem durante um evento especial, com o objetivo de &#8220;contextualizar&#8221; e tirar do anonimato a cole\u00e7\u00e3o de restos humanos.<\/p>\n<p>A percorrer os tapetes de cor p\u00farpura do museu, imersos em uma atmosfera vitoriana, os visitantes puderam aprender mais sobre a vida de Mary Ashberry, uma mulher com nanismo, cujo esqueleto est\u00e1 exposto, ou de Joseph Williams e seu &#8220;megac\u00f3lon&#8221; de 2,4 metros de comprimento.<\/p>\n<p>&#8220;A quest\u00e3o n\u00e3o \u00e9 se devemos ou n\u00e3o expor restos humanos, mas se podemos faz\u00ea-lo de uma forma que fa\u00e7a justi\u00e7a a estas pessoas e a sua hist\u00f3ria&#8221;, explica Sara Ray, nova codiretora.<\/p>\n<p>  <a href=\"https:\/\/mb.web.sapo.io\/fff21d4754bfea409c8fd06a0062ac0519c6d278.jpg\" title=\"Museu Mutter\" data-ps-trigger=\"\" data-index=\"1\" data-ps-single-photo=\"true\" target=\"_blank\" rel=\"nofollow noopener\">  Museu Mutter<\/p>\n<p>Visitantes da Biblioteca M\u00e9dica Hist\u00f3rica do Museu M\u00fctter examinam uma das pe\u00e7as mais famosas, o modelo de cera de Madame Dimanche, uma mulher parisiense com uma protuber\u00e2ncia cut\u00e2nea fora do comum<\/p>\n<p>cr\u00e9ditos: Matthew Hatcher \/ AFP<\/p>\n<p>&#8221; data-title=&#8221;Museu Mutter &#8211; Tirar restos mortais do anonimato. Museu norte-americano enfrenta debate \u00e9tico &#8211; SAPO Viagens&#8221;&gt;                <img decoding=\"async\" src=\"https:\/\/www.europesays.com\/pt\/wp-content\/uploads\/2025\/08\/1756497036_349_\" alt=\"Museu Mutter\" title=\"Museu Mutter\"\/>   <\/a>     Museu Mutter   Visitantes da Biblioteca M\u00e9dica Hist\u00f3rica do Museu M\u00fctter examinam uma das pe\u00e7as mais famosas, o modelo de cera de Madame Dimanche, uma mulher parisiense com uma protuber\u00e2ncia cut\u00e2nea fora do comum   cr\u00e9ditos: Matthew Hatcher \/ AFP     <\/p>\n<p>Embora &#8220;as pessoas sempre tenham sentido um fasc\u00ednio pelo corpo humano e pela sua diversidade&#8221;, explica \u00e0 AFP a antrop\u00f3loga Valerie DeLeon, &#8220;h\u00e1 algum tempo, olham para estas cole\u00e7\u00f5es e perguntam coisas sobre as pessoas representadas, como &#8216;escolheram estar ali?'&#8221;<\/p>\n<p>A nova dire\u00e7\u00e3o recuperou 80% dos v\u00eddeos no canal do YouTube, uma decis\u00e3o comemorada pelos membros do Protect The M\u00fctter.<\/p>\n<p>Mas ainda h\u00e1 perguntas dif\u00edceis a responder, como o que fazer com as pe\u00e7as an\u00f3nimas, questiona uma ativista, dando como exemplo o esqueleto de um homem de 2,29 metros, cujo nome \u00e9 desconhecido.<\/p>\n<p>&#8220;Este exemplo de acromegalia deve ser exibido com respeito e ajudar as gera\u00e7\u00f5es futuras a compreenderem melhor uma doen\u00e7a cronica que continua a afetar as pessoas diariamente&#8221;, avalia a integrante do Protect The M\u00fctter.<\/p>\n","protected":false},"excerpt":{"rendered":"Reportagem por Victoria Lavelle \/ AFP Nas vitrinas de madeira do museu h\u00e1 tumores, quistos gigantes e membros&hellip;\n","protected":false},"author":2,"featured_media":50617,"comment_status":"","ping_status":"","sticky":false,"template":"","format":"standard","meta":{"footnotes":""},"categories":[50],"tags":[27,28,15,16,14,25,26,21,22,62,12,13,19,20,23,24,17,18,29,30,31,63,64,65],"class_list":{"0":"post-50616","1":"post","2":"type-post","3":"status-publish","4":"format-standard","5":"has-post-thumbnail","7":"category-mundo","8":"tag-breaking-news","9":"tag-breakingnews","10":"tag-featured-news","11":"tag-featurednews","12":"tag-headlines","13":"tag-latest-news","14":"tag-latestnews","15":"tag-main-news","16":"tag-mainnews","17":"tag-mundo","18":"tag-news","19":"tag-noticias","20":"tag-noticias-principais","21":"tag-noticiasprincipais","22":"tag-principais-noticias","23":"tag-principaisnoticias","24":"tag-top-stories","25":"tag-topstories","26":"tag-ultimas","27":"tag-ultimas-noticias","28":"tag-ultimasnoticias","29":"tag-world","30":"tag-world-news","31":"tag-worldnews"},"share_on_mastodon":{"url":"","error":""},"_links":{"self":[{"href":"https:\/\/www.europesays.com\/pt\/wp-json\/wp\/v2\/posts\/50616","targetHints":{"allow":["GET"]}}],"collection":[{"href":"https:\/\/www.europesays.com\/pt\/wp-json\/wp\/v2\/posts"}],"about":[{"href":"https:\/\/www.europesays.com\/pt\/wp-json\/wp\/v2\/types\/post"}],"author":[{"embeddable":true,"href":"https:\/\/www.europesays.com\/pt\/wp-json\/wp\/v2\/users\/2"}],"replies":[{"embeddable":true,"href":"https:\/\/www.europesays.com\/pt\/wp-json\/wp\/v2\/comments?post=50616"}],"version-history":[{"count":0,"href":"https:\/\/www.europesays.com\/pt\/wp-json\/wp\/v2\/posts\/50616\/revisions"}],"wp:featuredmedia":[{"embeddable":true,"href":"https:\/\/www.europesays.com\/pt\/wp-json\/wp\/v2\/media\/50617"}],"wp:attachment":[{"href":"https:\/\/www.europesays.com\/pt\/wp-json\/wp\/v2\/media?parent=50616"}],"wp:term":[{"taxonomy":"category","embeddable":true,"href":"https:\/\/www.europesays.com\/pt\/wp-json\/wp\/v2\/categories?post=50616"},{"taxonomy":"post_tag","embeddable":true,"href":"https:\/\/www.europesays.com\/pt\/wp-json\/wp\/v2\/tags?post=50616"}],"curies":[{"name":"wp","href":"https:\/\/api.w.org\/{rel}","templated":true}]}}