{"id":50618,"date":"2025-08-29T19:51:54","date_gmt":"2025-08-29T19:51:54","guid":{"rendered":"https:\/\/www.europesays.com\/pt\/50618\/"},"modified":"2025-08-29T19:51:54","modified_gmt":"2025-08-29T19:51:54","slug":"prisao-preventiva-para-homem-que-disparou-contra-cunhado-e-se-barricou-em-casa-no-barreiro","status":"publish","type":"post","link":"https:\/\/www.europesays.com\/pt\/50618\/","title":{"rendered":"Pris\u00e3o preventiva para homem que disparou contra cunhado e se barricou em casa no Barreiro"},"content":{"rendered":"<p class=\"category\"><a href=\"https:\/\/sicnoticias.pt\/pais\" rel=\"nofollow noopener\" target=\"_blank\">Pa\u00eds<\/a><\/p>\n<p>O homem de 36 anos barricou-se em casa depois de ter\u00a0alvejado o cunhado, de 30 anos,\u00a0durante uma discuss\u00e3o na rua. O desentendimento ter\u00e1 come\u00e7ado depois de a\u00a0v\u00edtima ter amea\u00e7ado denunciar o suspeito\u00a0por, alegadamente,\u00a0ter um\u00a0armaz\u00e9m de material contrafeito.<\/p>\n<p><img decoding=\"async\" src=\"https:\/\/www.europesays.com\/pt\/wp-content\/uploads\/2025\/08\/1756497114_922_original.webp\" alt=\"Pris\u00e3o preventiva para homem que disparou contra cunhado e se barricou em casa no Barreiro\"\/><\/p>\n<p>SIC<\/p>\n<p>O homem de 36 anos detido por <strong>suspeita de tentativa de homic\u00eddio e deten\u00e7\u00e3o de arma proibida<\/strong>, foi esta quinta-feira ouvido em primeiro interrogat\u00f3rio judicial no Tribunal do Barreiro, no distrito de Set\u00fabal.<\/p>\n<p style=\"text-align: start;\">Barricou-se em casa depois de ter\u00a0<strong>alvejado o cunhado, de 30 anos,<\/strong><strong>\u00a0<\/strong><strong>durante uma discuss\u00e3o na rua.<\/strong><\/p>\n<p style=\"text-align: start;\">O desentendimento ter\u00e1 come\u00e7ado depois de a<strong>\u00a0<\/strong><strong>v\u00edtima ter amea\u00e7ado denunciar o suspeito<\/strong><strong>\u00a0<\/strong>por, alegadamente,\u00a0ter um<strong>\u00a0<\/strong><strong>armaz\u00e9m com armas de fogo e material contrafeito<\/strong>.<\/p>\n<p style=\"text-align: start;\">O ferido foi atingido por\u00a0<strong>quatro tiros<\/strong>,\u00a0tr\u00eas na zona lombar e um na n\u00e1dega, apesar de terem sido feito oito disparos.\u00a0Apesar dos ferimentos, deslocou-se \u00e0 esquadra da PSP nas imedia\u00e7\u00f5es para pedir ajuda.<\/p>\n<p style=\"text-align: start;\">A v\u00edtima, adianta a PSP, &#8220;estava bastante agitada, tendo-se deslocado para o exterior da esquadra, <strong>indicando o local onde haviam sucedido os disparos<\/strong>&#8221; e, de seguida, retirou a t-shirt que tinha vestida e desfaleceu. Antes disso, indicou que tinha sido o cunhado o autor dos disparos.<\/p>\n<p style=\"text-align: start;\">Foi transportado para o Hospital de Nossa Senhora do Ros\u00e1rio, no Barreiro. Est\u00e1 livre de perigo.<\/p>\n","protected":false},"excerpt":{"rendered":"Pa\u00eds O homem de 36 anos barricou-se em casa depois de ter\u00a0alvejado o cunhado, de 30 anos,\u00a0durante uma&hellip;\n","protected":false},"author":2,"featured_media":50619,"comment_status":"","ping_status":"","sticky":false,"template":"","format":"standard","meta":{"footnotes":""},"categories":[10],"tags":[27,28,15,16,14,25,26,21,22,12,13,19,20,32,23,24,33,17,18,29,30,31],"class_list":{"0":"post-50618","1":"post","2":"type-post","3":"status-publish","4":"format-standard","5":"has-post-thumbnail","7":"category-portugal","8":"tag-breaking-news","9":"tag-breakingnews","10":"tag-featured-news","11":"tag-featurednews","12":"tag-headlines","13":"tag-latest-news","14":"tag-latestnews","15":"tag-main-news","16":"tag-mainnews","17":"tag-news","18":"tag-noticias","19":"tag-noticias-principais","20":"tag-noticiasprincipais","21":"tag-portugal","22":"tag-principais-noticias","23":"tag-principaisnoticias","24":"tag-pt","25":"tag-top-stories","26":"tag-topstories","27":"tag-ultimas","28":"tag-ultimas-noticias","29":"tag-ultimasnoticias"},"share_on_mastodon":{"url":"","error":""},"_links":{"self":[{"href":"https:\/\/www.europesays.com\/pt\/wp-json\/wp\/v2\/posts\/50618","targetHints":{"allow":["GET"]}}],"collection":[{"href":"https:\/\/www.europesays.com\/pt\/wp-json\/wp\/v2\/posts"}],"about":[{"href":"https:\/\/www.europesays.com\/pt\/wp-json\/wp\/v2\/types\/post"}],"author":[{"embeddable":true,"href":"https:\/\/www.europesays.com\/pt\/wp-json\/wp\/v2\/users\/2"}],"replies":[{"embeddable":true,"href":"https:\/\/www.europesays.com\/pt\/wp-json\/wp\/v2\/comments?post=50618"}],"version-history":[{"count":0,"href":"https:\/\/www.europesays.com\/pt\/wp-json\/wp\/v2\/posts\/50618\/revisions"}],"wp:featuredmedia":[{"embeddable":true,"href":"https:\/\/www.europesays.com\/pt\/wp-json\/wp\/v2\/media\/50619"}],"wp:attachment":[{"href":"https:\/\/www.europesays.com\/pt\/wp-json\/wp\/v2\/media?parent=50618"}],"wp:term":[{"taxonomy":"category","embeddable":true,"href":"https:\/\/www.europesays.com\/pt\/wp-json\/wp\/v2\/categories?post=50618"},{"taxonomy":"post_tag","embeddable":true,"href":"https:\/\/www.europesays.com\/pt\/wp-json\/wp\/v2\/tags?post=50618"}],"curies":[{"name":"wp","href":"https:\/\/api.w.org\/{rel}","templated":true}]}}