{"id":5062,"date":"2025-07-28T09:15:07","date_gmt":"2025-07-28T09:15:07","guid":{"rendered":"https:\/\/www.europesays.com\/pt\/5062\/"},"modified":"2025-07-28T09:15:07","modified_gmt":"2025-07-28T09:15:07","slug":"governo-apresenta-medidas-apos-colapso-inedito-da-rede-electrica-iberica-apagao","status":"publish","type":"post","link":"https:\/\/www.europesays.com\/pt\/5062\/","title":{"rendered":"Governo apresenta medidas ap\u00f3s colapso in\u00e9dito da rede el\u00e9ctrica ib\u00e9rica | Apag\u00e3o"},"content":{"rendered":"<p>O Governo apresenta, nesta segunda-feira, um conjunto de medidas face ao apag\u00e3o na rede el\u00e9ctrica de 28 de Abril, em Portugal e Espanha, que deve incluir um plano nacional de armazenamento e altera\u00e7\u00f5es aos sistemas de controlo da rede el\u00e9ctrica.<\/p>\n<p>As medidas v\u00e3o ser apresentadas de manh\u00e3, numa sess\u00e3o no Minist\u00e9rio do Ambiente, pela ministra Maria da Gra\u00e7a Carvalho, que ser\u00e1 acompanhada pelo secret\u00e1rio de Estado da Energia, Jean Barroca.<\/p>\n<p>No final de Junho, a ministra do Ambiente e Energia avan\u00e7ou que iria apresentar um conjunto de medidas <a href=\"https:\/\/www.publico.pt\/2025\/06\/28\/economia\/noticia\/dois-meses-apos-apagao-envolvidos-incidente-assume-responsabilidades-2138073\" target=\"_blank\" rel=\"nofollow noopener\">face ao apag\u00e3o de Abril, <\/a>embora ainda n\u00e3o fosse conhecido o relat\u00f3rio final com as causas do evento.<\/p>\n<p>Maria da Gra\u00e7a Carvalho indicou, na ocasi\u00e3o, que o Governo pretende ver aumentada a capacidade de armazenamento de electricidade, estando por isso a trabalhar num \u201cplano nacional de armazenamento\u201d, que, adiantou, tanto pode compreender o armazenamento qu\u00edmico, atrav\u00e9s de baterias, como h\u00eddrico, atrav\u00e9s da capacidade das barragens.<\/p>\n<p>Outra das medidas a apresentar consiste na altera\u00e7\u00e3o aos sistemas de controlo da rede el\u00e9ctrica, com uma maior informatiza\u00e7\u00e3o e utiliza\u00e7\u00e3o dos dados, passando a haver \u201cum sistema \u00fanico de recolha de dados\u201d.<\/p>\n<p>        &#13;<\/p>\n<p>&#13;<br \/>\n                &#13;\n            <\/p>\n<p>&#13;<\/p>\n<p>No in\u00edcio desta semana, <a href=\"https:\/\/www.publico.pt\/2025\/07\/17\/economia\/noticia\/painel-especialistas-europeus-confirma-causa-apagao-pico-tensao-excepcional-2140687\" target=\"_blank\" rel=\"nofollow noopener\">foram conhecidas as conclus\u00f5es<\/a> da reuni\u00e3o de 15 de Julho do grupo de peritos da Rede Europeia de Operadores de Transporte de Electricidade (ENTSO-E), que investiga o colapso da rede ocorrido, que apontaram como causa mais prov\u00e1vel um aumento de tens\u00e3o em cascata \u2014 observados no Sul de Espanha na fase final do incidente \u2014 seguidos de desligamentos s\u00fabitos de produ\u00e7\u00e3o, sobretudo em instala\u00e7\u00f5es renov\u00e1veis, e conduziram \u00e0 separa\u00e7\u00e3o el\u00e9ctrica da Pen\u00ednsula Ib\u00e9rica em rela\u00e7\u00e3o ao sistema continental, com perda de sincronismo e colapso da frequ\u00eancia e tens\u00e3o.<\/p>\n<p>Este tipo de perturba\u00e7\u00e3o nunca tinha sido identificado como causa de apag\u00e3o em nenhum ponto da <a href=\"https:\/\/www.publico.pt\/2025\/06\/19\/economia\/noticia\/origem-apagao-identificada-central-fotovoltaica-iberdrola-badajoz-2137212\" target=\"_blank\" rel=\"nofollow noopener\">rede europeia.<\/a><\/p>\n<p>A confirmar-se esta conclus\u00e3o, ser\u00e1 necess\u00e1ria \u201cuma an\u00e1lise e investiga\u00e7\u00e3o aprofundadas por parte de todos os especialistas em sistemas el\u00e9ctricos da ENTSO-E\u201d, bem como a adop\u00e7\u00e3o de novas medidas para refor\u00e7ar a resili\u00eancia, segundo o relat\u00f3rio.<\/p>\n<p>Entre as medidas a implementar, os peritos destacam a necessidade de \u201cmelhorar os procedimentos e capacidades de gest\u00e3o do controlo da tens\u00e3o de todos os intervenientes activos do sistema el\u00e9ctrico\u201d de modo a evitar incidentes graves relacionados com a tens\u00e3o no futuro.<\/p>\n<p>A outra linha de actua\u00e7\u00e3o consiste em avaliar se os planos de defesa em vigor s\u00e3o capazes de proteger o sistema el\u00e9ctrico europeu contra \u201ceste novo tipo de fen\u00f3meno\u201d.<\/p>\n<p>Durante o incidente, os planos autom\u00e1ticos de resposta foram activados em Portugal e Espanha, como previsto nos regulamentos europeus, mas n\u00e3o conseguiram evitar<a href=\"https:\/\/www.publico.pt\/2025\/05\/28\/sociedade\/entrevista\/mes-apagao-dentro-meses-estaremos-preparados-reagir-blackout-2134611\" target=\"_blank\" rel=\"nofollow noopener\"> o colapso da rede.<\/a><\/p>\n<p>O relat\u00f3rio destaca, ainda assim, a rapidez e efic\u00e1cia do restabelecimento, com a REN a concluir a recupera\u00e7\u00e3o do sistema \u00e0s 0h22 de 29 de Abril e a Red El\u00e9ctrica por volta das 4h.<\/p>\n<p>Embora o prazo legal para produzir o relat\u00f3rio factual sobre o incidente seja 28 de Outubro de 2025, seis meses ap\u00f3s o incidente, o painel de peritos pretende entreg\u00e1-lo antes. Este ser\u00e1 seguido de um relat\u00f3rio final, com recomenda\u00e7\u00f5es \u00e0 Comiss\u00e3o Europeia e aos Estados-membros, que dever\u00e1 ser entregue dois a tr\u00eas meses depois.<\/p>\n","protected":false},"excerpt":{"rendered":"O Governo apresenta, nesta segunda-feira, um conjunto de medidas face ao apag\u00e3o na rede el\u00e9ctrica de 28 de&hellip;\n","protected":false},"author":2,"featured_media":5063,"comment_status":"","ping_status":"","sticky":false,"template":"","format":"standard","meta":{"footnotes":""},"categories":[83],"tags":[2877,88,89,90,2270,640,301,52,32,33],"class_list":{"0":"post-5062","1":"post","2":"type-post","3":"status-publish","4":"format-standard","5":"has-post-thumbnail","7":"category-empresas","8":"tag-apagao","9":"tag-business","10":"tag-economy","11":"tag-empresas","12":"tag-energia","13":"tag-espanha","14":"tag-governo","15":"tag-politica","16":"tag-portugal","17":"tag-pt"},"share_on_mastodon":{"url":"","error":""},"_links":{"self":[{"href":"https:\/\/www.europesays.com\/pt\/wp-json\/wp\/v2\/posts\/5062","targetHints":{"allow":["GET"]}}],"collection":[{"href":"https:\/\/www.europesays.com\/pt\/wp-json\/wp\/v2\/posts"}],"about":[{"href":"https:\/\/www.europesays.com\/pt\/wp-json\/wp\/v2\/types\/post"}],"author":[{"embeddable":true,"href":"https:\/\/www.europesays.com\/pt\/wp-json\/wp\/v2\/users\/2"}],"replies":[{"embeddable":true,"href":"https:\/\/www.europesays.com\/pt\/wp-json\/wp\/v2\/comments?post=5062"}],"version-history":[{"count":0,"href":"https:\/\/www.europesays.com\/pt\/wp-json\/wp\/v2\/posts\/5062\/revisions"}],"wp:featuredmedia":[{"embeddable":true,"href":"https:\/\/www.europesays.com\/pt\/wp-json\/wp\/v2\/media\/5063"}],"wp:attachment":[{"href":"https:\/\/www.europesays.com\/pt\/wp-json\/wp\/v2\/media?parent=5062"}],"wp:term":[{"taxonomy":"category","embeddable":true,"href":"https:\/\/www.europesays.com\/pt\/wp-json\/wp\/v2\/categories?post=5062"},{"taxonomy":"post_tag","embeddable":true,"href":"https:\/\/www.europesays.com\/pt\/wp-json\/wp\/v2\/tags?post=5062"}],"curies":[{"name":"wp","href":"https:\/\/api.w.org\/{rel}","templated":true}]}}