{"id":50621,"date":"2025-08-29T19:56:03","date_gmt":"2025-08-29T19:56:03","guid":{"rendered":"https:\/\/www.europesays.com\/pt\/50621\/"},"modified":"2025-08-29T19:56:03","modified_gmt":"2025-08-29T19:56:03","slug":"alguem-vai-morrer-em-dona-de-mim-personagem-tera-fim-tragico-apos-briga-pesada-terra","status":"publish","type":"post","link":"https:\/\/www.europesays.com\/pt\/50621\/","title":{"rendered":"Algu\u00e9m vai morrer em &#039;Dona de Mim&#039;? Personagem ter\u00e1 fim tr\u00e1gico ap\u00f3s briga pesada &#8211; Terra"},"content":{"rendered":"<ol>\n<li><a href=\"https:\/\/news.google.com\/rss\/articles\/CBMi_gFBVV95cUxOb2liWEQ2VngtNjA2Q3d1YjVHMDJGb0cxd1I4eDBYV0dLSUVaVHpxS1hjWU9ZMWw1aUlfSnQ4T3ctUDJ2cFpJOGYxSjRtRElOUEhJWnJOWjBDZndodFNVSzdoS1BxRUlxXzZQakVwcm04MFpobHJNY19ueTlrcFc1c0tVVjBha0VKeUpYcHZaRGljUmpoTEtiTTRGU0pydGFGR2VOWFhJLXM2MjdHV0VJZ0ZfSGpjOGFieEdHUG56YS1VcDZzZGZkSEFCTGNyYVozSVRrcXNOaTNEZmxBT2o0T2tnME10Um53WTdlSnJPRWtJUE0wUGN6N2ppZEZGQQ?oc=5\" target=\"_blank\" rel=\"nofollow noopener\">Algu\u00e9m vai morrer em &#8216;Dona de Mim&#8217;? Personagem ter\u00e1 fim tr\u00e1gico ap\u00f3s briga pesada<\/a>&nbsp;&nbsp;Terra<\/li>\n<li><a href=\"https:\/\/news.google.com\/rss\/articles\/CBMi1AFBVV95cUxPTU5JZmFxeXBZUlZkTWRQd3JxNlBNNnVpMTdJMDRvMlUwMHJic3JRQm5Ta1d1SzdDTm8wb2dzVFNaMzVoQXNDNjZjSUN2bWw3Vk9qOGJWMkVlaUd1ZlpzMnpMUjJKdDU3dUJMejE2MllaUXJpUGdDeHpFTklvQlNQVFlhdkxmMjNVbVllTGM2aHluMVJycm5TWWgyNjZwenlmalJkRDYtZ1A0Ml9XV3c5SkJsYkFTSkVUenQtQV9rdElaZGRZanBYNjIzU1NzWWhZSkU1c9IB4wFBVV95cUxObGlLc3ItdE5meWlobW1pWHA2UmZWbURRTkV3LXR5WnNnbEItTzM4M2pGakIweU0zQU0zdUJIVVBWeXgwS3RnT05peDQwcXZBRlA4aTVSZ3ZBdERSRzdRWnhzY1NvVHZPVjJjV0hycDhxVFFXbnZDWkQ1by1nYXNDZklTZUxvM19VRlRMNXJ1UjlUaTlPNkxkMlBIMDBtbllEZUJ3SFVGTUNEMzVfYU5zYVlQUjF5aktWd0ROVU5XZ2FiWm9nVXZXd3BiVHpJbnI0LTlZM09fbjlQZlRtX1J5b2JlWQ?oc=5\" target=\"_blank\" rel=\"nofollow noopener\">Dona de Mim: namorado de Nina agride Filipa e cai da varanda da mans\u00e3o<\/a>&nbsp;&nbsp;Gshow<\/li>\n<li><a href=\"https:\/\/news.google.com\/rss\/articles\/CBMixgFBVV95cUxOazNsem1DcHFiVGE5REFRem5keE05Z2sxSkZ1bmxnbldUYm9hamI5c25MbE1vVWdMWVNoR2ZVd2kySXBNUGt1QkF5VTJ1RXBIMkJNclFLZVUxUUtraFNFZ0ltM3E0blFuMklnRTE5TnRhOVpENm55Tkl0ODJnMzBjRDZTeFlDU3M1MkxrRlBDNjhVOGVXOTJxcDZ2ZmJCZkJOSXAyNEs0ZGtNUjVZa0RvaV8xSzU5UWRPSlVZZlpkS2M5QTYxX2fSAdQBQVVfeXFMTXB0UWVrNG9lbHdNVmIwbkJ3T3pQMlZBZ3RITjVnN1hhNHNleGdwSE9ZWk91dDhqX0dIMDhvVFp6NWhwb2FIdjJrVWNENnVEVlpyMWRna1kwcFh2MVZDTVhpUXhYUlpkRmFGOXpfYWFHVzdiTDR3TGtaaFVKQk5VX2UzdF95S0Vfa2dJNmpOV3VzbEZ6ekFkOHFhb2sydjltOExMS3VyaVlPckxoejFJX3lRTERhdXY1U0liWkk2TVlpOXNkQnUwYUM4ZmhpcF95QUVzdTE?oc=5\" target=\"_blank\" rel=\"nofollow noopener\">Dona de Mim d\u00e1 final tr\u00e1gico a personagem que acabou de entrar na novela<\/a>&nbsp;&nbsp;Not\u00edcias da TV<\/li>\n<li><a href=\"https:\/\/news.google.com\/rss\/articles\/CBMisgFBVV95cUxNRnZOaVZKNmJ6eUJFWTNNVzNjdEgzdW1BcEdQSnFvOEhsbTdfSjVUakpYOWdjQVd5MEtodi1FejI2MzRxNHVHQm1vT3pyTWx4Q3FRcW1COXZsRWpocTZmSEpJOU9KT2lpNnF3NzRiM2xlZVl5TWR1a2VRVC1QT09XeHZLNXFaYTRZSzBaa1JRR2VUTnZ3UEJxTzhqYWhNX2hKSTkzUjRjYTZXUFo1SGRKWTF3?oc=5\" target=\"_blank\" rel=\"nofollow noopener\">&#8216;Dona de Mim&#8217;: Nina descobre droga escondida por Deco e toma atitude<\/a>&nbsp;&nbsp;Jornal Correio<\/li>\n<li><a href=\"https:\/\/news.google.com\/rss\/articles\/CBMitAFBVV95cUxQZTRkNmlBNm1oUXFRemoyS0JhbDNvN19RQXZ4cTlkSDBtSkpmbHNaTWdjT2JCYlNOaXNQUFZWSFJzbm1hWnFsby1CSmtFQjJ1VmFBaEE1MFlrOXBJSUdTdkNCbHJUUEo2VFp3Z3E4alpzaFItalV0QlVDT1c5U3ZEbzRreUszczV5djlpcXBkTktTYjVUaGtkVnJqbExiNC1YRTJ1T20xZmI2eURSNG9XUW92Y0vSAbwBQVVfeXFMUHNLcXhHazMwalJrS2FsMDZGZ0g0VWJiVE1PamtxTW54MERMRE1heGNfbkJrbEF3VF9hd3ZBZDdNRkszNkZRSEVQSjJuM0ZoZzBhTnRlUktSc1IzU0M2NTBTYU1oS2x1UTVLRjByd2JkMlVGNTRsTTU0QmxScnlTcWl5N2R1NHpQN3RQaHVKMUpucFdYYU5TSVVaLUJUR3ZtX25HS0Z0UXE2WXMwLWg5T0xYMlh6STAyTlpDMlo?oc=5\" target=\"_blank\" rel=\"nofollow noopener\">&#8216;Dona de Mim&#8217;: personagem tem fim tr\u00e1gico ap\u00f3s briga armada com Jaques &#8211; iBahia<\/a>&nbsp;&nbsp;iBahia<\/li>\n<\/ol>\n","protected":false},"excerpt":{"rendered":"Algu\u00e9m vai morrer em &#8216;Dona de Mim&#8217;? Personagem ter\u00e1 fim tr\u00e1gico ap\u00f3s briga pesada&nbsp;&nbsp;Terra Dona de Mim: namorado&hellip;\n","protected":false},"author":2,"featured_media":4247,"comment_status":"","ping_status":"","sticky":false,"template":"","format":"standard","meta":{"footnotes":""},"categories":[142],"tags":[114,115,32,33,151],"class_list":{"0":"post-50621","1":"post","2":"type-post","3":"status-publish","4":"format-standard","5":"has-post-thumbnail","7":"category-tv","8":"tag-entertainment","9":"tag-entretenimento","10":"tag-portugal","11":"tag-pt","12":"tag-tv"},"share_on_mastodon":{"url":"","error":""},"_links":{"self":[{"href":"https:\/\/www.europesays.com\/pt\/wp-json\/wp\/v2\/posts\/50621","targetHints":{"allow":["GET"]}}],"collection":[{"href":"https:\/\/www.europesays.com\/pt\/wp-json\/wp\/v2\/posts"}],"about":[{"href":"https:\/\/www.europesays.com\/pt\/wp-json\/wp\/v2\/types\/post"}],"author":[{"embeddable":true,"href":"https:\/\/www.europesays.com\/pt\/wp-json\/wp\/v2\/users\/2"}],"replies":[{"embeddable":true,"href":"https:\/\/www.europesays.com\/pt\/wp-json\/wp\/v2\/comments?post=50621"}],"version-history":[{"count":0,"href":"https:\/\/www.europesays.com\/pt\/wp-json\/wp\/v2\/posts\/50621\/revisions"}],"wp:featuredmedia":[{"embeddable":true,"href":"https:\/\/www.europesays.com\/pt\/wp-json\/wp\/v2\/media\/4247"}],"wp:attachment":[{"href":"https:\/\/www.europesays.com\/pt\/wp-json\/wp\/v2\/media?parent=50621"}],"wp:term":[{"taxonomy":"category","embeddable":true,"href":"https:\/\/www.europesays.com\/pt\/wp-json\/wp\/v2\/categories?post=50621"},{"taxonomy":"post_tag","embeddable":true,"href":"https:\/\/www.europesays.com\/pt\/wp-json\/wp\/v2\/tags?post=50621"}],"curies":[{"name":"wp","href":"https:\/\/api.w.org\/{rel}","templated":true}]}}