{"id":50625,"date":"2025-08-29T19:59:13","date_gmt":"2025-08-29T19:59:13","guid":{"rendered":"https:\/\/www.europesays.com\/pt\/50625\/"},"modified":"2025-08-29T19:59:13","modified_gmt":"2025-08-29T19:59:13","slug":"por-vezes-quero-ficar-20-anos-no-man-united-noutros-momentos-quero-sair","status":"publish","type":"post","link":"https:\/\/www.europesays.com\/pt\/50625\/","title":{"rendered":"\u00abPor vezes quero ficar 20 anos no Man United, noutros momentos quero sair\u00bb"},"content":{"rendered":"<p style=\"margin-bottom:11px\">Ap\u00f3s derrota e empate com Arsenal e Fulham para a Premier League, e a elimina\u00e7\u00e3o na Ta\u00e7a da Liga no reduto do Grimsby Town, o Manchester United centra aten\u00e7\u00f5es na rece\u00e7\u00e3o ao Burnley. Na tarde desta sexta-feira, em confer\u00eancia de imprensa, Ruben Amorim abordou v\u00e1rios assuntos, entre os quais a vontade de permanecer no clube.<\/p>\n<p>\u00abPor vezes quero ficar 20 anos, noutros momentos quero sair. \u00c9 a minha forma de estar. Quando tivermos uma derrota como aquela contra o Grimsby, vou reagir daquela forma. Por vezes gosto de estar com os jogadores, noutras ocasi\u00f5es n\u00e3o quero estar com eles. As atitudes geram sempre consequ\u00eancias, h\u00e1 sempre o lado inverso da moeda. Preciso tamb\u00e9m de melhorar na minha postura e forma de comunicar. Mas, o foco, agora, est\u00e1 no pr\u00f3ximo jogo.\u00bb<\/p>\n<p>\u00abKobbie Mainoo? N\u00e3o posso comentar muito, mas quero que ele fique, quero que ele lute pelo seu lugar entre os titulares. Precisamos dele e esse dossier n\u00e3o vai mudar. Quanto ao Garnacho e Hojlund, n\u00e3o sei como v\u00e3o essas situa\u00e7\u00f5es terminar. Percebo que os jogadores querem jogar mais, mas todos ter\u00e3o oportunidades, devem trabalhar durante a semana\u00bb, atirou.<\/p>\n<p>O Man United, 16.\u00ba classificado com um ponto, recebe o Burnley (11.\u00ba) na tarde deste s\u00e1bado (15h).<\/p>\n","protected":false},"excerpt":{"rendered":"Ap\u00f3s derrota e empate com Arsenal e Fulham para a Premier League, e a elimina\u00e7\u00e3o na Ta\u00e7a da&hellip;\n","protected":false},"author":2,"featured_media":50626,"comment_status":"","ping_status":"","sticky":false,"template":"","format":"standard","meta":{"footnotes":""},"categories":[87],"tags":[135,665,82,13330,436,46,40,664,663,41,32,666,33,47,1052,134,35],"class_list":{"0":"post-50625","1":"post","2":"type-post","3":"status-publish","4":"format-standard","5":"has-post-thumbnail","7":"category-desporto","8":"tag-desporto","9":"tag-inglaterra","10":"tag-internacional","11":"tag-kobbie-mainoo","12":"tag-made-in","13":"tag-maisfutebol","14":"tag-maistransferencias","15":"tag-man-united","16":"tag-manchester-united","17":"tag-mercado-de-transferencias","18":"tag-portugal","19":"tag-premier-league","20":"tag-pt","21":"tag-pura-paixao","22":"tag-ruben-amorim","23":"tag-sports","24":"tag-transferencias"},"share_on_mastodon":{"url":"","error":""},"_links":{"self":[{"href":"https:\/\/www.europesays.com\/pt\/wp-json\/wp\/v2\/posts\/50625","targetHints":{"allow":["GET"]}}],"collection":[{"href":"https:\/\/www.europesays.com\/pt\/wp-json\/wp\/v2\/posts"}],"about":[{"href":"https:\/\/www.europesays.com\/pt\/wp-json\/wp\/v2\/types\/post"}],"author":[{"embeddable":true,"href":"https:\/\/www.europesays.com\/pt\/wp-json\/wp\/v2\/users\/2"}],"replies":[{"embeddable":true,"href":"https:\/\/www.europesays.com\/pt\/wp-json\/wp\/v2\/comments?post=50625"}],"version-history":[{"count":0,"href":"https:\/\/www.europesays.com\/pt\/wp-json\/wp\/v2\/posts\/50625\/revisions"}],"wp:featuredmedia":[{"embeddable":true,"href":"https:\/\/www.europesays.com\/pt\/wp-json\/wp\/v2\/media\/50626"}],"wp:attachment":[{"href":"https:\/\/www.europesays.com\/pt\/wp-json\/wp\/v2\/media?parent=50625"}],"wp:term":[{"taxonomy":"category","embeddable":true,"href":"https:\/\/www.europesays.com\/pt\/wp-json\/wp\/v2\/categories?post=50625"},{"taxonomy":"post_tag","embeddable":true,"href":"https:\/\/www.europesays.com\/pt\/wp-json\/wp\/v2\/tags?post=50625"}],"curies":[{"name":"wp","href":"https:\/\/api.w.org\/{rel}","templated":true}]}}