{"id":506263,"date":"2026-08-31T09:10:22","date_gmt":"2026-08-31T09:10:22","guid":{"rendered":"https:\/\/www.europesays.com\/pt\/506263\/"},"modified":"2026-08-31T09:10:22","modified_gmt":"2026-08-31T09:10:22","slug":"fatima-turista-espanhola-morre-em-incendio-num-hotel-observador","status":"publish","type":"post","link":"https:\/\/www.europesays.com\/pt\/506263\/","title":{"rendered":"F\u00e1tima. Turista espanhola morre em inc\u00eandio num hotel \u2013 Observador"},"content":{"rendered":"<p>Uma turista espanhola morreu esta segunda-feira de madrugada num inc\u00eandio num hotel na cidade de F\u00e1tima, que obrigou \u00e0 retirada de 53 pessoas da unidade, disseram \u00e0 ag\u00eancia Lusa fontes da Prote\u00e7\u00e3o Civil.<\/p>\n<p>Segundo fonte dos Bombeiros Volunt\u00e1rios de F\u00e1tima, a v\u00edtima mortal \u00e9 uma mulher com cerca de 60 anos que estava integrada num grupo de nacionalidade espanhola alojado no hotel.<\/p>\n<p><strong>\u201cO inc\u00eandio ficou circunscrito ao quarto\u201d<\/strong>, adiantou a mesma fonte.<\/p>\n<p>De acordo com o Comando Sub-regional de Emerg\u00eancia e Prote\u00e7\u00e3o Civil do M\u00e9dio Tejo, o alerta para o inc\u00eandio chegou \u00e0s autoridades \u00e0s 0h39 e foi extinto \u00e0s 1h06.<\/p>\n<p>Ao local acorreram meios dos bombeiros volunt\u00e1rios de F\u00e1tima e de Our\u00e9m, Instituto Nacional de Emerg\u00eancia M\u00e9dica, Guarda Nacional Republicana e Pol\u00edcia Judici\u00e1ria, com 28 operacionais e 10 viaturas.<\/p>\n<p>O inc\u00eandio obrigou \u00e0 retirada de 53 pessoas da unidade hoteleira, referiu o Comando Sub-regional.<\/p>\n<p>As autoridades est\u00e3o a investigar as causas do inc\u00eandio.<\/p>\n","protected":false},"excerpt":{"rendered":"Uma turista espanhola morreu esta segunda-feira de madrugada num inc\u00eandio num hotel na cidade de F\u00e1tima, que obrigou&hellip;\n","protected":false},"author":2,"featured_media":506264,"comment_status":"","ping_status":"","sticky":false,"template":"","format":"standard","meta":{"footnotes":"","_share_on_mastodon":"0"},"categories":[10],"tags":[59,27,28,640,445,15,16,9761,14,2005,25,26,21,22,62,12,13,19,20,57,32,23,24,33,58,17,18,29,30,31],"class_list":["post-506263","post","type-post","status-publish","format-standard","has-post-thumbnail","category-portugal","tag-acidente","tag-breaking-news","tag-breakingnews","tag-espanha","tag-europa","tag-featured-news","tag-featurednews","tag-fu00e1tima","tag-headlines","tag-incu00eandios","tag-latest-news","tag-latestnews","tag-main-news","tag-mainnews","tag-mundo","tag-news","tag-noticias","tag-noticias-principais","tag-noticiasprincipais","tag-pau00eds","tag-portugal","tag-principais-noticias","tag-principaisnoticias","tag-pt","tag-sociedade","tag-top-stories","tag-topstories","tag-ultimas","tag-ultimas-noticias","tag-ultimasnoticias"],"share_on_mastodon":{"url":"https:\/\/pubeurope.com\/@pt\/117189347063009719","error":""},"_links":{"self":[{"href":"https:\/\/www.europesays.com\/pt\/wp-json\/wp\/v2\/posts\/506263","targetHints":{"allow":["GET"]}}],"collection":[{"href":"https:\/\/www.europesays.com\/pt\/wp-json\/wp\/v2\/posts"}],"about":[{"href":"https:\/\/www.europesays.com\/pt\/wp-json\/wp\/v2\/types\/post"}],"author":[{"embeddable":true,"href":"https:\/\/www.europesays.com\/pt\/wp-json\/wp\/v2\/users\/2"}],"replies":[{"embeddable":true,"href":"https:\/\/www.europesays.com\/pt\/wp-json\/wp\/v2\/comments?post=506263"}],"version-history":[{"count":0,"href":"https:\/\/www.europesays.com\/pt\/wp-json\/wp\/v2\/posts\/506263\/revisions"}],"wp:featuredmedia":[{"embeddable":true,"href":"https:\/\/www.europesays.com\/pt\/wp-json\/wp\/v2\/media\/506264"}],"wp:attachment":[{"href":"https:\/\/www.europesays.com\/pt\/wp-json\/wp\/v2\/media?parent=506263"}],"wp:term":[{"taxonomy":"category","embeddable":true,"href":"https:\/\/www.europesays.com\/pt\/wp-json\/wp\/v2\/categories?post=506263"},{"taxonomy":"post_tag","embeddable":true,"href":"https:\/\/www.europesays.com\/pt\/wp-json\/wp\/v2\/tags?post=506263"}],"curies":[{"name":"wp","href":"https:\/\/api.w.org\/{rel}","templated":true}]}}