{"id":506265,"date":"2026-08-31T09:11:19","date_gmt":"2026-08-31T09:11:19","guid":{"rendered":"https:\/\/www.europesays.com\/pt\/506265\/"},"modified":"2026-08-31T09:11:19","modified_gmt":"2026-08-31T09:11:19","slug":"referendo-uniao-europeia-respeita-nao-da-islandia-e-primeira-ministra-fala-em-vitoria-para-a-democracia","status":"publish","type":"post","link":"https:\/\/www.europesays.com\/pt\/506265\/","title":{"rendered":"Referendo. Uni\u00e3o Europeia respeita \u201cn\u00e3o\u201d da Isl\u00e2ndia e primeira-ministra fala em &#8220;vit\u00f3ria para a democracia&#8221;"},"content":{"rendered":"<p>        Na base deste referendo estava a reabertura das negocia\u00e7\u00f5es de ades\u00e3o \u00e0 Uni\u00e3o Europeia, tendo 52,8% dos islandeses respondido \u201cn\u00e3o\u201d e 47,2% \u201csim\u201d. O presidente do Conselho Europeu, Ant\u00f3nio Costa, refere que \u201ca Isl\u00e2ndia continua a ser um dos parceiros de maior confian\u00e7a da UE, atrav\u00e9s do Espa\u00e7o Econ\u00f3mico Europeu\u201d. Primeira-ministra islandesa, Kristr\u00fan Frostad\u00f3ttir \u00e9 pragm\u00e1tica e diz que \u201ceste Governo n\u00e3o retomar\u00e1 as negocia\u00e7\u00f5es de ades\u00e3o durante esta legislatura\u201d.    <\/p>\n<p>A Isl\u00e2ndia rejeitou a reabertura das negocia\u00e7\u00f5es de ades\u00e3o \u00e0 Uni\u00e3o Europeia (UE), num referendo que decorreu no \u00faltimo fim de semana, tendo as vota\u00e7\u00f5es finais sido conhecidas no domingo 30, de agosto. \u00c0 pergunta \u201cA Isl\u00e2ndia deve reabrir as negocia\u00e7\u00f5es de ades\u00e3o com a Uni\u00e3o Europeia?\u201d, 52,8% (118.040 votos) dos islandeses responderam \u201cn\u00e3o\u201d e 47,2% (105.339 votos) \u201csim\u201d, divulgados a televis\u00e3o p\u00fablica \u201cR\u00daV\u201d, recusando a retoma de um processo de ades\u00e3o que tinha sido suspenso em 2013.<\/p>\n<p>Apesar da Isl\u00e2ndia j\u00e1 estar integrada na Uni\u00e3o Europeia atrav\u00e9s dos espa\u00e7os Schengen e Econ\u00f3mico Europeu este resultado acaba por ser um rev\u00e9s estrat\u00e9gico para a UE pela aproxima\u00e7\u00e3o do presidente dos Estados Unidos, Donald Trump ao Atl\u00e2ntico Norte, com controlo das pescas e da agricultura, que pesam 40% das exporta\u00e7\u00f5es, bem como o interesse em adjudicar a Gronel\u00e2ndia.<\/p>\n<p class=\"text-paragraph\">O territ\u00f3rio aut\u00f3nomo dinamarqu\u00eas vizinho da Isl\u00e2ndia ganhou import\u00e2ncia numa altura em que o \u00c1rtico \u00e9 muito cobi\u00e7ado devido aos minerais raros e novas rotas comerciais. As amea\u00e7as de Trump tiveram um impacto muito particular na Isl\u00e2ndia, cuja defesa \u00e9 assegurada pelos Estados Unidos e pela NATO.<\/p>\n<p>Argumentos que para os votantes do \u201csim\u201d, demonstravam que perante a postura dos Estados Unidos a Isl\u00e2ndia estaria mais segura dentro da Uni\u00e3o Europeia. No entanto, a vit\u00f3ria do \u201cn\u00e3o\u201d revela que para a maioria da popula\u00e7\u00e3o, esses argumentos ainda n\u00e3o foram suficientemente fortes para superar as preocupa\u00e7\u00f5es com a soberania e o controlo nacional.<\/p>\n<p class=\"text-paragraph\">Recorde-se que a Isl\u00e2ndia tinha apresentado a candidatura de ades\u00e3o \u00e0 UE na sequ\u00eancia da crise financeira global de 2008, que levou ao colapso do setor banc\u00e1rio do pa\u00eds, sobrecarregado pela d\u00edvida soberana, mas \u00a0altura, a quest\u00e3o n\u00e3o foi levada a referendo.<\/p>\n<p class=\"text-paragraph\">No entanto, ap\u00f3s anos de negocia\u00e7\u00f5es, com a chegada ao poder de uma coliga\u00e7\u00e3o euroc\u00e9tica, Reiquiavique enviou em 2015 uma carta a Bruxelas a informar que j\u00e1 n\u00e3o tencionava aderir ao bloco comunit\u00e1rio.<\/p>\n<p><strong>\u201cGoverno respeita e fala em \u201cvit\u00f3ria para a democracia\u201d<\/strong><\/p>\n<p>Esta recusa da Isl\u00e2ndia em integrar a UE congela qualquer discuss\u00e3o sobre uma ades\u00e3o islandesa pelo menos at\u00e9 2028, altura em que termina a legislatura do governo de centro-esquerda da primeira-ministra social-democrata, Kristrun Frostadottir.<\/p>\n<p>\u201cQuero ser absolutamente clara: este Governo n\u00e3o retomar\u00e1 as negocia\u00e7\u00f5es de ades\u00e3o durante esta legislatura\u201d, afirmou a primeira-ministra, em confer\u00eancia de imprensa, citada pela AFP, depois de terem sido conhecidos os resultados da vota\u00e7\u00e3o.<\/p>\n<p>De resto, Kristr\u00fan Frostad\u00f3ttir, considerou que a recusa decidida em referendo na Isl\u00e2ndia para retomar as negocia\u00e7\u00f5es para aderir \u00e0 Uni\u00e3o Europeia foi \u201cuma vit\u00f3ria para a democracia\u201d e n\u00e3o \u201cum rev\u00e9s\u201d, sendo que antes da vota\u00e7\u00e3o havia real\u00e7ado que os islandeses deviam olhar para este referendo como uma oportunidade e n\u00e3o como uma decis\u00e3o definitiva.<\/p>\n<p><strong>UE aponta Isl\u00e2ndia como \u201cparceiro pr\u00f3ximo\u201d<\/strong><\/p>\n<p>Da parte da Uni\u00e3o Europeia este resultado foi encarado com respeito e um refor\u00e7ar da ideia de que a Isl\u00e2ndia continua a ser um dos parceiros mais pr\u00f3ximos e de maior confian\u00e7a dos 27 Estados-membro.<\/p>\n<p>O presidente do Conselho Europeu, Ant\u00f3nio Costa, sublinhou, atrav\u00e9s do seu porta-voz, citado pela Efe, que \u201ca UE respeita plenamente a decis\u00e3o democr\u00e1tica do povo island\u00eas\u201d e reiterou que a Isl\u00e2ndia \u201ccontinua a ser um dos parceiros mais pr\u00f3ximos e de maior confian\u00e7a da UE\u201d, nomeadamente atrav\u00e9s do Espa\u00e7o Econ\u00f3mico Europeu.<\/p>\n<p class=\"text-paragraph\">Segundo o porta-voz, Ant\u00f3nio Costa trocou mensagens com a primeira-ministra da Isl\u00e2ndia, Kristr\u00fan Frostad\u00f3ttir, tendo ambos manifestado \u201co desejo de continuar a refor\u00e7ar as rela\u00e7\u00f5es entre a UE e a Isl\u00e2ndia\u201d.<\/p>\n","protected":false},"excerpt":{"rendered":"Na base deste referendo estava a reabertura das negocia\u00e7\u00f5es de ades\u00e3o \u00e0 Uni\u00e3o Europeia, tendo 52,8% dos islandeses&hellip;\n","protected":false},"author":2,"featured_media":506266,"comment_status":"","ping_status":"","sticky":false,"template":"","format":"standard","meta":{"footnotes":"","_share_on_mastodon":"0"},"categories":[8],"tags":[27,28,4105,15,16,14,8282,25,26,21,22,12,13,19,20,32,23,24,33,35982,17,18,1977,29,30,31,636],"class_list":["post-506265","post","type-post","status-publish","format-standard","has-post-thumbnail","category-principais-noticias","tag-breaking-news","tag-breakingnews","tag-eu","tag-featured-news","tag-featurednews","tag-headlines","tag-islandia","tag-latest-news","tag-latestnews","tag-main-news","tag-mainnews","tag-news","tag-noticias","tag-noticias-principais","tag-noticiasprincipais","tag-portugal","tag-principais-noticias","tag-principaisnoticias","tag-pt","tag-referendo","tag-top-stories","tag-topstories","tag-ue","tag-ultimas","tag-ultimas-noticias","tag-ultimasnoticias","tag-uniao-europeia"],"share_on_mastodon":{"url":"https:\/\/pubeurope.com\/@pt\/117189351055122943","error":""},"_links":{"self":[{"href":"https:\/\/www.europesays.com\/pt\/wp-json\/wp\/v2\/posts\/506265","targetHints":{"allow":["GET"]}}],"collection":[{"href":"https:\/\/www.europesays.com\/pt\/wp-json\/wp\/v2\/posts"}],"about":[{"href":"https:\/\/www.europesays.com\/pt\/wp-json\/wp\/v2\/types\/post"}],"author":[{"embeddable":true,"href":"https:\/\/www.europesays.com\/pt\/wp-json\/wp\/v2\/users\/2"}],"replies":[{"embeddable":true,"href":"https:\/\/www.europesays.com\/pt\/wp-json\/wp\/v2\/comments?post=506265"}],"version-history":[{"count":0,"href":"https:\/\/www.europesays.com\/pt\/wp-json\/wp\/v2\/posts\/506265\/revisions"}],"wp:featuredmedia":[{"embeddable":true,"href":"https:\/\/www.europesays.com\/pt\/wp-json\/wp\/v2\/media\/506266"}],"wp:attachment":[{"href":"https:\/\/www.europesays.com\/pt\/wp-json\/wp\/v2\/media?parent=506265"}],"wp:term":[{"taxonomy":"category","embeddable":true,"href":"https:\/\/www.europesays.com\/pt\/wp-json\/wp\/v2\/categories?post=506265"},{"taxonomy":"post_tag","embeddable":true,"href":"https:\/\/www.europesays.com\/pt\/wp-json\/wp\/v2\/tags?post=506265"}],"curies":[{"name":"wp","href":"https:\/\/api.w.org\/{rel}","templated":true}]}}