{"id":506309,"date":"2026-08-31T10:06:17","date_gmt":"2026-08-31T10:06:17","guid":{"rendered":"https:\/\/www.europesays.com\/pt\/506309\/"},"modified":"2026-08-31T10:06:17","modified_gmt":"2026-08-31T10:06:17","slug":"mais-longe-do-que-nunca-assim-e-a-nova-vida-de-diana-chaves-sem-cesar-peixoto-nacional","status":"publish","type":"post","link":"https:\/\/www.europesays.com\/pt\/506309\/","title":{"rendered":"Mais longe do que nunca! Assim \u00e9 a nova vida de Diana Chaves sem C\u00e9sar Peixoto &#8211; Nacional"},"content":{"rendered":"<p class=\"\">&#13;<br \/>\n        <b>C\u00e9sar Peixoto<\/b> trocou Portugal por Inglaterra e a mudan\u00e7a trouxe uma nova realidade \u00e0 vida de <b>Diana Chaves<\/b>. A apresentadora da SIC foi obrigada a ficar em Lisboa e, de repente, a rotina do casal ganhou muitos mais quil\u00f3metros pelo meio. Explicamos as raz\u00f5es para toda esta reviravolta.&#13;\n    <\/p>\n<p class=\"\">&#13;<br \/>\n        Aos 45 anos, Diana Chaves<b> continua ligada \u00e0 televis\u00e3o e mant\u00e9m em Portugal <\/b>a vida que construiu ao longo dos anos. \u00c9 aqui que est\u00e3o o trabalho, a casa e, sobretudo,<b> Pilar, a filha que tem em comum com C\u00e9sar<\/b>. S\u00f3 que o treinador assumiu um novo desafio profissional em Inglaterra. Uma decis\u00e3o importante para a carreira, mas que tamb\u00e9m obriga o casal &#8211; e a fam\u00edlia &#8211; a adaptar-se a uma din\u00e2mica diferente daquela a que estava habituado.&#13;\n    <\/p>\n<p class=\"\">&#13;<br \/>\n        A dist\u00e2ncia, contudo, n\u00e3o \u00e9 propriamente uma novidade para os dois. A profiss\u00e3o de C\u00e9sar j\u00e1 os obrigou anteriormente a passar per\u00edodos separados, sobretudo quando o treinador assumia projetos longe de casa. A diferen\u00e7a \u00e9 que, desta vez, h\u00e1 fronteiras e o mar pelo meio e uma viagem de avi\u00e3o sempre que quiserem estar juntos.&#13;\n    <\/p>\n<p class=\"\">&#13;<br \/>\n        Diana nunca escondeu que a aus\u00eancia faz parte da vida de quem acompanha um profissional do futebol. Est\u00e3o juntos h\u00e1 cerca de duas d\u00e9cadas e conhecem bem as exig\u00eancias de uma carreira no futebol, com mudan\u00e7as de cidade, hor\u00e1rios pouco convencionais e per\u00edodos em que a profiss\u00e3o acaba por ocupar grande parte do tempo. &#13;\n    <\/p>\n<p class=\"\">&#13;<br \/>\n        Em entrevistas anteriores, Diana Chaves chegou mesmo a defender que a saudade pode ter um lado positivo numa rela\u00e7\u00e3o e que \u00e9 preciso encontrar formas de manter a proximidade apesar da dist\u00e2ncia.&#13;\n    <\/p>\n<p class=\"\">&#13;<br \/>\n        Mas a filha Pilar, agora adolescente, \u00e9 naturalmente a maior prioridade de Diana e de C\u00e9sar. Ao longo dos anos, a apresentadora tem procurado proteger a filha da exposi\u00e7\u00e3o medi\u00e1tica e manter alguma normalidade dentro de uma fam\u00edlia que passa por estas dist\u00e2ncias impostas pelo trabalho.\u00a0&#13;\n    <\/p>\n<p>        &#13;<br \/>\n            Saber mais sobre&#13;<br \/>\n            &#13;<br \/>\n            &#13;<\/p>\n<p>    &#13;<br \/>\n        &#13;<br \/>\n        &#13;<br \/>\n&#13;<\/p>\n","protected":false},"excerpt":{"rendered":"&#13; C\u00e9sar Peixoto trocou Portugal por Inglaterra e a mudan\u00e7a trouxe uma nova realidade \u00e0 vida de Diana&hellip;\n","protected":false},"author":2,"featured_media":506310,"comment_status":"","ping_status":"","sticky":false,"template":"","format":"standard","meta":{"footnotes":"","_share_on_mastodon":"0"},"categories":[87],"tags":[10855,135,13986,53319,665,797,3893,32,17727,33,1751,134,218],"class_list":["post-506309","post","type-post","status-publish","format-standard","has-post-thumbnail","category-desporto","tag-cesar-peixoto","tag-desporto","tag-diana-chaves","tag-distancia","tag-inglaterra","tag-lisboa","tag-mudanca","tag-portugal","tag-profissao","tag-pt","tag-sic","tag-sports","tag-televisao"],"share_on_mastodon":{"url":"https:\/\/pubeurope.com\/@pt\/117189567227689210","error":""},"_links":{"self":[{"href":"https:\/\/www.europesays.com\/pt\/wp-json\/wp\/v2\/posts\/506309","targetHints":{"allow":["GET"]}}],"collection":[{"href":"https:\/\/www.europesays.com\/pt\/wp-json\/wp\/v2\/posts"}],"about":[{"href":"https:\/\/www.europesays.com\/pt\/wp-json\/wp\/v2\/types\/post"}],"author":[{"embeddable":true,"href":"https:\/\/www.europesays.com\/pt\/wp-json\/wp\/v2\/users\/2"}],"replies":[{"embeddable":true,"href":"https:\/\/www.europesays.com\/pt\/wp-json\/wp\/v2\/comments?post=506309"}],"version-history":[{"count":0,"href":"https:\/\/www.europesays.com\/pt\/wp-json\/wp\/v2\/posts\/506309\/revisions"}],"wp:featuredmedia":[{"embeddable":true,"href":"https:\/\/www.europesays.com\/pt\/wp-json\/wp\/v2\/media\/506310"}],"wp:attachment":[{"href":"https:\/\/www.europesays.com\/pt\/wp-json\/wp\/v2\/media?parent=506309"}],"wp:term":[{"taxonomy":"category","embeddable":true,"href":"https:\/\/www.europesays.com\/pt\/wp-json\/wp\/v2\/categories?post=506309"},{"taxonomy":"post_tag","embeddable":true,"href":"https:\/\/www.europesays.com\/pt\/wp-json\/wp\/v2\/tags?post=506309"}],"curies":[{"name":"wp","href":"https:\/\/api.w.org\/{rel}","templated":true}]}}