{"id":506313,"date":"2026-08-31T10:15:34","date_gmt":"2026-08-31T10:15:34","guid":{"rendered":"https:\/\/www.europesays.com\/pt\/506313\/"},"modified":"2026-08-31T10:15:34","modified_gmt":"2026-08-31T10:15:34","slug":"com-joao-monteiro-cristina-ferreira-mostra-como-passou-fim-do-dia-a-paz-que-nao-tem-preco","status":"publish","type":"post","link":"https:\/\/www.europesays.com\/pt\/506313\/","title":{"rendered":"Com Jo\u00e3o Monteiro, Cristina Ferreira mostra como passou fim do dia: &#8220;A paz que n\u00e3o tem pre\u00e7o&#8221;"},"content":{"rendered":"<p>Com uma nova semana de trabalho \u00e0 vista, Cristina Ferreira n\u00e3o se despediu do fim de semana sem um plano a dois com o companheiro, <a href=\"https:\/\/selfie.iol.pt\/famosos\/cristina-ferreira\/ao-lado-de-joao-monteiro-cristina-ferreira-comeca-fim-de-semana-da-melhor-forma-o-meu-amor\/20260829\/6a92b7e2d34ed0733ba82624\" target=\"_blank\" rel=\"nofollow noopener\">Jo\u00e3o Monteiro<\/a>.<\/p>\n<p>Neste domingo, a apresentadora e Diretora de Entretenimento e Fic\u00e7\u00e3o da <a href=\"https:\/\/tvi.iol.pt\/\" target=\"_blank\" rel=\"nofollow noopener\">TVI<\/a> partilhou com os seguidores do Instagram fotografias que mostram como foram vividas as \u00faltimas horas deste dia.<\/p>\n<p>&#8220;Fiz um jantar incr\u00edvel (receita no carrossel) e, de seguida, fomos caminhar no campo. A paz que n\u00e3o tem pre\u00e7o&#8221;, escreveu Cristina Ferreira, dividindo com os f\u00e3s registos dela e do treinador de t\u00e9nis, bem como da refei\u00e7\u00e3o que confecionou.<\/p>\n<p>Veja, agora, na galeria que prepar\u00e1mos para si, as imagens partilhadas por <a href=\"https:\/\/selfie.iol.pt\/famosos\/cristina-ferreira\/esta-e-uma-das-coisas-mais-felizes-da-vida-de-cristina-ferreira-veja-a-imagem\/20260828\/6a915b730cf2b42132dbf4b0\" target=\"_blank\" rel=\"nofollow noopener\">Cristina Ferreira<\/a>.<\/p>\n","protected":false},"excerpt":{"rendered":"Com uma nova semana de trabalho \u00e0 vista, Cristina Ferreira n\u00e3o se despediu do fim de semana sem&hellip;\n","protected":false},"author":2,"featured_media":506314,"comment_status":"","ping_status":"","sticky":false,"template":"","format":"standard","meta":{"footnotes":"","_share_on_mastodon":"0"},"categories":[145],"tags":[3539,211,210,24948,166,11829,114,115,980,1015,6470,619,7399,32,33,1012,17632,162],"class_list":["post-506313","post","type-post","status-publish","format-standard","has-post-thumbnail","category-celebridades","tag-apresentadora","tag-celebridades","tag-celebrities","tag-companheiro","tag-cristina-ferreira","tag-diretora-de-entretenimento-e-ficcao-da-tvi","tag-entertainment","tag-entretenimento","tag-famosos","tag-instagram","tag-joao-monteiro","tag-nacional","tag-namorado","tag-portugal","tag-pt","tag-selfie","tag-treinador-de-tenis","tag-tvi"],"share_on_mastodon":{"url":"https:\/\/pubeurope.com\/@pt\/117189602611348442","error":""},"_links":{"self":[{"href":"https:\/\/www.europesays.com\/pt\/wp-json\/wp\/v2\/posts\/506313","targetHints":{"allow":["GET"]}}],"collection":[{"href":"https:\/\/www.europesays.com\/pt\/wp-json\/wp\/v2\/posts"}],"about":[{"href":"https:\/\/www.europesays.com\/pt\/wp-json\/wp\/v2\/types\/post"}],"author":[{"embeddable":true,"href":"https:\/\/www.europesays.com\/pt\/wp-json\/wp\/v2\/users\/2"}],"replies":[{"embeddable":true,"href":"https:\/\/www.europesays.com\/pt\/wp-json\/wp\/v2\/comments?post=506313"}],"version-history":[{"count":0,"href":"https:\/\/www.europesays.com\/pt\/wp-json\/wp\/v2\/posts\/506313\/revisions"}],"wp:featuredmedia":[{"embeddable":true,"href":"https:\/\/www.europesays.com\/pt\/wp-json\/wp\/v2\/media\/506314"}],"wp:attachment":[{"href":"https:\/\/www.europesays.com\/pt\/wp-json\/wp\/v2\/media?parent=506313"}],"wp:term":[{"taxonomy":"category","embeddable":true,"href":"https:\/\/www.europesays.com\/pt\/wp-json\/wp\/v2\/categories?post=506313"},{"taxonomy":"post_tag","embeddable":true,"href":"https:\/\/www.europesays.com\/pt\/wp-json\/wp\/v2\/tags?post=506313"}],"curies":[{"name":"wp","href":"https:\/\/api.w.org\/{rel}","templated":true}]}}