{"id":506357,"date":"2026-08-31T11:49:35","date_gmt":"2026-08-31T11:49:35","guid":{"rendered":"https:\/\/www.europesays.com\/pt\/506357\/"},"modified":"2026-08-31T11:49:35","modified_gmt":"2026-08-31T11:49:35","slug":"com-25-cirurgias-no-rosto-morador-de-sc-que-venceu-o-cancer-de-pele-luta-para-voltar-a-respirar","status":"publish","type":"post","link":"https:\/\/www.europesays.com\/pt\/506357\/","title":{"rendered":"Com 25 cirurgias no rosto, morador de SC que venceu o c\u00e2ncer de pele luta para voltar a respirar"},"content":{"rendered":"<p>  <img class=\"content-first-image wp-image-2996960 size-large\" loading=\"eager\" decoding=\"sync\" fetchpriority=\"high\" src=\"https:\/\/www.europesays.com\/pt\/wp-content\/uploads\/2026\/08\/cancer-de-pele-2-1300x731.jpg\" alt=\"A esposa M\u00e1rcia Ines Allas e Claudir Marcos Hergessel, que j\u00e1 venceu o c\u00e2ncer de pele.\" width=\"1286\" height=\"723\"  \/>A esposa M\u00e1rcia Ines Allas e Claudir Marcos Hergessel, que j\u00e1 venceu o c\u00e2ncer de pele.Foto: Arquivo pessoal\/ND Mais<\/p>\n<p>Um pequeno acidente durante a montagem de um m\u00f3vel, aos 25 anos, <a href=\"https:\/\/ndmais.com.br\/comportamento\/ainda-nao-me-reconheco-doula-de-sc-passa-por-reconstrucao-facial-e-inspira-na-rede\/\" rel=\"nofollow noopener\" target=\"_blank\">mudou para sempre a trajet\u00f3ria<\/a> de Claudir Marcos Hergessel, em S\u00e3o Louren\u00e7o do Oeste, no Oeste catarinense. Ao bater a porta do arm\u00e1rio no <a href=\"https:\/\/ndmais.com.br\/comportamento\/soltei-o-cinto-pela-minha-filha-doula-de-sc-revela-o-que-causou-reconstrucao-facial\/\" rel=\"nofollow noopener\" target=\"_blank\">canto do nariz<\/a>, o que parecia apenas um machucado corriqueiro transformou-se em uma ferida persistente.<\/p>\n<p><a href=\"https:\/\/ndmais.com.br\/saude\/menino-de-7-anos-enfrenta-corrida-contra-o-tempo-por-tratamento-de-r-2-milhoes-em-sc\/\" rel=\"nofollow noopener\" target=\"_blank\">O diagn\u00f3stico<\/a> veio em 2005: carcinoma basocelular, um tipo de c\u00e2ncer de pele comum, mas que no corpo de Claudir agia de forma devastadora e agressiva, crescendo em um m\u00eas o que levaria anos em outros pacientes.<\/p>\n<p>A luta contra o c\u00e2ncer de pele agressivo e as 25 cirurgias<img class=\"size-large wp-image-2996968\" loading=\"lazy\" decoding=\"async\" src=\"https:\/\/www.europesays.com\/pt\/wp-content\/uploads\/2026\/08\/cancer-de-pele-6-1300x731.jpg\" alt=\"O diagn\u00f3stico veio em 2005: carcinoma basocelular, um tipo de c\u00e2ncer de pele comum.Foto: Arquivo pessoal\/ND Mais\" width=\"1286\" height=\"723\"  \/>O diagn\u00f3stico veio em 2005: carcinoma basocelular, um tipo de c\u00e2ncer de pele comum.Foto: Arquivo pessoal\/ND Mais<\/p>\n<p>Hoje, aos 46 anos e aposentado por invalidez, o morador de S\u00e3o Louren\u00e7o do Oeste, carrega na pele e na rotina as marcas de uma batalha que j\u00e1 dura 21 anos.<\/p>\n<p><a class=\"cta-discover d-flex justify-content-between align-items-center w-100\" target=\"_blank\" rel=\"nofollow noopner noopener\" href=\"https:\/\/profile.google.com\/cp\/Cg0vZy8xMXZ5cjY4NHho\">   Fa\u00e7a como milh\u00f5es de leitores informados: siga o ND Mais no Google.  Seguir<\/a> <\/p>\n<p>O tumor reapareceu, exigindo um hist\u00f3rico impressionante de 25 procedimentos cir\u00fargicos para conter o avan\u00e7o da doen\u00e7a e reconstruir tecidos.<\/p>\n<blockquote>\n<p>\u201cN\u00e3o foi f\u00e1cil, mas nunca desisti\u201d, revela Claudir ao comentar sobre os procedimentos.<\/p>\n<\/blockquote>\n<p>O momento mais cr\u00edtico ocorreu em 2017, quando o c\u00e2ncer atingiu uma regi\u00e3o profunda entre os olhos e o c\u00e9rebro.<\/p>\n<p><img class=\"size-large wp-image-2996962\" loading=\"lazy\" decoding=\"async\" src=\"https:\/\/www.europesays.com\/pt\/wp-content\/uploads\/2026\/08\/cancer-de-pele-3-1300x731.jpg\" alt=\"Claudir carrega na pele e na rotina as marcas de uma batalha que j\u00e1 dura 21 anos.Foto: Arquivo pessoal\/ND Mais\" width=\"1286\" height=\"723\"  \/>Claudir carrega na pele e na rotina as marcas de uma batalha que j\u00e1 dura 21 anos.Foto: Arquivo pessoal\/ND Mais<\/p>\n<p>Diante de um <strong>progn\u00f3stico<\/strong> <strong>grav\u00edssimo,<\/strong> o m\u00e9dico foi direto: sem a opera\u00e7\u00e3o, Claudir Marcos Hergessel teria no m\u00e1ximo um ano de, ficando cego e parapl\u00e9gico. Com a interven\u00e7\u00e3o, a probabilidade de sobreviv\u00eancia era de apenas 1%.<\/p>\n<blockquote>\n<p>\u201cFalei: \u2018Tenho 1% de chance? Ent\u00e3o vamos l\u00e1\u2019. Fizemos em fevereiro de 2018 e deu tudo certo\u201d, relembra Claudir.<\/p>\n<\/blockquote>\n<p>As sequelas graves e o novo obst\u00e1culo para respirar<\/p>\n<p>A cirurgia realizada em 2018 zerou o retorno do tumor, mas deixou sequelas severas.<\/p>\n<p>Sem a estrutura anat\u00f4mica do nariz, o catarinense passou a sofrer com crises graves de sinusite que, sem canal de vaz\u00e3o, cristalizam nos seios da face.<\/p>\n<p>A complica\u00e7\u00e3o passou a provocar furos e o vazamento de secre\u00e7\u00e3o pelo canto dos olhos, afetando drasticamente sua respira\u00e7\u00e3o e bem-estar di\u00e1rio.<\/p>\n<p><img class=\"size-large wp-image-2996963\" loading=\"lazy\" decoding=\"async\" src=\"https:\/\/www.europesays.com\/pt\/wp-content\/uploads\/2026\/08\/cancer-de-pele-4-1300x731.jpg\" alt=\"Catarinense que passou por 25 cirurgias no rosto enfrenta novo desafio para voltar a respirar depois do c\u00e2ncer de pele.Foto: Arquivo pessoal\/ND Mais\" width=\"1286\" height=\"723\"  \/>Catarinense que passou por 25 cirurgias no rosto enfrenta novo desafio para voltar a respirar depois do c\u00e2ncer de pele.Foto: Arquivo pessoal\/ND MaisA corrente do bem e a reta final da arrecada\u00e7\u00e3o<\/p>\n<p>Para recuperar a qualidade de vida, Claudir precisa passar por uma nova cirurgia complexa de desobstru\u00e7\u00e3o e raspagem em Joa\u00e7aba, com dura\u00e7\u00e3o prevista de quatro horas.<\/p>\n<p>Sem cobertura pelo SUS (Sistema \u00danico de Sa\u00fade) e or\u00e7ado em R$ 40 mil, o procedimento mobilizou a comunidade de S\u00e3o Louren\u00e7o do Oeste em uma corrente do bem.<\/p>\n<p><img class=\"size-large wp-image-2996981\" loading=\"lazy\" decoding=\"async\" src=\"https:\/\/www.europesays.com\/pt\/wp-content\/uploads\/2026\/08\/cancer-de-pele-3-1-1300x731.jpg\" alt=\"Claudir precisa passar por uma nova cirurgia complexa de desobstru\u00e7\u00e3o e raspagem do nariz.Foto: Arquivo pessoal\/ND Mais\" width=\"1286\" height=\"723\"  \/>Claudir precisa passar por uma nova cirurgia complexa de desobstru\u00e7\u00e3o e raspagem do nariz.Foto: Arquivo pessoal\/ND Mais<\/p>\n<p>A mobiliza\u00e7\u00e3o regional arrecadou a maior parte do valor necess\u00e1rio, restando cerca de R$ 2,3 mil para atingir a meta total e agendar a opera\u00e7\u00e3o.<\/p>\n<p>A chave Pix solid\u00e1ria (02517030960) segue ativa para quem deseja contribuir com o trecho final da arrecada\u00e7\u00e3o.<\/p>\n<p>Sustentado pela f\u00e9 da m\u00e3e e pelo apoio incondicional da esposa, da filha e dois enteados, Claudir Marcos Hergessel encara mais este cap\u00edtulo sem medo.<\/p>\n<blockquote>\n<p>\u201cNunca tive medo da doen\u00e7a. Se o emocional da gente estiver bem, a gente n\u00e3o sente medo. A maior vit\u00f3ria que tive na vida foi o apoio da minha fam\u00edlia\u201d, afirma.<\/p>\n<ul class=\"slider-galeria-de-foto-wrapper glide__slides\">\n<li id=\"galeria-slide-1\" class=\"slider-galeria-de-foto-slide glide__slide\">\n<p> 1 de 2 <\/p>\n<p> <a href=\"https:\/\/static.ndmais.com.br\/2026\/08\/cancer-de-pele-1-1-1300x731.jpg\" title=\"Claudir destaca que o amor da fam\u00edlia e a f\u00e9 foram fundamentais para superar o c\u00e2ncer de pele. - Arquivo pessoal\/ND Mais\" data-caption=\"Claudir destaca que o amor da fam\u00edlia e a f\u00e9 foram fundamentais para superar o c\u00e2ncer de pele. - Arquivo pessoal\/ND Mais\" id=\"zoom-gallery-2996992\" class=\"imagem-galeria\" data-fancybox=\"\" rel=\"nofollow noopener\" target=\"_blank\"> <img decoding=\"async\" width=\"800\" height=\"450\" src=\"https:\/\/www.europesays.com\/pt\/wp-content\/uploads\/2026\/08\/cancer-de-pele-1-1-800x450.jpg\" class=\"\" alt=\"Claudir destaca que o amor da fam\u00edlia e a f\u00e9 foram fundamentais para superar o c\u00e2ncer de pele. - Arquivo pessoal\/ND Mais\" loading=\"lazy\"  \/> <\/a> <\/p>\n<p> Claudir destaca que o amor da fam\u00edlia e a f\u00e9 foram fundamentais para superar o c\u00e2ncer de pele. &#8211; Arquivo pessoal\/ND Mais <\/p>\n<\/li>\n<li id=\"galeria-slide-2\" class=\"slider-galeria-de-foto-slide glide__slide\">\n<p> 2 de 2 <\/p>\n<p> <a href=\"https:\/\/static.ndmais.com.br\/2026\/08\/cancer-de-pele-2-1-1300x731.jpg\" title=\"Ele conta com o suporte da fam\u00edlia na reta final para realizar nova cirurgia e voltar a respirar melhor. - Arquivo pessoal\/ND Mais\" data-caption=\"Ele conta com o suporte da fam\u00edlia na reta final para realizar nova cirurgia e voltar a respirar melhor. - Arquivo pessoal\/ND Mais\" id=\"zoom-gallery-2996988\" class=\"imagem-galeria\" data-fancybox=\"\" rel=\"nofollow noopener\" target=\"_blank\"> <img decoding=\"async\" width=\"800\" height=\"450\" src=\"https:\/\/www.europesays.com\/pt\/wp-content\/uploads\/2026\/08\/cancer-de-pele-2-1-800x450.jpg\" class=\"\" alt=\"Ele conta com o suporte da fam\u00edlia na reta final para realizar nova cirurgia e voltar a respirar melhor. - Arquivo pessoal\/ND Mais\" loading=\"lazy\"  \/> <\/a> <\/p>\n<p> Ele conta com o suporte da fam\u00edlia na reta final para realizar nova cirurgia e voltar a respirar melhor. &#8211; Arquivo pessoal\/ND Mais <\/p>\n<\/li>\n<\/ul>\n<\/blockquote>\n","protected":false},"excerpt":{"rendered":"A esposa M\u00e1rcia Ines Allas e Claudir Marcos Hergessel, que j\u00e1 venceu o c\u00e2ncer de pele.Foto: Arquivo pessoal\/ND&hellip;\n","protected":false},"author":2,"featured_media":506358,"comment_status":"","ping_status":"","sticky":false,"template":"","format":"standard","meta":{"footnotes":"","_share_on_mastodon":"0"},"categories":[86],"tags":[1403,116,81138,1968,32,33,81139,4066,3801,72525,117],"class_list":["post-506357","post","type-post","status-publish","format-standard","has-post-thumbnail","category-saude","tag-comportamento","tag-health","tag-joaaba","tag-notcia","tag-portugal","tag-pt","tag-so-loureno-do-oeste","tag-sade","tag-santa-catarina","tag-santa-catarina-apostas","tag-saude"],"share_on_mastodon":{"url":"https:\/\/pubeurope.com\/@pt\/117189973350260848","error":""},"_links":{"self":[{"href":"https:\/\/www.europesays.com\/pt\/wp-json\/wp\/v2\/posts\/506357","targetHints":{"allow":["GET"]}}],"collection":[{"href":"https:\/\/www.europesays.com\/pt\/wp-json\/wp\/v2\/posts"}],"about":[{"href":"https:\/\/www.europesays.com\/pt\/wp-json\/wp\/v2\/types\/post"}],"author":[{"embeddable":true,"href":"https:\/\/www.europesays.com\/pt\/wp-json\/wp\/v2\/users\/2"}],"replies":[{"embeddable":true,"href":"https:\/\/www.europesays.com\/pt\/wp-json\/wp\/v2\/comments?post=506357"}],"version-history":[{"count":0,"href":"https:\/\/www.europesays.com\/pt\/wp-json\/wp\/v2\/posts\/506357\/revisions"}],"wp:featuredmedia":[{"embeddable":true,"href":"https:\/\/www.europesays.com\/pt\/wp-json\/wp\/v2\/media\/506358"}],"wp:attachment":[{"href":"https:\/\/www.europesays.com\/pt\/wp-json\/wp\/v2\/media?parent=506357"}],"wp:term":[{"taxonomy":"category","embeddable":true,"href":"https:\/\/www.europesays.com\/pt\/wp-json\/wp\/v2\/categories?post=506357"},{"taxonomy":"post_tag","embeddable":true,"href":"https:\/\/www.europesays.com\/pt\/wp-json\/wp\/v2\/tags?post=506357"}],"curies":[{"name":"wp","href":"https:\/\/api.w.org\/{rel}","templated":true}]}}