{"id":506371,"date":"2026-08-31T12:04:17","date_gmt":"2026-08-31T12:04:17","guid":{"rendered":"https:\/\/www.europesays.com\/pt\/506371\/"},"modified":"2026-08-31T12:04:17","modified_gmt":"2026-08-31T12:04:17","slug":"custa-acreditar-marco-costa-chora-morte-de-irmao-e-a-forma-como-tudo-aconteceu-e-arrepiante-big-brother-verao-2026-ultimas-noticias-videos-e-diretos","status":"publish","type":"post","link":"https:\/\/www.europesays.com\/pt\/506371\/","title":{"rendered":"\u00abCusta acreditar\u00bb: Marco Costa chora morte de irm\u00e3o. E a forma como tudo aconteceu \u00e9 arrepiante &#8211; Big Brother Ver\u00e3o 2026: \u00daltimas Not\u00edcias, V\u00eddeos e Diretos"},"content":{"rendered":"<p><a target=\"_self\" rel=\"noopener noreferrer nofollow\" href=\"https:\/\/tvi.iol.pt\/bigbrother\/marco-costa\/comunicado\/marco-costa-faz-comunicado-apos-opiniao-polemica-sentiram-se-ofendidas\">Marco Costa est\u00e1 a viver um momento <\/a>de profunda dor. O pasteleiro recorreu \u00e0s redes sociais para anunciar a morte de Miguel, um amigo de longa data que considerava como um verdadeiro irm\u00e3o.<\/p>\n<p>Numa sentida partilha, Marco Costa revelou que conhecia o amigo desde os 17 anos e recordou os muitos momentos que viveram juntos ao longo dos anos. \u00abCrescemos juntos, trein\u00e1mos juntos, aprendemos a lutar, descobrimos a paix\u00e3o pelas motas, vivemos noites, sonhos, conquistas e desilus\u00f5es\u00bb, escreveu.<\/p>\n<p>A liga\u00e7\u00e3o entre os dois era t\u00e3o forte que Miguel esteve presente num dos momentos mais dif\u00edceis da vida do pasteleiro: a morte do pai. \u00abQuando perdi o meu pai, o Miguel esteve comigo no dia mais dif\u00edcil da minha vida. E, ao longo destes anos, estivemos um para o outro\u00bb, confessou.<\/p>\n<p><img decoding=\"async\" src=\"https:\/\/www.europesays.com\/pt\/wp-content\/uploads\/2026\/08\/1788177857_570_1000.webp\" alt=\"\"\/> <\/p>\n<p>Na homenagem, Marco Costa recordou ainda que foram \u00abamigos\u00bb, \u00abcompanheiros\u00bb e \u00abpais\u00bb, mas, acima de tudo, \u00abirm\u00e3os\u00bb.<\/p>\n<p>O amigo de Marco Costa morreu num acidente de mota, uma partida inesperada que deixou o pasteleiro devastado. \u00abHoje custa acreditar que partiste assim. Fica um vazio enorme e uma saudade que sei que nunca vai passar\u00bb, lamentou.<\/p>\n<p>No final da emotiva mensagem, Marco Costa deixou uma \u00faltima despedida: \u00abObrigado por tudo, Miguel. Por todos os momentos, por todos os ensinamentos e por teres feito parte da minha vida. Vou sentir muito a tua falta, irm\u00e3o. At\u00e9 sempre.\u00bb<\/p>\n","protected":false},"excerpt":{"rendered":"Marco Costa est\u00e1 a viver um momento de profunda dor. O pasteleiro recorreu \u00e0s redes sociais para anunciar&hellip;\n","protected":false},"author":2,"featured_media":506372,"comment_status":"","ping_status":"","sticky":false,"template":"","format":"standard","meta":{"footnotes":"","_share_on_mastodon":"0"},"categories":[85],"tags":[331,48,333,328,335,336,114,115,334,332,330,1339,3310,338,13,32,33,162,227],"class_list":["post-506371","post","type-post","status-publish","format-standard","has-post-thumbnail","category-entretenimento","tag-big","tag-big-brother","tag-comentadores","tag-concorrentes","tag-confrontos","tag-discussoes","tag-entertainment","tag-entretenimento","tag-exclusivos","tag-expulso","tag-gala","tag-luto","tag-marco-costa","tag-maria-botelho-moniz","tag-noticias","tag-portugal","tag-pt","tag-tvi","tag-videos"],"share_on_mastodon":{"url":"https:\/\/pubeurope.com\/@pt\/117190032033408251","error":""},"_links":{"self":[{"href":"https:\/\/www.europesays.com\/pt\/wp-json\/wp\/v2\/posts\/506371","targetHints":{"allow":["GET"]}}],"collection":[{"href":"https:\/\/www.europesays.com\/pt\/wp-json\/wp\/v2\/posts"}],"about":[{"href":"https:\/\/www.europesays.com\/pt\/wp-json\/wp\/v2\/types\/post"}],"author":[{"embeddable":true,"href":"https:\/\/www.europesays.com\/pt\/wp-json\/wp\/v2\/users\/2"}],"replies":[{"embeddable":true,"href":"https:\/\/www.europesays.com\/pt\/wp-json\/wp\/v2\/comments?post=506371"}],"version-history":[{"count":0,"href":"https:\/\/www.europesays.com\/pt\/wp-json\/wp\/v2\/posts\/506371\/revisions"}],"wp:featuredmedia":[{"embeddable":true,"href":"https:\/\/www.europesays.com\/pt\/wp-json\/wp\/v2\/media\/506372"}],"wp:attachment":[{"href":"https:\/\/www.europesays.com\/pt\/wp-json\/wp\/v2\/media?parent=506371"}],"wp:term":[{"taxonomy":"category","embeddable":true,"href":"https:\/\/www.europesays.com\/pt\/wp-json\/wp\/v2\/categories?post=506371"},{"taxonomy":"post_tag","embeddable":true,"href":"https:\/\/www.europesays.com\/pt\/wp-json\/wp\/v2\/tags?post=506371"}],"curies":[{"name":"wp","href":"https:\/\/api.w.org\/{rel}","templated":true}]}}