{"id":50638,"date":"2025-08-29T20:13:15","date_gmt":"2025-08-29T20:13:15","guid":{"rendered":"https:\/\/www.europesays.com\/pt\/50638\/"},"modified":"2025-08-29T20:13:15","modified_gmt":"2025-08-29T20:13:15","slug":"tudo-o-que-esta-a-travar-a-saida-de-jota-silva-para-o-sporting","status":"publish","type":"post","link":"https:\/\/www.europesays.com\/pt\/50638\/","title":{"rendered":"tudo o que est\u00e1 a travar a sa\u00edda de Jota Silva para o Sporting"},"content":{"rendered":"<p><strong>O Sporting continua a querer fechar a contrata\u00e7\u00e3o de Jota Silva. Nottingham Forest e Evangelos Marinakis travam o neg\u00f3cio. <\/strong><\/p>\n<p>A multipropriedade de clubes tem proliferado no futebol mundial e \u00e9 esta a funda\u00e7\u00e3o do grande entrave do Sporting na corrida por Jota Silva. O amuo de Evangelos Marinakis \u00e9, de acordo com o jornal A Bola, o motivo do atrasar do neg\u00f3cio.<\/p>\n<p>Tudo come\u00e7a em Fotis Ioannidis, refor\u00e7o para o ataque que <a href=\"https:\/\/bolanarede.pt\/especial-bola-na-rede\/atualidade\/fotis-ioannidis-assume-despedida-do-panathinaikos-ja-ha-um-acordo-verbal\/\" target=\"_blank\" rel=\"noreferrer noopener nofollow\">o Sporting se prepara para contratar ao Panathinaikos<\/a>. Al\u00e9m de ser rival do Olympiacos, clube na teia de Evangelos Marinakis, o propriet\u00e1rio do Nottingham Forest ficou chateado com esta op\u00e7\u00e3o do Sporting por n\u00e3o permitir uma venda de Clayton Silva.<\/p>\n<p>Na teia do grego est\u00e3o o Nottingham Forest, o Olympiacos e o Rio Ave, clubes que, embora isolados, funcionam com vista ao mesmo objetivo no grupo de Evangelos Marinakis. Na rela\u00e7\u00e3o de \u00edntima proximidade, o propriet\u00e1rio queria que o Sporting contratasse Clayton Silva, avan\u00e7ado dos vilacondenses, para o ataque. <\/p>\n<p>O amuo do dono do Nottingham Forest tem sido a raz\u00e3o pela qual o neg\u00f3cio de Jota Silva foi travado. Nos bastidores, Bernardo Palmeiro tem sido o nome chave para desatar o n\u00f3. O novo nome forte na estrutura leonina no mercado de transfer\u00eancias j\u00e1 trabalhou no Rio Ave e foi uma das figuras que permitiu a Evangelos Marinakis entrar no clube.<\/p>\n<p>A rela\u00e7\u00e3o pr\u00f3xima entre Bernardo Palmeiro e o grego tem permitido \u00e0s negocia\u00e7\u00f5es decorrer. O objetivo do Sporting passa por fechar a chegada do internacional portugu\u00eas nos pr\u00f3ximos dias, tendo colocado <a href=\"https:\/\/bolanarede.pt\/especial-bola-na-rede\/atualidade\/sporting-nao-vai-esperar-ate-ao-ultimo-dia-por-jota-silva-eis-a-data-limite-para-o-negocio\/\" target=\"_blank\" rel=\"noreferrer noopener nofollow\">o fim-de-semana como limite ao concretizar do neg\u00f3cio. <\/a><\/p>\n<blockquote class=\"twitter-tweet\" data-width=\"550\" data-dnt=\"true\">\n<p lang=\"pt\" dir=\"ltr\">Evangelos Marinakis dificulta Jota Silva no Sporting, mas a SAD liderada por Federico Varandas n\u00e3o desiste e o jogador quer rumar a Alvalade, conforme avan\u00e7ou <a href=\"https:\/\/twitter.com\/abolapt?ref_src=twsrc%5Etfw\" rel=\"nofollow noopener\" target=\"_blank\">@abolapt<\/a><\/p>\n<p>O multimilion\u00e1rio grego, propriet\u00e1rio do Nottingham Forest, Olympiacos e Rio Ave SAD, ficou desagradado pela\u2026 <a href=\"https:\/\/t.co\/jX4ov5a267\" rel=\"nofollow\">pic.twitter.com\/jX4ov5a267<\/a><\/p>\n<p>\u2014 Cabine Desportiva (@CabineSport) <a href=\"https:\/\/twitter.com\/CabineSport\/status\/1961352813839011994?ref_src=twsrc%5Etfw\" rel=\"nofollow noopener\" target=\"_blank\">August 29, 2025<\/a><\/p><\/blockquote>\n<p><script async src=\"https:\/\/platform.twitter.com\/widgets.js\" charset=\"utf-8\"><\/script><\/p>\n","protected":false},"excerpt":{"rendered":"O Sporting continua a querer fechar a contrata\u00e7\u00e3o de Jota Silva. Nottingham Forest e Evangelos Marinakis travam o&hellip;\n","protected":false},"author":2,"featured_media":50639,"comment_status":"","ping_status":"","sticky":false,"template":"","format":"standard","meta":{"footnotes":""},"categories":[87],"tags":[260,14828,14829,135,478,14830,12942,8299,1527,32,666,479,33,9819,34,134],"class_list":{"0":"post-50638","1":"post","2":"type-post","3":"status-publish","4":"format-standard","5":"has-post-thumbnail","7":"category-desporto","8":"tag-atualidade","9":"tag-bernardo-palmeiro","10":"tag-clayton-silva","11":"tag-desporto","12":"tag-destaques-bnr","13":"tag-evangelos-marinakis","14":"tag-fotis-ioannidis","15":"tag-jota-silva","16":"tag-nottingham-forest","17":"tag-portugal","18":"tag-premier-league","19":"tag-primeira-liga","20":"tag-pt","21":"tag-rio-ave","22":"tag-sporting","23":"tag-sports"},"share_on_mastodon":{"url":"","error":""},"_links":{"self":[{"href":"https:\/\/www.europesays.com\/pt\/wp-json\/wp\/v2\/posts\/50638","targetHints":{"allow":["GET"]}}],"collection":[{"href":"https:\/\/www.europesays.com\/pt\/wp-json\/wp\/v2\/posts"}],"about":[{"href":"https:\/\/www.europesays.com\/pt\/wp-json\/wp\/v2\/types\/post"}],"author":[{"embeddable":true,"href":"https:\/\/www.europesays.com\/pt\/wp-json\/wp\/v2\/users\/2"}],"replies":[{"embeddable":true,"href":"https:\/\/www.europesays.com\/pt\/wp-json\/wp\/v2\/comments?post=50638"}],"version-history":[{"count":0,"href":"https:\/\/www.europesays.com\/pt\/wp-json\/wp\/v2\/posts\/50638\/revisions"}],"wp:featuredmedia":[{"embeddable":true,"href":"https:\/\/www.europesays.com\/pt\/wp-json\/wp\/v2\/media\/50639"}],"wp:attachment":[{"href":"https:\/\/www.europesays.com\/pt\/wp-json\/wp\/v2\/media?parent=50638"}],"wp:term":[{"taxonomy":"category","embeddable":true,"href":"https:\/\/www.europesays.com\/pt\/wp-json\/wp\/v2\/categories?post=50638"},{"taxonomy":"post_tag","embeddable":true,"href":"https:\/\/www.europesays.com\/pt\/wp-json\/wp\/v2\/tags?post=50638"}],"curies":[{"name":"wp","href":"https:\/\/api.w.org\/{rel}","templated":true}]}}