{"id":506403,"date":"2026-08-31T12:34:14","date_gmt":"2026-08-31T12:34:14","guid":{"rendered":"https:\/\/www.europesays.com\/pt\/506403\/"},"modified":"2026-08-31T12:34:14","modified_gmt":"2026-08-31T12:34:14","slug":"iphone-ultra-pode-recuperar-uma-funcao-que-a-samsung-deixou-para-tras","status":"publish","type":"post","link":"https:\/\/www.europesays.com\/pt\/506403\/","title":{"rendered":"iPhone Ultra pode recuperar uma fun\u00e7\u00e3o que a Samsung deixou para tr\u00e1s"},"content":{"rendered":"<p class=\"leading\">\n                A Apple est\u00e1 a preparar a sua entrada no mercado dos smartphones dobr\u00e1veis com o muito aguardado iPhone Ultra. Mas o grande trunfo do novo dispositivo pode ser uma vers\u00e3o exclusiva da Apple Pencil desenhada especificamente para o smartphone.            <\/p>\n<p>        <a class=\"google-preferred-source\" href=\"https:\/\/www.google.com\/preferences\/source?q=4gnews.pt\" target=\"_blank\" rel=\"noopener nofollow\"><\/p>\n<p>    Adicionar 4gnews como fonte preferida<br \/>\n<\/a><\/p>\n<p>                <img decoding=\"async\" alt=\"Concept iPhone Ultra\" height=\"900\" src=\"https:\/\/www.europesays.com\/pt\/wp-content\/uploads\/2026\/08\/1788179654_878_iphone-ultra-dobravel-designer-credito-fpt.jpg\" width=\"1600\" fetchpriority=\"high\"\/><br \/>\nConcept iPhone Ultra Cr\u00e9dito@FPT<\/p>\n<p><a href=\"https:\/\/t.me\/promocoes4gnews\" rel=\"nofollow\" class=\"banner-deals mb20 banner-deals-rotation banner-deals-rotation--telegram\"><\/p>\n<p>        Entra no nosso canal Telegram<br \/>e recebe as melhores ofertas<\/p>\n<p>        ENTRAR\n    <\/p>\n<p><\/a><br \/>\nComo funciona o prot\u00f3tipo do Apple Pencil para iPhone<\/p>\n<p>Agora que j\u00e1 sabemos que o evento da Apple vai <a href=\"https:\/\/4gnews.pt\/apple-anuncia-quando-sai-o-iphone-18-lancamento-oficial\/\" rel=\"nofollow noopener\" target=\"_blank\">acontecer a 9 de setembro<\/a>, as expetativas est\u00e3o a aumentar ainda mais. \u00c9 esperado que nesse dia seja apresentado o primeiro smartphone dobr\u00e1vel de Cupertino.<\/p>\n<p>E parece que a Apple est\u00e1 a pensar em recuperar uma estrat\u00e9gia deixada para tr\u00e1s pela Samsung. Segundo <a href=\"https:\/\/www.bloomberg.com\/news\/newsletters\/2026-08-30\/john-ternus-management-team-apple-watch-series-12-foldable-iphone-apple-pencil-mtfvmdyu?srnd=homepage-americas\" rel=\"nofollow noopener\" target=\"_blank\">Mark Gurman, da Bloomberg<\/a>, a empresa desenvolveu e testou um prot\u00f3tipo de caneta digital adaptado ao novo formato. As principais caracter\u00edsticas do acess\u00f3rio incluem:<\/p>\n<ul>\n<li>Tamanho compacto: Estrutura mais curta que a vers\u00e3o para iPad, ajustada \u00e0s dimens\u00f5es do dobr\u00e1vel;<\/li>\n<li>Encaixe magn\u00e9tico: Fixa\u00e7\u00e3o e carregamento sem fios diretamente na lateral do dispositivo;<\/li>\n<li>Foco em produtividade: Uma funcionalidade destinada a rivalizar diretamente com a linha de dobr\u00e1veis da Samsung.<\/li>\n<\/ul>\n<p>Os dois grandes desafios que travam o lan\u00e7amento<\/p>\n<p>Apesar dos testes internos, o lan\u00e7amento da caneta stylus juntamente com o iPhone Ultra ainda \u00e9 incerto. Tudo porque a Apple enfrenta dois obst\u00e1culos pr\u00e1ticos:<\/p>\n<ol>\n<li>Ergonomia do dispositivo: A caneta presa magneticamente \u00e0 lateral pode dificultar a abertura confort\u00e1vel do ecr\u00e3 dobr\u00e1vel;<\/li>\n<li>Fragilidade do ecr\u00e3<strong>:<\/strong> Pain\u00e9is dobr\u00e1veis requerem cuidados acrescidos, havendo o risco de marcas ou riscos causados pela press\u00e3o da ponta da caneta; um problema que a ind\u00fastria costuma resolver com pontas retr\u00e1teis com limita\u00e7\u00e3o de for\u00e7a.<\/li>\n<\/ol>\n<p>Samsung pode ter aberto uma oportunidade para a Apple<\/p>\n<p>Curiosamente, a compatibilidade com uma Pen Stylus pode ser ainda mais relevante devido \u00e0 evolu\u00e7\u00e3o recente do mercado dos dobr\u00e1veis. A Samsung demonstrou ao longo dos anos que a utiliza\u00e7\u00e3o de uma caneta digital num dispositivo Fold pode ser \u00fatil, especialmente para produtividade e cria\u00e7\u00e3o de conte\u00fados.<\/p>\n<p>No entanto, a compatibilidade com este tipo de acess\u00f3rio deixou de ser uma presen\u00e7a constante em alguns modelos mais recentes, como os <a href=\"https:\/\/4gnews.pt\/samsung-galaxy-z-fold8-review\/\" rel=\"nofollow noopener\" target=\"_blank\">Samsung Galaxy Z Fold8<\/a> e <a href=\"https:\/\/4gnews.pt\/samsung-galaxy-fold8-ultra-review\/\" rel=\"nofollow noopener\" target=\"_blank\">Galaxy Z Fold8 Ultra<\/a>.<\/p>\n<p>Tal pode abrir espa\u00e7o para a Apple transformar uma caracter\u00edstica que inicialmente parecia improv\u00e1vel num dos principais argumentos do seu primeiro dobr\u00e1vel.<\/p>\n<p>Se conseguir desenvolver uma solu\u00e7\u00e3o capaz de proteger o ecr\u00e3 flex\u00edvel e, ao mesmo tempo, oferecer uma experi\u00eancia semelhante \u00e0 da Apple Pencil no iPad, a empresa pode criar uma funcionalidade diferenciador para o iPhone Ultra.<\/p>\n<p>Isto apesar de Steve Jobs ter defendido em 2007 que &#8220;ningu\u00e9m precisa de uma stylus&#8221;, o ecossistema atual do iPad provou o contr\u00e1rio. Agora resta saber se a Apple vai ser audaz no lan\u00e7amento ou se vai ser mais cautelosa e guardar o acess\u00f3rio para gera\u00e7\u00f5es futuras do dispositivo.<\/p>\n<p>Melhores Ofertas nas \u00faltimas 24h<\/p>\n<p class=\"inline-related-title\">Recomendados para ti<\/p>\n","protected":false},"excerpt":{"rendered":"A Apple est\u00e1 a preparar a sua entrada no mercado dos smartphones dobr\u00e1veis com o muito aguardado iPhone&hellip;\n","protected":false},"author":2,"featured_media":506404,"comment_status":"","ping_status":"","sticky":false,"template":"","format":"standard","meta":{"footnotes":"","_share_on_mastodon":"0"},"categories":[84],"tags":[109,107,108,32,33,105,103,104,106,110],"class_list":["post-506403","post","type-post","status-publish","format-standard","has-post-thumbnail","category-ciencia-e-tecnologia","tag-ciencia","tag-ciencia-e-tecnologia","tag-cienciaetecnologia","tag-portugal","tag-pt","tag-science","tag-science-and-technology","tag-scienceandtechnology","tag-technology","tag-tecnologia"],"share_on_mastodon":{"url":"https:\/\/pubeurope.com\/@pt\/117190150277004647","error":""},"_links":{"self":[{"href":"https:\/\/www.europesays.com\/pt\/wp-json\/wp\/v2\/posts\/506403","targetHints":{"allow":["GET"]}}],"collection":[{"href":"https:\/\/www.europesays.com\/pt\/wp-json\/wp\/v2\/posts"}],"about":[{"href":"https:\/\/www.europesays.com\/pt\/wp-json\/wp\/v2\/types\/post"}],"author":[{"embeddable":true,"href":"https:\/\/www.europesays.com\/pt\/wp-json\/wp\/v2\/users\/2"}],"replies":[{"embeddable":true,"href":"https:\/\/www.europesays.com\/pt\/wp-json\/wp\/v2\/comments?post=506403"}],"version-history":[{"count":0,"href":"https:\/\/www.europesays.com\/pt\/wp-json\/wp\/v2\/posts\/506403\/revisions"}],"wp:featuredmedia":[{"embeddable":true,"href":"https:\/\/www.europesays.com\/pt\/wp-json\/wp\/v2\/media\/506404"}],"wp:attachment":[{"href":"https:\/\/www.europesays.com\/pt\/wp-json\/wp\/v2\/media?parent=506403"}],"wp:term":[{"taxonomy":"category","embeddable":true,"href":"https:\/\/www.europesays.com\/pt\/wp-json\/wp\/v2\/categories?post=506403"},{"taxonomy":"post_tag","embeddable":true,"href":"https:\/\/www.europesays.com\/pt\/wp-json\/wp\/v2\/tags?post=506403"}],"curies":[{"name":"wp","href":"https:\/\/api.w.org\/{rel}","templated":true}]}}