{"id":506405,"date":"2026-08-31T12:36:49","date_gmt":"2026-08-31T12:36:49","guid":{"rendered":"https:\/\/www.europesays.com\/pt\/506405\/"},"modified":"2026-08-31T12:36:49","modified_gmt":"2026-08-31T12:36:49","slug":"durante-mais-de-70-anos-os-destrocos-do-aviao-estiveram-desaparecidos-o-luto-estava-por-todo-o-lado","status":"publish","type":"post","link":"https:\/\/www.europesays.com\/pt\/506405\/","title":{"rendered":"Durante mais de 70 anos, os destro\u00e7os do avi\u00e3o estiveram desaparecidos. O luto estava por todo o lado"},"content":{"rendered":"<p>                Acidente provocou 52 mortos. Destro\u00e7os do aparelho s\u00f3 agora foram encontrados<\/p>\n<p style=\"margin-bottom:11px\">Depois de o <a href=\"https:\/\/www.cnn.com\/2026\/07\/21\/us\/pan-am-clipper-endeavor-wreckage-found\" rel=\"nofollow noopener\" target=\"_blank\">Voo 526A da Pan Am<\/a>, com destino a Nova Iorque e apelidado de \u201cEaster Special\u201d, ter ca\u00eddo no mar ao largo de Porto Rico, h\u00e1 74 anos, um m\u00e9dico num barco de resgate apanhou uma bolsa que flutuava nas \u00e1guas agitadas.<\/p>\n<p>No seu interior havia uma esponja de maquilhagem e uma carta manuscrita encharcada, mas ainda leg\u00edvel, de um jovem soldado porto-riquenho destacado em Massachusetts para a sua nova esposa na cidade costeira de Ponce, no sul da ilha, <a href=\"https:\/\/gpa.eastview.com\/crl\/elmundo\/?a=d&amp;d=mndo19520414-01.1.1&amp;e=-------en-25--1--img-txIN----------\" rel=\"nofollow noopener\" target=\"_blank\">escreveu o doutor Angel M. Marchand, no El Mundo<\/a>, o principal jornal de Porto Rico na \u00e9poca.<\/p>\n<p>\u201cN\u00e3o podes imaginar a alegria que me proporcionaste ao dizeres que te ir\u00e1s juntar a mim em Nova Iorque. Sou o homem mais feliz do mundo\u201d, tinha escrito o soldado, acrescentando que rezava \u00e0 Virgem Maria para que a protegesse durante a viagem. \u201cN\u00e3o tenhas medo do avi\u00e3o. N\u00e3o vai acontecer nada\u201d.<\/p>\n<p>Mais tarde, o m\u00e9dico avistou o nome da noiva, Gl\u00f3ria Ros\u00e1rio, no segundo hospital que visitou \u00e0 procura dela. L\u00e1 estava ela, numa lista dos 17 sobreviventes.<\/p>\n<p>\u201cMenina, encontrei a sua bolsa com uma carta do seu marido. Ele deve estar muito preocupado. Quando vi o seu nome no hospital, decidi avis\u00e1-lo de que estava s\u00e3 e salva\u201d.<\/p>\n<p>\u201cOh, coitado\u201d, respondeu ela. \u201cEle \u00e9 t\u00e3o bom. E tem f\u00e9\u201d.<\/p>\n<p>Quando o m\u00e9dico perguntou sobre o acidente, Gl\u00f3ria Ros\u00e1rio disse: \u201cMais pessoas deviam ter sido salvas\u201d.<\/p>\n<p>No total, o acidente ceifou 52 vidas. Como a maioria dessas vidas poderia ter sido salva, o acidente levou \u00e0 introdu\u00e7\u00e3o das agora familiares, embora frequentemente ignoradas, instru\u00e7\u00f5es de seguran\u00e7a pr\u00e9-voo para os passageiros sobre onde encontrar e como utilizar coletes salva-vidas, jangadas e sa\u00eddas de emerg\u00eancia.<\/p>\n<p><strong>Relat\u00f3rio de investiga\u00e7\u00e3o do acidente do Clipper Endeavor de 1952:<\/strong><\/p>\n<p style=\"margin: 12px auto 6px auto; font-family: Helvetica,Arial,Sans-serif;  line-height: normal; display: block;\"><a href=\"https:\/\/pt.scribd.com\/document\/1075997691\/1952-Clipper-Endeavour-Accident-Investigation-Report#from_embed\" style=\"color: #098642; text-decoration: underline;\" title=\"View 1952 Clipper Endeavour Accident Investigation Report on Scribd\" rel=\"nofollow noopener\" target=\"_blank\">1952 Clipper Endeavour Accident Investigation Report <\/a> by <a href=\"https:\/\/pt.scribd.com\/user\/1014991309\/u5962337818#from_embed\" style=\"color: #098642; text-decoration: underline;\" title=\"View u5962337818&#039;s profile on Scribd\" rel=\"nofollow noopener\" target=\"_blank\"> u5962337818 <\/a><\/p>\n<p>A prima de Ros\u00e1rio, de 19 anos, que estava sentada ao seu lado, estava entre aqueles que n\u00e3o sobreviveram. A sua prima chorava histericamente, demasiado assustada com as ondas fortes para saltar para o oceano momentos ap\u00f3s a aterragem de emerg\u00eancia. Morreu minutos depois, ainda agarrada ao avi\u00e3o, contou Ros\u00e1rio aos investigadores do acidente e aos membros da sua fam\u00edlia.<\/p>\n<p>Os destro\u00e7os permaneceram perdidos no Atl\u00e2ntico at\u00e9 ao m\u00eas passado, quando uma equipa de busca aeron\u00e1utica descobriu o j\u00e1 quase esquecido \u201c<a href=\"https:\/\/www.panam.org\/enduring-legacy\/clipper-endeavor\" rel=\"nofollow noopener\" target=\"_blank\">Clipper Endeavor<\/a>\u201d da Pan Am, a 2 mil p\u00e9s abaixo da superf\u00edcie do oceano, a poucas milhas da costa norte da ilha.<\/p>\n<p>\u201cA minha m\u00e3e sempre lamentou que o avi\u00e3o tivesse ca\u00eddo na parte mais profunda do oceano\u201d, revela o filho de Ros\u00e1rio, Adrian, de 54 anos, \u00e0 CNN. Com apenas 22 anos na altura do acidente, Ros\u00e1rio faleceu em 2015, aos 85 anos.<\/p>\n<p>\u201cEla sempre imaginou que demoraria muito tempo a encontrar os destro\u00e7os. Adoraria que ela tivesse visto isto. Ela sempre quis que as v\u00edtimas fossem reconhecidas, especialmente a sua prima\u201d.<\/p>\n<p>Entre os passageiros e a tripula\u00e7\u00e3o encontravam-se John Burn, o comandante da Pan Am, que sobreviveu ao seu segundo acidente a\u00e9reo fatal; um casal de mission\u00e1rios que morreu enquanto o seu filho de dois anos, Mark, foi encontrado a flutuar na \u00e1gua; Novetah Davenport, uma pioneira da avia\u00e7\u00e3o que ajudou a resgatar o menino; e um pai de 45 anos, de Brooklyn, que tinha viajado para San Juan para se reunir com a sua esposa e os seus seis filhos ap\u00f3s uma separa\u00e7\u00e3o de dois anos.<\/p>\n<p> <img decoding=\"async\" alt=\"\" src=\"https:\/\/www.europesays.com\/pt\/wp-content\/uploads\/2026\/08\/1788179807_428_f_webp.webp\" width=\"600\"\/> <\/p>\n<p>   Vista em grande plano do log\u00f3tipo da companhia PAA na sec\u00e7\u00e3o do nariz do Clipper Endeavor. (Cortesia da AirSea Heritage Foundation e da Deep Sea Vision) <\/p>\n<p>O avi\u00e3o Douglas DC-4 descolou pouco depois do meio-dia de uma Sexta-Feira Santa com 64 passageiros e cinco membros da tripula\u00e7\u00e3o. Mas John Burn foi obrigado a fazer uma aterragem de emerg\u00eancia na \u00e1gua, nove minutos depois, em \u00e1guas agitadas e infestadas de tubar\u00f5es a noroeste de San Juan, a 11 de abril de 1952. Dois dos seus quatro motores tinham avariado.<\/p>\n<p>Todos os passageiros sobreviveram ao impacto inicial &#8211; com a sec\u00e7\u00e3o da cauda do avi\u00e3o a partir-se -, mas apenas 17 foram resgatados. Os restantes pereceram nos momentos finais de caos e confus\u00e3o na aeronave que se afundava rapidamente, de acordo com a investiga\u00e7\u00e3o do acidente e as not\u00edcias da imprensa da \u00e9poca.<\/p>\n<p>O filho de John Burn, Gray, um piloto privado de 58 anos, disse que o seu falecido pai falava com emo\u00e7\u00e3o sobre o que ficou conhecido na ilha como a trag\u00e9dia da Sexta-Feira Santa, em particular o sentimento de impot\u00eancia sentido durante uma emerg\u00eancia que ceifou tantas vidas.<\/p>\n<p>\u201cEle sentia o peso de ser a pessoa respons\u00e1vel por todo o voo\u201d, diz Gray Burn \u00e0 CNN.<\/p>\n<p>\u201cAcho que o que mais o afetou foi o facto de muitas das pessoas a bordo terem medo da \u00e1gua, apesar de muitas delas viverem ali em Porto Rico, mesmo \u00e0 beira-mar. Quando a aeronave come\u00e7ou a afundar-se, a \u00e1gua come\u00e7ou a entrar rapidamente\u201d.<\/p>\n<p>\u201cOlha pela janela e aprecia a paisagem\u201d <\/p>\n<p>Gl\u00f3ria casou-se com Hip\u00f3lito Ros\u00e1rio, em Ponce, a 23 de dezembro de 1951, segundo familiares. Eram namorados desde a inf\u00e2ncia: ela tinha nove anos e ele 11 quando se conheceram.<\/p>\n<p>Quase quatro meses depois, Gl\u00f3ria, acompanhada pela prima de 19 anos, Norma Rodriguez, embarcou no avi\u00e3o. Gl\u00f3ria ia para os Estados Unidos para viver com o marido. A prima, \u00e0 \u00faltima da hora, decidiu acompanh\u00e1-la, com planos de trabalhar como costureira. Era o primeiro voo para ambas.<\/p>\n<p>As primas faziam parte da maior vaga de porto-riquenhos rumo aos EUA, conhecida como a <a href=\"https:\/\/history.house.gov\/Exhibitions-and-Publications\/HAIC\/Historical-Essays\/Separate-Interests\/Puerto-Rico\/\" rel=\"nofollow noopener\" target=\"_blank\">\u201cGrande Migra\u00e7\u00e3o\u201d,<\/a> na d\u00e9cada ap\u00f3s 1950, quando cerca de 470 mil pessoas deixaram a ilha rumo ao continente.<\/p>\n<p> <img decoding=\"async\" alt=\"\" src=\"https:\/\/www.europesays.com\/pt\/wp-content\/uploads\/2026\/08\/1788179808_134_f_webp.webp\" width=\"600\"\/> <\/p>\n<p>   Gl\u00f3ria Ros\u00e1rio e o marido, Hip\u00f3lito. (Cortesia de Francis Helen Viruet) <\/p>\n<p>A maioria estabeleceu-se em Nova Iorque, lidando com as dificuldades da vida numa nova cidade, onde lutaram para encontrar emprego e enfrentaram a discrimina\u00e7\u00e3o, as barreiras lingu\u00edsticas e a neglig\u00eancia institucional, incluindo escolas mal equipadas para as acolher. Muitos alistaram-se nas for\u00e7as armadas ou procuraram emprego nas ind\u00fastrias do vestu\u00e1rio e da transforma\u00e7\u00e3o.<\/p>\n<p>Gl\u00f3ria contou aos investigadores do acidente que estava sentada no lugar junto \u00e0 janela, ao lado de uma sa\u00edda de emerg\u00eancia sobre a asa do lado esquerdo da aeronave. Segundo o seu depoimento como sobrevivente, ela afirmou que, na descolagem, o avi\u00e3o \u201cparecia estar a avan\u00e7ar muito devagar e n\u00e3o ganhava altitude rapidamente\u201d. A aeronave oscilava de um lado para o outro.<\/p>\n<p>\u201cA minha prima estava bastante apreensiva, e eu disse-lhe para olhar pela janela, apreciar a paisagem e n\u00e3o se preocupar\u201d, disse Gl\u00f3ria. Em seguida, ouviu \u201cdois ru\u00eddos altos\u201d, antes de o avi\u00e3o virar para a esquerda e come\u00e7ar a descer sobre o oceano.<\/p>\n<p><strong>Declara\u00e7\u00e3o de Gl\u00f3ria Ros\u00e1rio aos investigadores do acidente:<\/strong><\/p>\n<p style=\"margin: 12px auto 6px auto; font-family: Helvetica,Arial,Sans-serif;  line-height: normal; display: block;\"><a href=\"https:\/\/pt.scribd.com\/document\/1075998179\/Gloria-Rosario-Statement-to-Crash-Investigators#from_embed\" style=\"color: #098642; text-decoration: underline;\" title=\"View Gloria Rosario Statement to Crash Investigators on Scribd\" rel=\"nofollow noopener\" target=\"_blank\">Gloria Rosario Statement to Crash Investigators <\/a> by <a href=\"https:\/\/pt.scribd.com\/user\/1014991309\/u5962337818#from_embed\" style=\"color: #098642; text-decoration: underline;\" title=\"View u5962337818&#039;s profile on Scribd\" rel=\"nofollow noopener\" target=\"_blank\"> u5962337818 <\/a><\/p>\n<p>\u201cO avi\u00e3o bateu na \u00e1gua com muita for\u00e7a\u201d <\/p>\n<p>\u00c0s 12:13, a pedido de John Burn, a tripula\u00e7\u00e3o informou a torre de controlo de San Juan que estavam a regressar ao aeroporto, de acordo com um <a href=\"https:\/\/www.baaa-acro.com\/sites\/default\/files\/import\/uploads\/2017\/02\/N88899.pdf\" rel=\"nofollow noopener\" target=\"_blank\">relat\u00f3rio da Comiss\u00e3o de Aeron\u00e1utica Civil,<\/a> antecessora da Administra\u00e7\u00e3o Federal de Avia\u00e7\u00e3o.<\/p>\n<p>\u201cEntendido, 526A, autorizado a aterrar na Pista 9\u201d, respondeu a torre, enquanto a press\u00e3o do \u00f3leo de um dos motores ca\u00eda rapidamente e o outro motor apresentava v\u00e1rias falhas de igni\u00e7\u00e3o.<\/p>\n<p>\u00c0s 12:17, a torre perguntou \u00e0 tripula\u00e7\u00e3o qual era a sua localiza\u00e7\u00e3o.<\/p>\n<p>\u201cAinda estamos bastante longe\u201d.<\/p>\n<p>Um minuto depois, a torre alertou a Guarda Costeira dos EUA em San Juan. \u00c0s 12:19, John Burn pediu ao segundo oficial que avisasse os passageiros de que o avi\u00e3o estava prestes a fazer uma aterragem de emerg\u00eancia na \u00e1gua. Momentos depois, o avi\u00e3o fez uma aterragem for\u00e7ada no oceano.<\/p>\n<p> <img decoding=\"async\" alt=\"\" src=\"https:\/\/www.europesays.com\/pt\/wp-content\/uploads\/2026\/08\/1788179808_144_f_webp.webp\" width=\"600\"\/> <\/p>\n<p>   Imagem em mosaico dos destro\u00e7os do Clipper Endeavor. (Cortesia da AirSea Heritage Foundation e da Deep Sea Vision) <\/p>\n<p>\u201cO avi\u00e3o bateu com muita for\u00e7a na \u00e1gua e eu fui projetada para a frente com viol\u00eancia\u201d, disse Gl\u00f3ria aos investigadores, acrescentando que a \u00e1gua come\u00e7ou a entrar na cabina. Ela desatou o cinto de seguran\u00e7a quando o comiss\u00e1rio abriu uma porta de sa\u00edda de emerg\u00eancia e \u201cas pessoas come\u00e7aram a sair sem os coletes salva-vidas\u201d.<\/p>\n<p>A jovem contou aos investigadores que perguntou ao comiss\u00e1rio onde estavam os coletes salva-vidas e ele respondeu: \u201cno bolso\u201d do assento. Mas ela n\u00e3o conseguiu encontr\u00e1-los.<\/p>\n<p>\u201cOs passageiros n\u00e3o foram informados sobre a localiza\u00e7\u00e3o dos coletes nem receberam instru\u00e7\u00f5es sobre a sua utiliza\u00e7\u00e3o por parte de qualquer membro da tripula\u00e7\u00e3o antes da aterragem de emerg\u00eancia na \u00e1gua. Como resultado, verificou-se uma confus\u00e3o consider\u00e1vel\u201d, afirma o relat\u00f3rio de investiga\u00e7\u00e3o.<\/p>\n<p>Gl\u00f3ria disse que agarrou o bra\u00e7o da prima e tentou tir\u00e1-la do avi\u00e3o.<\/p>\n<p>\u201cEla estava hist\u00e9rica e n\u00e3o largava a lateral da sa\u00edda\u201d, disse Gl\u00f3ria, que afirmou ter saltado da asa quando a \u00e1gua lhe chegava ao peito. Foi ajudada pelo comiss\u00e1rio e por outro membro da tripula\u00e7\u00e3o na \u00e1gua. Recordou que o piloto tentou alcan\u00e7\u00e1-la antes de ela se ver numa jangada.<\/p>\n<p>Segundo acidente mortal do comandante em nove anos <\/p>\n<p>John Burn j\u00e1 tinha desafiado as probabilidades anteriormente.<\/p>\n<p>Na altura do acidente de San Juan, estava casado com a cantora Jane Froman, a quem salvou enquanto ela se encontrava gravemente ferida e a flutuar numa jangada improvisada, depois de <a href=\"https:\/\/www.cascais.pt\/noticia\/cascais-evoca-70-anos-da-queda-do-hidroaviao-yankee-clipper-22-e-23-de-fevereiro-espaco\" rel=\"nofollow noopener\" target=\"_blank\">um hidroavi\u00e3o da USO que pilotava se ter despenhado num rio, em Portugal, em 1943<\/a>, de acordo com o filho e com not\u00edcias da imprensa da \u00e9poca. Esse acidente causou a morte de 24 passageiros.<\/p>\n<p>John Burn contou mais tarde aos investigadores que ajudou duas mulheres \u201cem p\u00e2nico\u201d, acompanhadas de crian\u00e7as, a vestir coletes salva-vidas e orientou os passageiros a abandonarem o avi\u00e3o, de acordo com um relato de maio de 1952 do seu testemunho publicado no <a href=\"https:\/\/www.nytimes.com\/1952\/05\/06\/archives\/c-a-a-board-told-of-engine-failure-pilot-in-crash-that-killed-52-of.html\" rel=\"nofollow noopener\" target=\"_blank\">The New York Times<\/a>. No entanto, alguns passageiros permaneceram presos aos assentos.<\/p>\n<p>John Burn, um veterano da Pan Am com 36 anos de servi\u00e7o, ajudou um passageiro a abrir a porta principal da cabina e \u201ccome\u00e7ou a retirar \u00e0 for\u00e7a os passageiros por essa sa\u00edda\u201d, antes de o piloto ter sido projetado para a \u00e1gua, de acordo com o relat\u00f3rio do acidente.<\/p>\n<p> <img decoding=\"async\" alt=\"\" src=\"https:\/\/www.europesays.com\/pt\/wp-content\/uploads\/2026\/08\/1788179808_201_f_webp.webp\" width=\"600\"\/> <\/p>\n<p>   John Burn. (Cortesia de Heather Burn) <\/p>\n<p>\u201cDos 12 passageiros que sobreviveram, sete sa\u00edram da aeronave pelas sa\u00eddas de emerg\u00eancia da cabine, quatro pela porta principal da cabine e um pela janela direita da cabine de pilotagem\u201d, referia o relat\u00f3rio. O primeiro e o segundo oficiais, na \u00fanica jangada salva-vidas lan\u00e7ada, resgataram cinco passageiros, bem como o comiss\u00e1rio de bordo e o assistente de bordo. Uma aeronave de resgate resgatou o comandante e outros sete passageiros que flutuaram nas \u00e1guas agitadas durante um per\u00edodo que variou entre 30 minutos e uma hora.<\/p>\n<p>O filho de John Burn, Gray Burn, recordou o comandante a dizer: \u201c\u2018S\u00f3 consigo lan\u00e7ar um n\u00famero limitado de pessoas ao mar nestas condi\u00e7\u00f5es\u2019. Acho que era isso que realmente o incomodava\u201d.<\/p>\n<p>\u201cSem instru\u00e7\u00f5es de seguran\u00e7a, com uma barreira lingu\u00edstica significativa e sem um procedimento de evacua\u00e7\u00e3o coordenado em vigor, os passageiros enfrentaram o caos, a confus\u00e3o e o mar agitado enquanto a aeronave se enchia de \u00e1gua e afundava em menos de tr\u00eas minutos\u201d, afirmou um comunicado da <a href=\"https:\/\/airseaheritage.org\/\" rel=\"nofollow noopener\" target=\"_blank\">Air\/Sea Heritage Foundation<\/a>.<\/p>\n<p>A equipa de explora\u00e7\u00e3o, que inclu\u00eda o programa \u201cExpedition Unknown\u201d do Discovery Channel, <a href=\"https:\/\/www.cnn.com\/2026\/07\/21\/us\/video\/clipper-endeavor-discovered-pan-am-flight-digvid-vrtc\" rel=\"nofollow noopener\" target=\"_blank\">encontrou os destro\u00e7os<\/a> em junho, utilizando um drone subaqu\u00e1tico aut\u00f3nomo.<\/p>\n<p>Uma crian\u00e7a pequena \u00e9 salva ao esticar o bra\u00e7o para fora da \u00e1gua <\/p>\n<p>Outra sobrevivente foi Novetah Davenport, pioneira da avia\u00e7\u00e3o e membro da organiza\u00e7\u00e3o internacional de mulheres pilotos <a href=\"https:\/\/www.museumofwomenpilots.org\/our-history-resource-center-special-4.htm\" rel=\"nofollow noopener\" target=\"_blank\">The Ninety-Nines<\/a>.<\/p>\n<p>Margarita Montalvo recordou ter levado Novetah ao aeroporto naquela manh\u00e3 de Sexta-Feira Santa com o irm\u00e3o da aviadora, seu av\u00f4 adotivo, de acordo com um artigo de 2022 publicado no <a href=\"https:\/\/eladoquintimes.com\/2022\/04\/09\/opinion-viernes-santo-con-la-escoba-a-cuestas\/?shem=isphc,\" rel=\"nofollow noopener\" target=\"_blank\">El Adoquin<\/a>, uma publica\u00e7\u00e3o digital dedicada \u00e0 cultura porto-riquenha.<\/p>\n<p>Margarita e o av\u00f4 regressaram ao aeroporto depois de terem sabido do acidente.<\/p>\n<p>Enquanto as prociss\u00f5es da Sexta-Feira Santa decorriam por toda a ilha, as pessoas alinhavam-se na costa perto do porto de San Juan e aplaudiam uma <a href=\"https:\/\/cgaviationhistory.org\/sar\/a-tragic-good-friday-11-april-1952\/\" rel=\"nofollow noopener\" target=\"_blank\">aeronave anf\u00edbia da Guarda Costeira<\/a> que resgatou todos os sobreviventes, exceto um.<\/p>\n<p> <img decoding=\"async\" alt=\"\" src=\"https:\/\/www.europesays.com\/pt\/wp-content\/uploads\/2026\/08\/1788179809_229_f_webp.webp\" width=\"600\"\/> <\/p>\n<p>   Imagem de sonar do local dos destro\u00e7os do Clipper Endeavor. (Cortesia da AirSea Heritage Foundation e da Deep Sea Vision) <\/p>\n<p>Viram Novetah Davenport a sair de uma aeronave de resgate, segurando a m\u00e3o de uma crian\u00e7a pequena. Novetah contou-lhes que escapou do avi\u00e3o e puxou o menino para um local seguro quando este estendeu a m\u00e3o da \u00e1gua, de acordo com relatos publicados e o testemunho de Margarita Montalvo. Novetah manteve-se em contacto com o menino at\u00e9 \u00e0 sua morte, em 1992, aos 90 anos, escreveu Margarita.<\/p>\n<p>O nome do menino \u00e9 Mark Van Daalen. Tinha dois anos quando o avi\u00e3o se despenhou, sendo filho dos mission\u00e1rios Leo e Eunice Van Daalen, de acordo com relatos publicados em <a href=\"https:\/\/wol.jw.org\/en\/wol\/d\/r1\/lp-e\/2009045#h=14\" rel=\"nofollow noopener\" target=\"_blank\">A Sentinela<\/a>, a publica\u00e7\u00e3o oficial das Testemunhas de Jeov\u00e1. A fam\u00edlia planeava visitar familiares no continente.<\/p>\n<p>\u201cLeo e Eunice\u201d morreram no acidente, de acordo com A Sentinela. O seu filho \u201cfoi encontrado a flutuar no oceano. Foi colocado num bote salva-vidas por um sobrevivente, recebeu respira\u00e7\u00e3o artificial e sobreviveu.\u00bb<\/p>\n<p>Pouco depois do acidente, o famoso compositor porto-riquenho Rafael Hern\u00e1ndez escreveu uma can\u00e7\u00e3o intitulada \u201cA Trag\u00e9dia da Sexta-Feira Santa\u201d, que \u00e9 tocada h\u00e1 d\u00e9cadas pelas esta\u00e7\u00f5es de r\u00e1dio de toda a ilha na v\u00e9spera da P\u00e1scoa.<\/p>\n<p>\u201cQue Sexta-Feira Santa t\u00e3o triste. A ang\u00fastia e a dor sofridas pelos nossos irm\u00e3os que voavam para Nova Iorque\u201d.<\/p>\n<p>A letra tamb\u00e9m menciona uma \u201cmulher valente\u201d que envolveu nos bra\u00e7os um menino a chorar e o salvou enquanto lutava contra as ondas fortes.<\/p>\n<p>\u201cAnos perdidos que nunca poder\u00e3o ser recuperados\u201d <\/p>\n<p>Diana Lachatanere conta que tinha cinco anos na altura do acidente. O pai, Romulo Lachatanere, nascido em Cuba, farmac\u00eautico e jornalista na imprensa de l\u00edngua espanhola, n\u00e3o sobreviveu.<\/p>\n<p>Diana, de 80 anos, antiga arquivista e diretora-adjunta do Schomburg Center for Research in Black Culture na Biblioteca P\u00fablica de Nova Iorque, diz que tomou conhecimento da descoberta dos destro\u00e7os no final de julho.<\/p>\n<p>\u201cUma das coisas que me pergunto \u00e9: e se ele tivesse ficado inconsciente durante a aterragem?\u201d, diz.<\/p>\n<p>O Discovery Channel ir\u00e1 apresentar a descoberta num epis\u00f3dio de \u201cExpedition Unknown\u201d ainda este ano. O Discovery Channel, tal como a CNN, \u00e9 propriedade da Warner Bros. Discovery.<\/p>\n<p>N\u00e3o h\u00e1 planos para recuperar os destro\u00e7os nem para os perturbar de forma alguma, diz um porta-voz de \u201cExpedition Unknown\u201d \u00e0 CNN, salientando que o local \u00e9 um t\u00famulo para aqueles que morreram no acidente.<\/p>\n<p> <img decoding=\"async\" alt=\"\" src=\"https:\/\/www.europesays.com\/pt\/wp-content\/uploads\/2026\/08\/1788179809_557_f_webp.webp\" width=\"600\"\/> <\/p>\n<p>   Sec\u00e7\u00e3o do nariz do Clipper Endeavor com o log\u00f3tipo da empresa PAA vis\u00edvel. (Cortesia da AirSea Heritage Foundation e da Deep Sea Vision) <\/p>\n<p>A Air\/Sea Heritage Foundation est\u00e1 a trabalhar com o Governo de Porto Rico para alargar as medidas de prote\u00e7\u00e3o do local dos destro\u00e7os e a defender a cria\u00e7\u00e3o de um memorial em homenagem \u00e0s v\u00edtimas do acidente.<\/p>\n<p>\u201cPara ser franca, esta descoberta n\u00e3o muda nada para mim\u201d, confessa Diana Lachatanere \u00e0 CNN. \u201cO meu pai j\u00e1 est\u00e1 morto h\u00e1 74 anos. Talvez se um corpo tivesse sido recuperado\u2026 Simplesmente n\u00e3o sei. Na verdade, o corpo n\u00e3o \u00e9 o que importa, s\u00e3o os anos perdidos que nunca poder\u00e3o ser recuperados\u201d.<\/p>\n<p>Mas as contribui\u00e7\u00f5es da trag\u00e9dia para a seguran\u00e7a a\u00e9rea proporcionaram algum consolo, diz Diana Lachatanere.<\/p>\n<p>\u201cTenho voado desde os 15 anos \u2013 em 1961. Costumava prestar aten\u00e7\u00e3o, mas depois tornou-se ru\u00eddo de fundo\u201d, diz sobre as instru\u00e7\u00f5es pr\u00e9-voo. \u201cAgora vou prestar aten\u00e7\u00e3o e dar \u00e0s comiss\u00e1rias de bordo o devido valor\u201d.<\/p>\n<p>O filho e a filha de Gl\u00f3ria Ros\u00e1rio recordaram como ela parecia ter encontrado um prop\u00f3sito ap\u00f3s o acidente. Foi assistente social durante mais de tr\u00eas d\u00e9cadas e obteve um mestrado em Nova Iorque aos 42 anos. Gl\u00f3ria e o marido, com quem esteve casada durante 62 anos, criaram quatro filhos em Brooklyn.<\/p>\n<p>Gl\u00f3ria apanhou um voo para Nova Iorque pouco depois do acidente. Continuou a voar durante d\u00e9cadas, conta a filha de 63 anos, Frances Viruet.<\/p>\n<p>Depois de cada voo, diz Frances, Ros\u00e1rio parava sempre \u00e0 porta da cabina de pilotagem para apertar a m\u00e3o ao piloto e dizer: \u201cObrigada\u201d.<\/p>\n","protected":false},"excerpt":{"rendered":"Acidente provocou 52 mortos. Destro\u00e7os do aparelho s\u00f3 agora foram encontrados Depois de o Voo 526A da Pan&hellip;\n","protected":false},"author":2,"featured_media":506406,"comment_status":"","ping_status":"","sticky":false,"template":"","format":"standard","meta":{"footnotes":"","_share_on_mastodon":"0"},"categories":[50],"tags":[609,836,611,324,27,28,607,608,333,832,604,135,610,476,15,16,301,830,14,603,25,26,570,21,22,831,833,62,834,12,13,19,20,835,602,74611,52,41784,32,23,24,17,18,29,30,31,81141,63,64,65],"class_list":["post-506405","post","type-post","status-publish","format-standard","has-post-thumbnail","category-mundo","tag-alerta","tag-analise","tag-ao-minuto","tag-aviao","tag-breaking-news","tag-breakingnews","tag-cnn","tag-cnn-portugal","tag-comentadores","tag-costa","tag-crime","tag-desporto","tag-direto","tag-economia","tag-featured-news","tag-featurednews","tag-governo","tag-guerra","tag-headlines","tag-justica","tag-latest-news","tag-latestnews","tag-live","tag-main-news","tag-mainnews","tag-mais-vistas","tag-marcelo","tag-mundo","tag-negocios","tag-news","tag-noticias","tag-noticias-principais","tag-noticiasprincipais","tag-opiniao","tag-pais","tag-pan-am","tag-politica","tag-porto-rico","tag-portugal","tag-principais-noticias","tag-principaisnoticias","tag-top-stories","tag-topstories","tag-ultimas","tag-ultimas-noticias","tag-ultimasnoticias","tag-voo-526a","tag-world","tag-world-news","tag-worldnews"],"share_on_mastodon":{"url":"","error":"Validation failed: Text character limit of 500 exceeded"},"_links":{"self":[{"href":"https:\/\/www.europesays.com\/pt\/wp-json\/wp\/v2\/posts\/506405","targetHints":{"allow":["GET"]}}],"collection":[{"href":"https:\/\/www.europesays.com\/pt\/wp-json\/wp\/v2\/posts"}],"about":[{"href":"https:\/\/www.europesays.com\/pt\/wp-json\/wp\/v2\/types\/post"}],"author":[{"embeddable":true,"href":"https:\/\/www.europesays.com\/pt\/wp-json\/wp\/v2\/users\/2"}],"replies":[{"embeddable":true,"href":"https:\/\/www.europesays.com\/pt\/wp-json\/wp\/v2\/comments?post=506405"}],"version-history":[{"count":0,"href":"https:\/\/www.europesays.com\/pt\/wp-json\/wp\/v2\/posts\/506405\/revisions"}],"wp:featuredmedia":[{"embeddable":true,"href":"https:\/\/www.europesays.com\/pt\/wp-json\/wp\/v2\/media\/506406"}],"wp:attachment":[{"href":"https:\/\/www.europesays.com\/pt\/wp-json\/wp\/v2\/media?parent=506405"}],"wp:term":[{"taxonomy":"category","embeddable":true,"href":"https:\/\/www.europesays.com\/pt\/wp-json\/wp\/v2\/categories?post=506405"},{"taxonomy":"post_tag","embeddable":true,"href":"https:\/\/www.europesays.com\/pt\/wp-json\/wp\/v2\/tags?post=506405"}],"curies":[{"name":"wp","href":"https:\/\/api.w.org\/{rel}","templated":true}]}}