{"id":506409,"date":"2026-08-31T12:40:19","date_gmt":"2026-08-31T12:40:19","guid":{"rendered":"https:\/\/www.europesays.com\/pt\/506409\/"},"modified":"2026-08-31T12:40:19","modified_gmt":"2026-08-31T12:40:19","slug":"filha-do-diretor-carlos-manga-jr-atriz-julia-manga-fala-da-estreia-no-audiovisual-e-da-relacao-com-diogo-novaes-seu-irmao","status":"publish","type":"post","link":"https:\/\/www.europesays.com\/pt\/506409\/","title":{"rendered":"Filha do diretor Carlos Manga Jr., atriz Julia Manga fala da estreia no audiovisual e da rela\u00e7\u00e3o com Diogo Novaes, seu irm\u00e3o"},"content":{"rendered":"\n<p class=\" content-text__container \" data-track-category=\"Link no Texto\" data-track-links=\"\"> \u2014 Ela \u00e9 um pouco diferente das outras coisas que fiz. Ela \u00e9 uma personagem assanhadinha, no sentido de que ela quer o lugar da irm\u00e3, ela quer o lugar da prima e ela corre atr\u00e1s. Est\u00e1 disposta a passar por cima de tudo para chegar aonde almeja. Eu, Julia, tamb\u00e9m sou muito determinada e sei aonde quero chegar. Tamb\u00e9m estou disposta a passar o que for para chegar aonde eu quero. E eu sei que vou chegar. \u00c9 muito bom quando voc\u00ea tem esse sentimento de pertencimento, de se encontrar. E cada vez mais em que eu atuo, em que eu interpreto personagens diferentes, eu vejo que \u00e9 isso que eu quero para a minha vida. Me encontrei no audiovisual, \u00e9 o caminho que quero perseguir. Tenho vontade tamb\u00e9m de quebrar fronteiras, atuar em outras l\u00ednguas, outras culturas. Tenho o sonho de atuar fora, em outros pa\u00edses. E, claro, quero fazer Hist\u00f3ria para o nosso cinema nacional. <\/p>\n","protected":false},"excerpt":{"rendered":"\u2014 Ela \u00e9 um pouco diferente das outras coisas que fiz. Ela \u00e9 uma personagem assanhadinha, no sentido&hellip;\n","protected":false},"author":2,"featured_media":473250,"comment_status":"","ping_status":"","sticky":false,"template":"","format":"standard","meta":{"footnotes":"","_share_on_mastodon":"0"},"categories":[145],"tags":[211,210,1579,114,115,32,33,679,13502],"class_list":["post-506409","post","type-post","status-publish","format-standard","has-post-thumbnail","category-celebridades","tag-celebridades","tag-celebrities","tag-disney","tag-entertainment","tag-entretenimento","tag-portugal","tag-pt","tag-reportagem","tag-servico-de-streaming-de-video-sob-demanda-da-the-walt-disney-company"],"share_on_mastodon":{"url":"https:\/\/pubeurope.com\/@pt\/117190172492022904","error":""},"_links":{"self":[{"href":"https:\/\/www.europesays.com\/pt\/wp-json\/wp\/v2\/posts\/506409","targetHints":{"allow":["GET"]}}],"collection":[{"href":"https:\/\/www.europesays.com\/pt\/wp-json\/wp\/v2\/posts"}],"about":[{"href":"https:\/\/www.europesays.com\/pt\/wp-json\/wp\/v2\/types\/post"}],"author":[{"embeddable":true,"href":"https:\/\/www.europesays.com\/pt\/wp-json\/wp\/v2\/users\/2"}],"replies":[{"embeddable":true,"href":"https:\/\/www.europesays.com\/pt\/wp-json\/wp\/v2\/comments?post=506409"}],"version-history":[{"count":0,"href":"https:\/\/www.europesays.com\/pt\/wp-json\/wp\/v2\/posts\/506409\/revisions"}],"wp:featuredmedia":[{"embeddable":true,"href":"https:\/\/www.europesays.com\/pt\/wp-json\/wp\/v2\/media\/473250"}],"wp:attachment":[{"href":"https:\/\/www.europesays.com\/pt\/wp-json\/wp\/v2\/media?parent=506409"}],"wp:term":[{"taxonomy":"category","embeddable":true,"href":"https:\/\/www.europesays.com\/pt\/wp-json\/wp\/v2\/categories?post=506409"},{"taxonomy":"post_tag","embeddable":true,"href":"https:\/\/www.europesays.com\/pt\/wp-json\/wp\/v2\/tags?post=506409"}],"curies":[{"name":"wp","href":"https:\/\/api.w.org\/{rel}","templated":true}]}}