{"id":50644,"date":"2025-08-29T20:18:12","date_gmt":"2025-08-29T20:18:12","guid":{"rendered":"https:\/\/www.europesays.com\/pt\/50644\/"},"modified":"2025-08-29T20:18:12","modified_gmt":"2025-08-29T20:18:12","slug":"israel-recupera-dois-corpos-de-refens-em-operacao-militar-em-gaza-um-deles-ja-foi-identificado-e-e-ilan-weiss-diario-de-noticias","status":"publish","type":"post","link":"https:\/\/www.europesays.com\/pt\/50644\/","title":{"rendered":"Israel recupera dois corpos de ref\u00e9ns em opera\u00e7\u00e3o militar em Gaza. Um deles j\u00e1 foi identificado e \u00e9 Ilan Weiss &#8211; Di\u00e1rio de Not\u00edcias"},"content":{"rendered":"<ol>\n<li><a href=\"https:\/\/news.google.com\/rss\/articles\/CBMi-gFBVV95cUxNZFVFN3ZRdGpNQXZtQjRxWS1tVVY5Yk01MU94cDVDa19sQTVsRFRheTdESjNtMm9NbHREbHFieVg0Vm1hX1l2dkxFOG9WZmtvVGhRN1ZwM3pUWmVuUjNOb0doa0d3ZUsweGFwN2o2QUJwTE9ZdUplQ21JM0hELUlsemdYcllsTDhCZ2R3SkduY3NTNkNvZjRPd1J5UlAtaGZTb2d4ZU5Hd2RhelF0ZGRlWDF6LTZYandhVnNRaUFneE4zYk5TLVRWVUd0VUlsdlppYXBZNFJsclhWOWlPNDNBY0FRVFltNHBpV0VoSHI0R0RCRDVyT05MLTl3?oc=5\" target=\"_blank\" rel=\"nofollow noopener\">Israel recupera dois corpos de ref\u00e9ns em opera\u00e7\u00e3o militar em Gaza. Um deles j\u00e1 foi identificado e \u00e9 Ilan Weiss<\/a>&nbsp;&nbsp;Di\u00e1rio de Not\u00edcias<\/li>\n<li><a href=\"https:\/\/news.google.com\/rss\/articles\/CBMixAFBVV95cUxONUlqQTZ4MTAwbWhsNDBpVHZ5ZUFDY2p4LUFGbTc3YmNzdnlyYWppNjlKWVdXQ1ZPaHp6YjJaUlRKZ3BtZXNhOUcyZW03bWEwdDlVTlJxbHdLU1BPTWNIVWZERERib3YwMDJLcHlmOGdXTm5oNHEtaFc4eGpzdndLRWFFMHE1emNkRUJNU25ybTZWcUUzWFozS240VldYY2phNnp0M004QnJvN2dObWlqaEZyYkhIbDVscmJKeGxKa1ZfbWNM?oc=5\" target=\"_blank\" rel=\"nofollow noopener\">Israel declara Cidade de Gaza \u2018zona de combate\u2019; Ex\u00e9rcito recupera corpo de dois ref\u00e9ns<\/a>&nbsp;&nbsp;Estad\u00e3o<\/li>\n<li><a href=\"https:\/\/news.google.com\/rss\/articles\/CBMi1wFBVV95cUxNUndBc2xQRmE5emk3eDJ2OENWd2pEczVYck0yMktXX3FFVTVtaW0yem8xVi0zY0NZc0pOeEtMMjg1NWNwS1NHeWw3TnBCYU1DQmZaYVpBbFFQRFVJcDhoSDhXQUlXSWpyUzUxd29YMDVzQnM1N3JXclYxRk1KSzlZVlVLb3VFb2pOeDRKb2pZY0ZwR29DSlJZUXJ6UEVQb0Z4UlFQZ29NcEs5MzdYZmdlUUx2NkhTX2NNTk1HTG1XUFlTYmtfSVVkTzlGLWNlSllpbTlUZFBoQdIB3AFBVV95cUxORG1aUWlrNkVDQmdLOWN4dExacHFzWW9mTzZxdnc0VUd4a3RHczUwMHRrQkxmdjBGUGFOMUQ1X194bURRRWttSFdBYnFfSzQ5RzlGeWJROVJLTFp5V3hiYWdZNFNmMUl2c0pyemhSYnJqM3ppUXRTUTNKOEtJNC1tc0RyRWgtaXdCX0FEbzVZc0g1blQ0QnVOY0NOOU5FMUlUeXBiYkFOVTVLUnBmTUZZQnlseFdmeW5xUk5GYU51VjhONXZmSEU3Yk5rRGhsY0FzdjA1dEpEamxrcktX?oc=5\" target=\"_blank\" rel=\"nofollow noopener\">Ilan Weiss: ref\u00e9m israelense que teve o corpo recuperado<\/a>&nbsp;&nbsp;Gazeta do Povo<\/li>\n<li><a href=\"https:\/\/news.google.com\/rss\/articles\/CBMi6gFBVV95cUxQblZTeDVmOUV4X3R4VFhKSVI0S04wZXBRclFyUEdXbnlmTF8xSVc5eU1EUmFRd1Y0bTByZFpfX3hnMVRnUEt3YVNVVkhESW5OdnQyNmFsbnpkUms3bTVoblZVQkJGX1JSblFLQ2k1MFVLVWNCazNoVHFNbWVGR21LRVI2aHFXZ0sxZmw2b19oeUgwR0hxNUpVTXFkZV9zUmxXQUQzT0tIX0dac210RUZFd0o0RDBOSnNfcXRubUphd09fSjVyQ21tQlhkMVdHUEtXMVo0bk5MaThmbzh6aFlqR3I0SVJaZHhjTkHSAfgBQVVfeXFMTmhyVHBRYk94YzRhWEtkbUdUNml1NGxBLVFRdnNRSFNTUFEtX0w1dkV5ZnR2U2JzWjNEbHo1VFh5WHo1aTNkdl81bThEUTU2WDdBWlk2Vk1FeUlZTWdNb1ZJY1JhZDJmWjhqcWlmM2VOaGFzVTRURHZkMS03QnJBUDNrOUwyMm1tOGJtUFlhM2h3SWFISkNsVmR0OWh4a0dLeEMydkE0bFU2SXV0Tm9DX2UxQVYwTnlqZDFPdFV1RGxEN3BOVi1PT3hCYV9qUmQtekFLeElSTkI4R2Z2UFFBS1RBZVI0cVhNdWlKMXNsemt6ZVVkQ3d3QUk?oc=5\" target=\"_blank\" rel=\"nofollow noopener\">Ex\u00e9rcito de Israel recupera restos mortais de ref\u00e9ns e declara Cidade de Gaza &#8216;zona de combate perigosa&#8217;<\/a>&nbsp;&nbsp;O Globo<\/li>\n<li><a href=\"https:\/\/news.google.com\/rss\/articles\/CBMilgFBVV95cUxPUTltWW9nQzkwTW1Nc1RTdkZ3ZWpoUEJFZk5nYVJPM1lac2c1S0JhckpfVmFqOFZDSTg1akI0VE15eVFTTDA3X01xR3FlVVZvQUFiMkRvQ3lvSkJDWFNnWmFLMjRkQ2hYd1NQZ0cyVXQ5d1ZXNDB6V01Ra3NYNTltXzBiWmFjNl95RTREejBoWGs5VUNBbnc?oc=5\" target=\"_blank\" rel=\"nofollow noopener\">Israel recupera corpo de ref\u00e9m na Faixa de Gaza<\/a>&nbsp;&nbsp;CNN Brasil<\/li>\n<\/ol>\n","protected":false},"excerpt":{"rendered":"Israel recupera dois corpos de ref\u00e9ns em opera\u00e7\u00e3o militar em Gaza. Um deles j\u00e1 foi identificado e \u00e9&hellip;\n","protected":false},"author":2,"featured_media":50522,"comment_status":"","ping_status":"","sticky":false,"template":"","format":"standard","meta":{"footnotes":""},"categories":[50],"tags":[27,28,15,16,14,25,26,21,22,62,12,13,19,20,23,24,17,18,29,30,31,63,64,65],"class_list":{"0":"post-50644","1":"post","2":"type-post","3":"status-publish","4":"format-standard","5":"has-post-thumbnail","7":"category-mundo","8":"tag-breaking-news","9":"tag-breakingnews","10":"tag-featured-news","11":"tag-featurednews","12":"tag-headlines","13":"tag-latest-news","14":"tag-latestnews","15":"tag-main-news","16":"tag-mainnews","17":"tag-mundo","18":"tag-news","19":"tag-noticias","20":"tag-noticias-principais","21":"tag-noticiasprincipais","22":"tag-principais-noticias","23":"tag-principaisnoticias","24":"tag-top-stories","25":"tag-topstories","26":"tag-ultimas","27":"tag-ultimas-noticias","28":"tag-ultimasnoticias","29":"tag-world","30":"tag-world-news","31":"tag-worldnews"},"share_on_mastodon":{"url":"","error":""},"_links":{"self":[{"href":"https:\/\/www.europesays.com\/pt\/wp-json\/wp\/v2\/posts\/50644","targetHints":{"allow":["GET"]}}],"collection":[{"href":"https:\/\/www.europesays.com\/pt\/wp-json\/wp\/v2\/posts"}],"about":[{"href":"https:\/\/www.europesays.com\/pt\/wp-json\/wp\/v2\/types\/post"}],"author":[{"embeddable":true,"href":"https:\/\/www.europesays.com\/pt\/wp-json\/wp\/v2\/users\/2"}],"replies":[{"embeddable":true,"href":"https:\/\/www.europesays.com\/pt\/wp-json\/wp\/v2\/comments?post=50644"}],"version-history":[{"count":0,"href":"https:\/\/www.europesays.com\/pt\/wp-json\/wp\/v2\/posts\/50644\/revisions"}],"wp:featuredmedia":[{"embeddable":true,"href":"https:\/\/www.europesays.com\/pt\/wp-json\/wp\/v2\/media\/50522"}],"wp:attachment":[{"href":"https:\/\/www.europesays.com\/pt\/wp-json\/wp\/v2\/media?parent=50644"}],"wp:term":[{"taxonomy":"category","embeddable":true,"href":"https:\/\/www.europesays.com\/pt\/wp-json\/wp\/v2\/categories?post=50644"},{"taxonomy":"post_tag","embeddable":true,"href":"https:\/\/www.europesays.com\/pt\/wp-json\/wp\/v2\/tags?post=50644"}],"curies":[{"name":"wp","href":"https:\/\/api.w.org\/{rel}","templated":true}]}}