{"id":506440,"date":"2026-08-31T13:20:14","date_gmt":"2026-08-31T13:20:14","guid":{"rendered":"https:\/\/www.europesays.com\/pt\/506440\/"},"modified":"2026-08-31T13:20:14","modified_gmt":"2026-08-31T13:20:14","slug":"brasil-abel-tropeca-luis-castro-vence-lanterna-vermelha-com-reviravolta","status":"publish","type":"post","link":"https:\/\/www.europesays.com\/pt\/506440\/","title":{"rendered":"Brasil: Abel trope\u00e7a, Lu\u00eds Castro vence lanterna vermelha com reviravolta"},"content":{"rendered":"<p data-end=\"548\" data-start=\"237\">O Palmeiras de Abel Ferreira voltou a perder pontos no Brasileir\u00e3o, ao empatar 1-1 no terreno do Mirassol, mas mant\u00e9m-se na lideran\u00e7a, com 52 pontos.<\/p>\n<p data-end=\"548\" data-start=\"237\">Maur\u00edcio evitou a derrota dos paulistas, depois de Eduardo ter colocado a equipa da casa na frente, num jogo em que Walter ainda salvou o Mirassol nos descontos.<\/p>\n<p data-end=\"897\" data-start=\"550\">Depois de uma primeira parte pobre em ocasi\u00f5es, Eduardo (50m) inaugurou o marcador logo no arranque da segunda metade, de cabe\u00e7a, na sequ\u00eancia de um cruzamento de Igor Formiga. O Palmeiras respondeu apenas aos 74 minutos: Gustavo G\u00f3mez desviou de cabe\u00e7a um lan\u00e7amento de Giay e Maur\u00edcio (75m), depois de dominar no peito, rematou de p\u00e9 esquerdo para o empate.<\/p>\n<p data-end=\"1256\" data-start=\"899\">A equipa de Abel ainda escapou a um pen\u00e1lti, depois de o \u00e1rbitro ter revertido a decis\u00e3o com recurso ao VAR, e terminou reduzida a dez, com a expuls\u00e3o de Arthur ap\u00f3s duas faltas consecutivas j\u00e1 nos descontos.<\/p>\n<p data-end=\"1256\" data-start=\"899\">Com este resultado, o Palmeiras segue com quatro pontos de vantagem sobre o Flamengo, que tem um jogo em atraso e pode reduzir a diferen\u00e7a para apenas um ponto.<\/p>\n<p data-end=\"1529\" data-start=\"1258\">J\u00e1 o Gr\u00e9mio de Lu\u00eds Castro respondeu da melhor forma \u00e0 press\u00e3o e venceu a Chapecoense por 3-1, com direito a reviravolta.<\/p>\n<p data-end=\"1868\" data-start=\"1531\">Garcez colocou a Chapecoense na frente aos 14 minutos, mas a resposta foi r\u00e1pida. Gustavo Martins empatou quatro minutos depois, beneficiando de um desvio de Enamorado, antes de Pav\u00f3n (28m) assinar a reviravolta com um remate de p\u00e9 esquerdo. Na segunda parte, o argentino cobrou o canto que culminou no bis de Gustavo Martins (56m), fechando o resultado em 3-1.<\/p>\n<p data-end=\"2174\" data-is-last-node=\"\" data-is-only-node=\"\" data-start=\"1870\">A vit\u00f3ria d\u00e1 algum descanso a Lu\u00eds Castro, que est\u00e1 no 15.\u00ba lugar da classifica\u00e7\u00e3o, com 28 pontos, apenas a tr\u00eas do Vasco da Gama, a primeira equipa abaixo da linha de \u00e1gua.<\/p>\n","protected":false},"excerpt":{"rendered":"O Palmeiras de Abel Ferreira voltou a perder pontos no Brasileir\u00e3o, ao empatar 1-1 no terreno do Mirassol,&hellip;\n","protected":false},"author":2,"featured_media":506441,"comment_status":"","ping_status":"","sticky":false,"template":"","format":"standard","meta":{"footnotes":"","_share_on_mastodon":"0"},"categories":[87],"tags":[3506,726,135,13995,82,31527,436,46,1621,32,33,47,4219,5434,134],"class_list":["post-506440","post","type-post","status-publish","format-standard","has-post-thumbnail","category-desporto","tag-abel-ferreira","tag-brasil","tag-desporto","tag-gremio","tag-internacional","tag-luis-castro","tag-made-in","tag-maisfutebol","tag-palmeiras","tag-portugal","tag-pt","tag-pura-paixao","tag-resultado-final","tag-resultados-hoje","tag-sports"],"share_on_mastodon":{"url":"https:\/\/pubeurope.com\/@pt\/117190330694563746","error":""},"_links":{"self":[{"href":"https:\/\/www.europesays.com\/pt\/wp-json\/wp\/v2\/posts\/506440","targetHints":{"allow":["GET"]}}],"collection":[{"href":"https:\/\/www.europesays.com\/pt\/wp-json\/wp\/v2\/posts"}],"about":[{"href":"https:\/\/www.europesays.com\/pt\/wp-json\/wp\/v2\/types\/post"}],"author":[{"embeddable":true,"href":"https:\/\/www.europesays.com\/pt\/wp-json\/wp\/v2\/users\/2"}],"replies":[{"embeddable":true,"href":"https:\/\/www.europesays.com\/pt\/wp-json\/wp\/v2\/comments?post=506440"}],"version-history":[{"count":0,"href":"https:\/\/www.europesays.com\/pt\/wp-json\/wp\/v2\/posts\/506440\/revisions"}],"wp:featuredmedia":[{"embeddable":true,"href":"https:\/\/www.europesays.com\/pt\/wp-json\/wp\/v2\/media\/506441"}],"wp:attachment":[{"href":"https:\/\/www.europesays.com\/pt\/wp-json\/wp\/v2\/media?parent=506440"}],"wp:term":[{"taxonomy":"category","embeddable":true,"href":"https:\/\/www.europesays.com\/pt\/wp-json\/wp\/v2\/categories?post=506440"},{"taxonomy":"post_tag","embeddable":true,"href":"https:\/\/www.europesays.com\/pt\/wp-json\/wp\/v2\/tags?post=506440"}],"curies":[{"name":"wp","href":"https:\/\/api.w.org\/{rel}","templated":true}]}}