{"id":506446,"date":"2026-08-31T13:25:14","date_gmt":"2026-08-31T13:25:14","guid":{"rendered":"https:\/\/www.europesays.com\/pt\/506446\/"},"modified":"2026-08-31T13:25:14","modified_gmt":"2026-08-31T13:25:14","slug":"sou-a-mulher-que-deu-um-murro-na-cara-do-tubarao-a-mulher-que-sobreviveu-a-um-ataque-de-um-dos-maiores-predadores-do-mundo","status":"publish","type":"post","link":"https:\/\/www.europesays.com\/pt\/506446\/","title":{"rendered":"&#8220;Sou a mulher que deu um murro na cara do tubar\u00e3o&#8221;: a mulher que sobreviveu a um ataque de um dos maiores predadores do mundo"},"content":{"rendered":"<p>                Leah Stewart recorda a luta contra aquilo que lhe pareceu &#8220;um dinossauro&#8221;. No fim, o pensamento sobre a filha de um ano foi decisivo<\/p>\n<p style=\"margin-bottom:11px\">N\u00e3o \u00e9 todos os dias que se pode dizer que se sobreviveu a um ataque de tubar\u00e3o branco. Leah Stewart perdeu o bra\u00e7o, mas pode diz\u00ea-lo.<\/p>\n<p>Esta australiana estava a nadar descontraidamente na praia de Coogee, em Sydney, quando foi surpreendida por um dos maiores predadores do reino animal. Ficou internada em estado cr\u00edtico durante mais de duas semanas, mas recuperou e j\u00e1 est\u00e1 reunida com a filha de um ano.<\/p>\n<p>Agora, quase tr\u00eas meses ap\u00f3s o ataque de 13 de junho, recordou ao 60 Minutos o epis\u00f3dio que lhe mudou a vida.<\/p>\n<p>\u201cNunca gritei t\u00e3o alto e t\u00e3o loucamente na minha vida\u2026 Eu s\u00f3 pensava \u2018certamente os nadadores-salvadores v\u00e3o ouvir-nos gritar, a mota de \u00e1gua vai chegar a qualquer altura e assust\u00e1-lo\u2019\u201d, come\u00e7a por contar a mulher de 34 anos.<\/p>\n<p>\u201cMas depois passou um minuto e eu ainda ali estava sem ningu\u00e9m para me salvar\u201d, continua, recordando como o tubar\u00e3o ficou \u201ca cerca de 30 cent\u00edmetros da minha cara\u201d. Desse encontro ainda lembra \u201cos olhinhos pretos e brilhantes\u201d do tubar\u00e3o de quatro metros.<\/p>\n<p>\u201cA cara dele era aterradora. Nunca vou esquecer a cara\u201d, frisa.<\/p>\n<p>O tubar\u00e3o passou ent\u00e3o ao ataque e, num ato de instinto, Leah Stewart decidiu agir: \u201cCome\u00e7ou a abrir a boca e eu fiquei do g\u00e9nero \u2018vai apanhar-me a cara\u2026 Tenho de tentar e esmurr\u00e1-lo. Tenho de tentar e empurr\u00e1-lo ou vai morder-me a cabe\u00e7a\u201d.<\/p>\n<p>Num momento de alguma racionalidade, ainda conseguiu pensar qual o bra\u00e7o que devia usar para tentar afastar o animal. Como \u00e9 destra, achou que o esquerdo era a op\u00e7\u00e3o certa, j\u00e1 que percebeu que iria perder um membro.<\/p>\n<p>Tudo isto numa esp\u00e9cie de \u201cslow motion\u201d que foi \u201ccomo lutar com um dinossauro\u201d.<\/p>\n<p>\u201cNa minha cabe\u00e7a estava do g\u00e9nero \u2018seu feioso, n\u00e3o me vais afastar da minha filha\u2019, mexi-me \u00e0 volta e comecei a esmurrar uma e outra vez\u201d, conta, recordando o epis\u00f3dio como se estivesse a bater numa parede.<\/p>\n<p>O tubar\u00e3o apanhou-lhe o bra\u00e7o e coxa antes de a ajuda chegar. J\u00e1 na praia e apenas meio-consciente, a mulher s\u00f3 conseguiu pensar na filha, August. \u201cN\u00e3o posso morrer agora\u201d era o pensamento que a assaltava.<\/p>\n<p>\u201cSenti a minha vida a ir-se. Era como se tudo estivesse a deixar o meu corpo e estava a ir para um lado qualquer quando estava a chegar ao fim do t\u00fanel e tive uma vis\u00e3o da August\u201d, descreve.<\/p>\n<p>Agarrou-se a essa for\u00e7a, \u00e0 determina\u00e7\u00e3o de n\u00e3o deixar a filha crescer sem m\u00e3e, e conseguiu sobreviver. \u201cN\u00e3o fui apenas uma rapariga que foi atacada na praia&#8230; Sou a mulher que deu um murro na cara do tubar\u00e3o&#8221;, conclui.<\/p>\n","protected":false},"excerpt":{"rendered":"Leah Stewart recorda a luta contra aquilo que lhe pareceu &#8220;um dinossauro&#8221;. No fim, o pensamento sobre a&hellip;\n","protected":false},"author":2,"featured_media":506447,"comment_status":"","ping_status":"","sticky":false,"template":"","format":"standard","meta":{"footnotes":"","_share_on_mastodon":"0"},"categories":[50],"tags":[609,611,81163,2337,27,28,607,608,81162,610,15,16,830,14,82,25,26,81161,570,21,22,62,12,13,19,20,23,24,3813,839,17,18,4665,840,29,30,31,63,64,65,3814],"class_list":["post-506446","post","type-post","status-publish","format-standard","has-post-thumbnail","category-mundo","tag-alerta","tag-ao-minuto","tag-ataque-de-tubarao","tag-australia","tag-breaking-news","tag-breakingnews","tag-cnn","tag-cnn-portugal","tag-coogee","tag-direto","tag-featured-news","tag-featurednews","tag-guerra","tag-headlines","tag-internacional","tag-latest-news","tag-latestnews","tag-leah-stewart","tag-live","tag-main-news","tag-mainnews","tag-mundo","tag-news","tag-noticias","tag-noticias-principais","tag-noticiasprincipais","tag-principais-noticias","tag-principaisnoticias","tag-putin","tag-russia","tag-top-stories","tag-topstories","tag-tubarao","tag-ucrania","tag-ultimas","tag-ultimas-noticias","tag-ultimasnoticias","tag-world","tag-world-news","tag-worldnews","tag-zelensky"],"share_on_mastodon":{"url":"","error":"Validation failed: Text character limit of 500 exceeded"},"_links":{"self":[{"href":"https:\/\/www.europesays.com\/pt\/wp-json\/wp\/v2\/posts\/506446","targetHints":{"allow":["GET"]}}],"collection":[{"href":"https:\/\/www.europesays.com\/pt\/wp-json\/wp\/v2\/posts"}],"about":[{"href":"https:\/\/www.europesays.com\/pt\/wp-json\/wp\/v2\/types\/post"}],"author":[{"embeddable":true,"href":"https:\/\/www.europesays.com\/pt\/wp-json\/wp\/v2\/users\/2"}],"replies":[{"embeddable":true,"href":"https:\/\/www.europesays.com\/pt\/wp-json\/wp\/v2\/comments?post=506446"}],"version-history":[{"count":0,"href":"https:\/\/www.europesays.com\/pt\/wp-json\/wp\/v2\/posts\/506446\/revisions"}],"wp:featuredmedia":[{"embeddable":true,"href":"https:\/\/www.europesays.com\/pt\/wp-json\/wp\/v2\/media\/506447"}],"wp:attachment":[{"href":"https:\/\/www.europesays.com\/pt\/wp-json\/wp\/v2\/media?parent=506446"}],"wp:term":[{"taxonomy":"category","embeddable":true,"href":"https:\/\/www.europesays.com\/pt\/wp-json\/wp\/v2\/categories?post=506446"},{"taxonomy":"post_tag","embeddable":true,"href":"https:\/\/www.europesays.com\/pt\/wp-json\/wp\/v2\/tags?post=506446"}],"curies":[{"name":"wp","href":"https:\/\/api.w.org\/{rel}","templated":true}]}}