{"id":50645,"date":"2025-08-29T20:20:08","date_gmt":"2025-08-29T20:20:08","guid":{"rendered":"https:\/\/www.europesays.com\/pt\/50645\/"},"modified":"2025-08-29T20:20:08","modified_gmt":"2025-08-29T20:20:08","slug":"mercado-oficial-benfica-vende-defesa-para-franca","status":"publish","type":"post","link":"https:\/\/www.europesays.com\/pt\/50645\/","title":{"rendered":"Mercado oficial: Benfica vende defesa para Fran\u00e7a"},"content":{"rendered":"<p>No mesmo dia em que revelou que chegou a acordo com o <a class=\"autolink-enabled\" data-resource-id=\"516\" data-resource-type=\"team\" data-sport=\"football\" href=\"https:\/\/www.abola.pt\/futebol\/fenerbahce-516\" rel=\"nofollow noopener\" target=\"_blank\">Fenerbah\u00e7e<\/a> para a transfer\u00eancia de <a class=\"autolink-enabled\" data-resource-id=\"218127\" data-resource-type=\"player\" data-sport=\"football\" href=\"https:\/\/www.abola.pt\/futebol\/jogador\/kerem-akturkoglu-218127\" rel=\"nofollow noopener\" target=\"_blank\">Kerem Akturkoglu<\/a>, o <a class=\"autolink-enabled\" data-resource-id=\"450\" data-resource-type=\"team\" data-sport=\"football\" href=\"https:\/\/www.abola.pt\/futebol\/benfica-450\" rel=\"nofollow noopener\" target=\"_blank\">Benfica<\/a> anunciou tamb\u00e9m outra sa\u00edda, a de <a class=\"autolink-enabled\" data-resource-id=\"218645\" data-resource-type=\"player\" data-sport=\"football\" href=\"https:\/\/www.abola.pt\/futebol\/jogador\/lenny-lacroix-218645\" rel=\"nofollow noopener\" target=\"_blank\">Lenny Lacroix<\/a>.<\/p>\n<p style=\"text-align: justify\">Os encarnados confirmaram a venda a t\u00edtulo definitivo do defesa para o Dijon, do terceiro escal\u00e3o franc\u00eas. O jogador de 22 anos est\u00e1 assim de regresso ao seu pa\u00eds, tr\u00eas anos depois de ter trocado o <a target=\"_blank\" class=\"editor-link autolink-enabled\" href=\"https:\/\/www.abola.pt\/futebol\/metz-286\" data-resource-id=\"286\" data-resource-type=\"team\" data-sport=\"football\" rel=\"nofollow noopener\">Metz<\/a>, seu clube de forma\u00e7\u00e3o, por Portugal.<\/p>\n<p style=\"text-align: justify\">\u00abO treinador contribuiu muito para a minha vinda. Adorei o projeto de jogo baseado na posse de bola. Al\u00e9m disso, h\u00e1 um belo projeto com o objetivo de subir para a Ligue 2. Vou dar o meu melhor para que a equipa recupere o seu lugar na segunda divis\u00e3o\u00bb, explicou o central, passando a palavra a Paul Fauvel, diretor-geral dos franceses.<\/p>\n<p style=\"text-align: justify\">\u00abCom o objetivo de continuar a refor\u00e7ar o eixo da nossa defesa, quisemos contar com um perfil vingativo, que tinha deixado a Fran\u00e7a para descobrir um clube de prest\u00edgio como o <a class=\"autolink-enabled\" data-resource-id=\"450\" data-resource-type=\"team\" data-sport=\"football\" href=\"https:\/\/www.abola.pt\/futebol\/benfica-450\" rel=\"nofollow noopener\" target=\"_blank\">Benfica<\/a>. Com uma primeira experi\u00eancia na <a class=\"autolink-enabled\" data-resource-id=\"8\" data-resource-type=\"competition\" data-sport=\"football\" href=\"https:\/\/www.abola.pt\/futebol\/competicao\/ligue-1-8\" rel=\"nofollow noopener\" target=\"_blank\">Ligue 1<\/a>, mas tamb\u00e9m na Liga 2 portuguesa, Lenny ter\u00e1 a ambi\u00e7\u00e3o de provar o seu valor em Fran\u00e7a e ajudar o clube a crescer\u00bb, atirou.<\/p>\n<p style=\"text-align: justify\">Ao longo de tr\u00eas temporadas de \u00e1guia ao peito, <a class=\"autolink-enabled\" data-resource-id=\"218645\" data-resource-type=\"player\" data-sport=\"football\" href=\"https:\/\/www.abola.pt\/futebol\/jogador\/lenny-lacroix-218645\" rel=\"nofollow noopener\" target=\"_blank\">Lacroix<\/a> somou 52 jogos pela equipa B, divididos entre <a class=\"autolink-enabled\" data-resource-id=\"111\" data-resource-type=\"competition\" data-sport=\"football\" href=\"https:\/\/www.abola.pt\/futebol\/competicao\/liga-portugal-2-meu-super-111\" rel=\"nofollow noopener\" target=\"_blank\">Liga 2<\/a> e Premier League International Cup. Al\u00e9m disso, participou na conquista da Ta\u00e7a Intercontinetal sub-20, em 2022, ano de estreia, mas nunca representou a equipa principal.<\/p>\n","protected":false},"excerpt":{"rendered":"No mesmo dia em que revelou que chegou a acordo com o Fenerbah\u00e7e para a transfer\u00eancia de Kerem&hellip;\n","protected":false},"author":2,"featured_media":50646,"comment_status":"","ping_status":"","sticky":false,"template":"","format":"standard","meta":{"footnotes":""},"categories":[8],"tags":[27,28,15,16,14,25,26,21,22,12,13,19,20,32,23,24,33,17,18,29,30,31],"class_list":{"0":"post-50645","1":"post","2":"type-post","3":"status-publish","4":"format-standard","5":"has-post-thumbnail","7":"category-principais-noticias","8":"tag-breaking-news","9":"tag-breakingnews","10":"tag-featured-news","11":"tag-featurednews","12":"tag-headlines","13":"tag-latest-news","14":"tag-latestnews","15":"tag-main-news","16":"tag-mainnews","17":"tag-news","18":"tag-noticias","19":"tag-noticias-principais","20":"tag-noticiasprincipais","21":"tag-portugal","22":"tag-principais-noticias","23":"tag-principaisnoticias","24":"tag-pt","25":"tag-top-stories","26":"tag-topstories","27":"tag-ultimas","28":"tag-ultimas-noticias","29":"tag-ultimasnoticias"},"share_on_mastodon":{"url":"","error":""},"_links":{"self":[{"href":"https:\/\/www.europesays.com\/pt\/wp-json\/wp\/v2\/posts\/50645","targetHints":{"allow":["GET"]}}],"collection":[{"href":"https:\/\/www.europesays.com\/pt\/wp-json\/wp\/v2\/posts"}],"about":[{"href":"https:\/\/www.europesays.com\/pt\/wp-json\/wp\/v2\/types\/post"}],"author":[{"embeddable":true,"href":"https:\/\/www.europesays.com\/pt\/wp-json\/wp\/v2\/users\/2"}],"replies":[{"embeddable":true,"href":"https:\/\/www.europesays.com\/pt\/wp-json\/wp\/v2\/comments?post=50645"}],"version-history":[{"count":0,"href":"https:\/\/www.europesays.com\/pt\/wp-json\/wp\/v2\/posts\/50645\/revisions"}],"wp:featuredmedia":[{"embeddable":true,"href":"https:\/\/www.europesays.com\/pt\/wp-json\/wp\/v2\/media\/50646"}],"wp:attachment":[{"href":"https:\/\/www.europesays.com\/pt\/wp-json\/wp\/v2\/media?parent=50645"}],"wp:term":[{"taxonomy":"category","embeddable":true,"href":"https:\/\/www.europesays.com\/pt\/wp-json\/wp\/v2\/categories?post=50645"},{"taxonomy":"post_tag","embeddable":true,"href":"https:\/\/www.europesays.com\/pt\/wp-json\/wp\/v2\/tags?post=50645"}],"curies":[{"name":"wp","href":"https:\/\/api.w.org\/{rel}","templated":true}]}}