{"id":506458,"date":"2026-08-31T13:41:52","date_gmt":"2026-08-31T13:41:52","guid":{"rendered":"https:\/\/www.europesays.com\/pt\/506458\/"},"modified":"2026-08-31T13:41:52","modified_gmt":"2026-08-31T13:41:52","slug":"homem-de-70-anos-esfaqueado-em-cascais-suspeito-tera-confessado-crime-a-policia-que-estava-de-folga","status":"publish","type":"post","link":"https:\/\/www.europesays.com\/pt\/506458\/","title":{"rendered":"Homem de 70 anos esfaqueado em Cascais. Suspeito ter\u00e1 confessado crime a pol\u00edcia que estava de folga"},"content":{"rendered":"<p>                Suspeito ter\u00e1 confessado crime a pol\u00edcia que estava de folga<\/p>\n<p>Um homem, de 70 anos, foi esfaqueado no pesco\u00e7o, na tarde deste domingo, em Cascais.<\/p>\n<p>Minutos depois do alerta para o 112, por volta das das 18:00, um agente da PSP que estava de folga sofreu um acidente com a sua viatura.<\/p>\n<p>O outro condutor ter\u00e1 dito ao pol\u00edcia que acabara de matar uma pessoa.<\/p>\n<p>A PSP foi chamada ao local e confirmou que os dois epis\u00f3dios est\u00e3o relacionados.<\/p>\n<p>As autoridades est\u00e3o no local a realizar dilig\u00eancias.<\/p>\n","protected":false},"excerpt":{"rendered":"Suspeito ter\u00e1 confessado crime a pol\u00edcia que estava de folga Um homem, de 70 anos, foi esfaqueado no&hellip;\n","protected":false},"author":2,"featured_media":506459,"comment_status":"","ping_status":"","sticky":false,"template":"","format":"standard","meta":{"footnotes":"","_share_on_mastodon":"0"},"categories":[8],"tags":[609,836,611,27,28,4644,607,608,333,832,604,135,610,476,23753,15,16,301,830,14,603,25,26,570,21,22,831,833,62,834,12,13,19,20,835,602,1086,52,32,23,24,33,17,18,29,30,31],"class_list":["post-506458","post","type-post","status-publish","format-standard","has-post-thumbnail","category-principais-noticias","tag-alerta","tag-analise","tag-ao-minuto","tag-breaking-news","tag-breakingnews","tag-cascais","tag-cnn","tag-cnn-portugal","tag-comentadores","tag-costa","tag-crime","tag-desporto","tag-direto","tag-economia","tag-esfaqueado","tag-featured-news","tag-featurednews","tag-governo","tag-guerra","tag-headlines","tag-justica","tag-latest-news","tag-latestnews","tag-live","tag-main-news","tag-mainnews","tag-mais-vistas","tag-marcelo","tag-mundo","tag-negocios","tag-news","tag-noticias","tag-noticias-principais","tag-noticiasprincipais","tag-opiniao","tag-pais","tag-policia","tag-politica","tag-portugal","tag-principais-noticias","tag-principaisnoticias","tag-pt","tag-top-stories","tag-topstories","tag-ultimas","tag-ultimas-noticias","tag-ultimasnoticias"],"share_on_mastodon":{"url":"","error":"Validation failed: Text character limit of 500 exceeded"},"_links":{"self":[{"href":"https:\/\/www.europesays.com\/pt\/wp-json\/wp\/v2\/posts\/506458","targetHints":{"allow":["GET"]}}],"collection":[{"href":"https:\/\/www.europesays.com\/pt\/wp-json\/wp\/v2\/posts"}],"about":[{"href":"https:\/\/www.europesays.com\/pt\/wp-json\/wp\/v2\/types\/post"}],"author":[{"embeddable":true,"href":"https:\/\/www.europesays.com\/pt\/wp-json\/wp\/v2\/users\/2"}],"replies":[{"embeddable":true,"href":"https:\/\/www.europesays.com\/pt\/wp-json\/wp\/v2\/comments?post=506458"}],"version-history":[{"count":0,"href":"https:\/\/www.europesays.com\/pt\/wp-json\/wp\/v2\/posts\/506458\/revisions"}],"wp:featuredmedia":[{"embeddable":true,"href":"https:\/\/www.europesays.com\/pt\/wp-json\/wp\/v2\/media\/506459"}],"wp:attachment":[{"href":"https:\/\/www.europesays.com\/pt\/wp-json\/wp\/v2\/media?parent=506458"}],"wp:term":[{"taxonomy":"category","embeddable":true,"href":"https:\/\/www.europesays.com\/pt\/wp-json\/wp\/v2\/categories?post=506458"},{"taxonomy":"post_tag","embeddable":true,"href":"https:\/\/www.europesays.com\/pt\/wp-json\/wp\/v2\/tags?post=506458"}],"curies":[{"name":"wp","href":"https:\/\/api.w.org\/{rel}","templated":true}]}}