{"id":506464,"date":"2026-08-31T13:52:14","date_gmt":"2026-08-31T13:52:14","guid":{"rendered":"https:\/\/www.europesays.com\/pt\/506464\/"},"modified":"2026-08-31T13:52:14","modified_gmt":"2026-08-31T13:52:14","slug":"galaxy-s26-ultra-de-512-gb-cai-51-e-vira-super-negocio-nesta-segunda-31","status":"publish","type":"post","link":"https:\/\/www.europesays.com\/pt\/506464\/","title":{"rendered":"Galaxy S26 Ultra de 512 GB cai 51% e vira super neg\u00f3cio nesta segunda (31)"},"content":{"rendered":"<p>Se voc\u00ea \u00e9 exigente e quer um celular completo, o <strong>Galaxy S26 Ultra <\/strong>\u00e9 uma das melhores op\u00e7\u00f5es hoje. A boa not\u00edcia \u00e9 que a vers\u00e3o com<strong> 512GB<\/strong> do aparelho acaba de cair de pre\u00e7o e aparece mais em conta na Amazon Brasil por <strong>R$ 6.399<\/strong>. \u00c9 uma excelente redu\u00e7\u00e3o de pre\u00e7o frente aos R$ 13.099 cobrados no lan\u00e7amento. Mas n\u00e3o podemos garantir que esse valor dure muito tempo.<\/p>\n<p>Como aproveitar a oferta?<\/p>\n<p>                        <img decoding=\"async\" loading=\"lazy\" width=\"330\" height=\"149\" src=\"https:\/\/www.europesays.com\/pt\/wp-content\/uploads\/2026\/08\/s26-ultra-512gb.jpg\"  alt=\"Oferta do Galaxy S26 Ultra\" title=\"Oferta do Galaxy S26 Ultra\"\/><br \/>\n                    Oferta do <a class=\"lib tg-lib\" href=\"https:\/\/www.oficinadanet.com.br\/smartphones\/samsung-galaxy-s26-ultra\" rel=\"nofollow noopener\" target=\"_blank\">Galaxy S26 Ultra<\/a> <\/p>\n<p>Para n\u00e3o perder o neg\u00f3cio, acesse o<strong> link promocional abaixo<\/strong>. Depois, selecione <strong>PIX<\/strong> para pagar. A loja tamb\u00e9m oferece frete gr\u00e1tis para endere\u00e7os participantes. O aparelho pode ser comprado na vers\u00e3o branca ou na op\u00e7\u00e3o violeta. Antes de finalizar, note que o estoque pode variar conforme a cor escolhida.<\/p>\n<ul class=\"obj-precos\">\n<li class=\"row\">\n<p>                        R$ 6.399,00<br \/>\n                        <img decoding=\"async\" loading=\"lazy\" width=\"100\" height=\"35\" class=\"img \" src=\"https:\/\/www.europesays.com\/pt\/wp-content\/uploads\/2026\/08\/1788184334_136_amazon.jpg\" alt=\"Amazon****\" title=\"Amazon****\"\/><\/p>\n<p>                        Galaxy S26 Ultra 5G &#8211; 512GB<\/p>\n<p>                        <a class=\"button button-secondary tg-btn-oferta\" href=\"https:\/\/www.oficinadanet.com.br\/go\/kw0tf2\" target=\"_blank\" rel=\"sponsored nofollow\" role=\"button\">Ver oferta<\/a><\/p>\n<\/li>\n<\/ul>\n<p style=\"margin: 0; font-size: 16px;\">&#13;<br \/>\n      Receba as principais <strong>not\u00edcias de tecnologia<\/strong>, lan\u00e7amentos e promo\u00e7\u00f5es diretamente no seu <strong>WhatsApp!<\/strong>&#13;\n    <\/p>\n<p>  <a class=\"no-redirect-php\" href=\"https:\/\/www.oficinadanet.com.br\/go\/whatsapp\" style=\"background-color: #00a859; color: white; padding: 10px 16px; text-decoration: none; border-radius: 5px; font-weight: bold;\" rel=\"nofollow noopener\" target=\"_blank\">&#13;<br \/>\n    Inscrever-se&#13;<br \/>\n  <\/a><\/p>\n<p>O que voc\u00ea precisa saber antes de comprar?<\/p>\n<p>O <a class=\"lib tg-lib\" href=\"https:\/\/www.oficinadanet.com.br\/smartphones\/samsung-galaxy-s26\" rel=\"nofollow noopener\" target=\"_blank\">Galaxy S26<\/a> Ultra \u00e9 um aparelho grande. Sua tela possui <strong>6,9 polegadas.<\/strong> O design mais moderno com cantos arredondados melhoraram a pegada. Mesmo assim, o uso com apenas uma m\u00e3o continua limitado. Quem prefere celulares compactos pode ir de<strong> Galaxy S26<\/strong>, que n\u00e3o incomoda nas m\u00e3os.<\/p>\n<p>A bateria permanece com capacidade de <strong>5.000 mAh<\/strong>. Em nosso teste padronizado, o aparelho consumiu 77% ap\u00f3s 7 horas e 45 minutos. O carregamento de <strong>60W<\/strong> exige um adaptador compat\u00edvel. O acess\u00f3rio enviado pela <a class=\"lib tg-lib\" href=\"https:\/\/www.oficinadanet.com.br\/samsung\" rel=\"nofollow noopener\" target=\"_blank\">Samsung<\/a> possui pot\u00eancia de 25W. Com o carregador correto, a recarga completa levou 46 minutos.<\/p>\n<p>                            Pr\u00f3s<\/p>\n<ul>\n<li>Tela excelente com recurso de privacidade<\/li>\n<li>Pot\u00eancia total<\/li>\n<li>Sistema flu\u00eddo, atualizado e com muitos recursos<\/li>\n<li>Atualiza\u00e7\u00f5es longas<\/li>\n<li>C\u00e2meras excelentes para qualquer ocasi\u00e3o<\/li>\n<\/ul>\n<p>                            Contras<\/p>\n<ul>\n<li>Bateria poderia ser maior<\/li>\n<\/ul>\n<p>O que o celular oferece?<\/p>\n<p>O <strong>Snapdragon 8 Elite Gen 5<\/strong> garante desempenho de sobra. Ao ser colocado em testes, o celular permaneceu fluido. Os jogos tamb\u00e9m apresentaram um bom comportamento. A Samsung limita parte da pot\u00eancia para controlar a temperatura. Com isso, o aparelho prioriza estabilidade durante atividades mais exigentes.<\/p>\n<p>A c\u00e2mera principal possu<strong>i 200 MP<\/strong>. A <a class=\"lib tg-lib\" href=\"https:\/\/www.oficinadanet.com.br\/smartphones\/36853-quais-sao-as-lentes-de-celular\" rel=\"nofollow noopener\" target=\"_blank\">ultrawide<\/a> trabalha com um sensor de<strong> 50 MP<\/strong>. O conjunto ainda oferece aproxima\u00e7\u00f5es \u00f3pticas de <strong>3x<\/strong> e<strong> 5x<\/strong>. De acordo com nossos testes, as c\u00e2meras funcionam muito bem em diferentes situa\u00e7\u00f5es. O processamento com <a class=\"lib tg-lib\" href=\"https:\/\/www.oficinadanet.com.br\/inteligencia-artificial\" rel=\"nofollow noopener\" target=\"_blank\">intelig\u00eancia artificial<\/a>, contudo, pode parecer excessivo em algumas fotos com zoom.<\/p>\n<p>O aparelho sai de f\u00e1brica com <strong>Android 16<\/strong> e <a class=\"lib tg-lib\" href=\"https:\/\/www.oficinadanet.com.br\/oneui8\" rel=\"nofollow noopener\" target=\"_blank\">One UI 8<\/a>.5. Em nossos testes, a interface apresentou boa fluidez e muitas op\u00e7\u00f5es de configura\u00e7\u00e3o. As rotinas permitem automatizar tarefas repetidas. A promessa de atualiza\u00e7\u00f5es prolongadas tamb\u00e9m favorece o uso por v\u00e1rios anos. Nesse caso, os<strong> 512 GB<\/strong> ajudam a acompanhar essa vida \u00fatil maior.<\/p>\n<ul>\n<li><b>Prote\u00e7\u00e3o \u00c1gua:<\/b> IP68<\/li>\n<li><b>Vendido no Brasil?:<\/b> Sim<\/li>\n<li><b>Sistema:<\/b> Android 16 e One UI 8.5<\/li>\n<li><b>Atualiza\u00e7\u00f5es:<\/b> 7 anos (sistema)<\/li>\n<li><b>Processador:<\/b> <a href=\"https:\/\/www.oficinadanet.com.br\/smartphones\/buscar?processador=qualcomm-snapdragon-8-elite-gen-5-3-nm\" rel=\"nofollow noopener\" target=\"_blank\">Qualcomm Snapdragon 8 Elite Gen 5 (3 nm)<\/a><\/li>\n<li><b>AnTuTu:<\/b> 3.700.000<\/li>\n<li><b>Mem\u00f3ria RAM:<\/b> <a href=\"https:\/\/www.oficinadanet.com.br\/smartphones\/buscar?memoria-ram=12gb\" rel=\"nofollow noopener\" target=\"_blank\">12 GB<\/a> e <a href=\"https:\/\/www.oficinadanet.com.br\/smartphones\/buscar?memoria-ram=16gb\" rel=\"nofollow noopener\" target=\"_blank\">16 GB<\/a><\/li>\n<li><b>Armazenamento:<\/b> <a href=\"https:\/\/www.oficinadanet.com.br\/smartphones\/buscar?armazenamento-interno=256-gb\" rel=\"nofollow noopener\" target=\"_blank\">256 GB<\/a>, <a href=\"https:\/\/www.oficinadanet.com.br\/smartphones\/buscar?armazenamento-interno=512-gb\" rel=\"nofollow noopener\" target=\"_blank\">512 GB<\/a> e <a href=\"https:\/\/www.oficinadanet.com.br\/smartphones\/buscar?armazenamento-interno=1000-gb\" rel=\"nofollow noopener\" target=\"_blank\">1 TB<\/a><\/li>\n<li><b>Tela &#8211; Tipo:<\/b> Dynamic LTPO AMOLED 2X<\/li>\n<li><b>Tela &#8211; Tamanho:<\/b> 6.9<\/li>\n<li><b>Tela &#8211; Resolu\u00e7\u00e3o:<\/b> 1440 x 3120<\/li>\n<li><b>Tela &#8211; Frequ\u00eancia:<\/b> 120Hz<\/li>\n<li><b>C\u00e2mera principal:<\/b> 200 mp, f\/1.4, multi-directional PDAF e OIS  <\/li>\n<li><b>C\u00e2m. Selfie:<\/b> 12 MP, f\/2.2, 26mm (wide), PDAF  e Dual Pixel PDAF<\/li>\n<li><b>Bateria:<\/b> <a href=\"https:\/\/www.oficinadanet.com.br\/smartphones\/buscar?bateria=5000-mah\" rel=\"nofollow noopener\" target=\"_blank\">5000 mAh<\/a><\/li>\n<li><b>Carregador:<\/b> 60W e 4.5 reverse wireless<\/li>\n<li><b>Carrega sem fios?:<\/b> 25W<\/li>\n<\/ul>\n<p class=\"obj-spec-simples-full\">Samsung Galaxy S26 Ultra &#8211; <a href=\"https:\/\/www.oficinadanet.com.br\/smartphones\/samsung-galaxy-s26-ultra\" rel=\"nofollow noopener\" target=\"_blank\"> Veja aqui a ficha t\u00e9cnica completa<\/a><\/p>\n","protected":false},"excerpt":{"rendered":"Se voc\u00ea \u00e9 exigente e quer um celular completo, o Galaxy S26 Ultra \u00e9 uma das melhores op\u00e7\u00f5es&hellip;\n","protected":false},"author":2,"featured_media":506465,"comment_status":"","ping_status":"","sticky":false,"template":"","format":"standard","meta":{"footnotes":"","_share_on_mastodon":"0"},"categories":[84],"tags":[109,107,108,2765,13,2061,32,33,952,105,103,104,954,106,110],"class_list":["post-506464","post","type-post","status-publish","format-standard","has-post-thumbnail","category-ciencia-e-tecnologia","tag-ciencia","tag-ciencia-e-tecnologia","tag-cienciaetecnologia","tag-galaxy-s26-ultra","tag-noticias","tag-ofertas","tag-portugal","tag-pt","tag-samsung","tag-science","tag-science-and-technology","tag-scienceandtechnology","tag-smartphones","tag-technology","tag-tecnologia"],"share_on_mastodon":{"url":"https:\/\/pubeurope.com\/@pt\/117190456929327110","error":""},"_links":{"self":[{"href":"https:\/\/www.europesays.com\/pt\/wp-json\/wp\/v2\/posts\/506464","targetHints":{"allow":["GET"]}}],"collection":[{"href":"https:\/\/www.europesays.com\/pt\/wp-json\/wp\/v2\/posts"}],"about":[{"href":"https:\/\/www.europesays.com\/pt\/wp-json\/wp\/v2\/types\/post"}],"author":[{"embeddable":true,"href":"https:\/\/www.europesays.com\/pt\/wp-json\/wp\/v2\/users\/2"}],"replies":[{"embeddable":true,"href":"https:\/\/www.europesays.com\/pt\/wp-json\/wp\/v2\/comments?post=506464"}],"version-history":[{"count":0,"href":"https:\/\/www.europesays.com\/pt\/wp-json\/wp\/v2\/posts\/506464\/revisions"}],"wp:featuredmedia":[{"embeddable":true,"href":"https:\/\/www.europesays.com\/pt\/wp-json\/wp\/v2\/media\/506465"}],"wp:attachment":[{"href":"https:\/\/www.europesays.com\/pt\/wp-json\/wp\/v2\/media?parent=506464"}],"wp:term":[{"taxonomy":"category","embeddable":true,"href":"https:\/\/www.europesays.com\/pt\/wp-json\/wp\/v2\/categories?post=506464"},{"taxonomy":"post_tag","embeddable":true,"href":"https:\/\/www.europesays.com\/pt\/wp-json\/wp\/v2\/tags?post=506464"}],"curies":[{"name":"wp","href":"https:\/\/api.w.org\/{rel}","templated":true}]}}