{"id":506468,"date":"2026-08-31T13:54:23","date_gmt":"2026-08-31T13:54:23","guid":{"rendered":"https:\/\/www.europesays.com\/pt\/506468\/"},"modified":"2026-08-31T13:54:23","modified_gmt":"2026-08-31T13:54:23","slug":"num-apice-boom-foi-como-se-nada-restasse-esta-cidade-chave-para-a-defesa-do-donbass-ve-a-russia-aproximar-se-todos-os-dias","status":"publish","type":"post","link":"https:\/\/www.europesays.com\/pt\/506468\/","title":{"rendered":"&#8220;Num \u00e1pice &#8211; boom &#8211; foi como se nada restasse&#8221;: esta cidade-chave para a defesa do Donbass v\u00ea a R\u00fassia aproximar-se todos os dias"},"content":{"rendered":"<p>                Est\u00e1 em andamento a batalha pelo Cintur\u00e3o de Fortalezas da Ucr\u00e2nia, a faixa crucial para garantir que Vladimir Putin n\u00e3o alcan\u00e7a o seu grande objetivo nesta guerra<\/p>\n<p style=\"margin-bottom:11px\">N\u00e3o \u00e9 Bakhmut, n\u00e3o \u00e9 Avdiivka, mas podia bem ser, at\u00e9 porque tamb\u00e9m fica na regi\u00e3o de Donetsk. Em Druzhkivka veem-se carros queimados, edif\u00edcios totalmente danificados pelos combates e ruas desertas.<\/p>\n<p>Esta cidade onde em 2025 ainda viviam cerca de 30 mil pessoas tem sido palco constante de drones a ir e a vir de um lado e do outro, com a R\u00fassia a apenas 15 quil\u00f3metros de dist\u00e2ncia e a conseguir avan\u00e7ar na sua dire\u00e7\u00e3o, ainda que a um ritmo lento.<\/p>\n<p>S\u00e3o cenas de devasta\u00e7\u00e3o que se repetem ao longo dos 1.200 quil\u00f3metros da linha da frente, agora concentrada no este e no sul da Ucr\u00e2nia, com os combates a arrasarem localidades inteiras \u00e0 medida que v\u00e3o acontecendo.<\/p>\n<p>\u201cN\u00e3o consigo dormir\u201d, admite Iryna Litovchenko em declara\u00e7\u00f5es \u00e0 ag\u00eancia <a href=\"https:\/\/www.reuters.com\/business\/aerospace-defense\/another-ukrainian-town-lies-ruins-russians-creep-closer-2026-08-31\/\" target=\"_blank\" rel=\"nofollow noopener\">Reuters<\/a>, que esteve no local. Esta mulher de 56 anos \u00e9 um dos poucos civis que ainda resistem a abandonar a sua localidade, mesmo que tenha ficado sem casa.<\/p>\n<p>\u201cA minha casa foi-se, como se nunca tivesse existido. Havia tantas coisas boas, tanto de tudo. Num \u00e1pice \u2013 boom \u2013 foi como se nada restasse\u201d, descreve.<\/p>\n<p>N\u00e3o \u00e9 de espantar que este seja um ponto nevr\u00e1lgico da guerra neste momento, j\u00e1 que Druzhkivka fica no chamado \u201cCintur\u00e3o de Fortalezas\u201d, que congrega as grandes cidades que ainda resistem \u00e0 R\u00fassia na regi\u00e3o de Donetsk.<\/p>\n<p>S\u00e3o estas cidades que impedem Vladimir Putin de alcan\u00e7ar aquele que sempre foi o seu grande objetivo com a guerra: conquistar toda a zona do Donbass. E se Lugansk est\u00e1 totalmente nas m\u00e3os da R\u00fassia, em Donetsk ainda faltam cair as grandes cidades de Sloviansk, Kramatorsk, Kostiantynivka e\u2026 Druzhkivka. Como a CNN Portugal escreveu h\u00e1 pouco tempo, o combate pelo que falta desta regi\u00e3o <a href=\"https:\/\/cnnportugal.iol.pt\/guerra\/ucrania\/comecou-a-batalha-pelo-cinturao-de-fortalezas-comecou-a-ofensiva-russa-contra-o-ultimo-grande-reduto-do-donbass\/20260820\/6a7dea58d34e511da0b3333a\" target=\"_blank\" rel=\"nofollow noopener\">j\u00e1 est\u00e1 em andamento<\/a>.<\/p>\n<p>Habituada ao barulho de armas como os howitzers, n\u00e3o \u00e9 isso que assusta a popula\u00e7\u00e3o desta cidade, mas sim os zumbidos dos drones, armas com um alcance muito mais imprevis\u00edvel.<\/p>\n<p>E mesmo que quase toda a regi\u00e3o esteja coberta com redes que ajudam a proteger as cidades dos ve\u00edculos n\u00e3o-tripulados, \u00e9 sempre uma inc\u00f3gnita o que vai acontecer. A batalha est\u00e1 mesmo em andamento.<\/p>\n","protected":false},"excerpt":{"rendered":"Est\u00e1 em andamento a batalha pelo Cintur\u00e3o de Fortalezas da Ucr\u00e2nia, a faixa crucial para garantir que Vladimir&hellip;\n","protected":false},"author":2,"featured_media":506469,"comment_status":"","ping_status":"","sticky":false,"template":"","format":"standard","meta":{"footnotes":"","_share_on_mastodon":"0"},"categories":[50],"tags":[609,836,611,27,28,607,608,333,832,604,135,610,81166,476,15,16,301,830,14,603,25,26,570,21,22,831,833,62,834,12,13,19,20,835,602,52,32,23,24,839,17,18,840,29,30,31,63,64,65],"class_list":["post-506468","post","type-post","status-publish","format-standard","has-post-thumbnail","category-mundo","tag-alerta","tag-analise","tag-ao-minuto","tag-breaking-news","tag-breakingnews","tag-cnn","tag-cnn-portugal","tag-comentadores","tag-costa","tag-crime","tag-desporto","tag-direto","tag-druzhkivka","tag-economia","tag-featured-news","tag-featurednews","tag-governo","tag-guerra","tag-headlines","tag-justica","tag-latest-news","tag-latestnews","tag-live","tag-main-news","tag-mainnews","tag-mais-vistas","tag-marcelo","tag-mundo","tag-negocios","tag-news","tag-noticias","tag-noticias-principais","tag-noticiasprincipais","tag-opiniao","tag-pais","tag-politica","tag-portugal","tag-principais-noticias","tag-principaisnoticias","tag-russia","tag-top-stories","tag-topstories","tag-ucrania","tag-ultimas","tag-ultimas-noticias","tag-ultimasnoticias","tag-world","tag-world-news","tag-worldnews"],"share_on_mastodon":{"url":"","error":"Validation failed: Text character limit of 500 exceeded"},"_links":{"self":[{"href":"https:\/\/www.europesays.com\/pt\/wp-json\/wp\/v2\/posts\/506468","targetHints":{"allow":["GET"]}}],"collection":[{"href":"https:\/\/www.europesays.com\/pt\/wp-json\/wp\/v2\/posts"}],"about":[{"href":"https:\/\/www.europesays.com\/pt\/wp-json\/wp\/v2\/types\/post"}],"author":[{"embeddable":true,"href":"https:\/\/www.europesays.com\/pt\/wp-json\/wp\/v2\/users\/2"}],"replies":[{"embeddable":true,"href":"https:\/\/www.europesays.com\/pt\/wp-json\/wp\/v2\/comments?post=506468"}],"version-history":[{"count":0,"href":"https:\/\/www.europesays.com\/pt\/wp-json\/wp\/v2\/posts\/506468\/revisions"}],"wp:featuredmedia":[{"embeddable":true,"href":"https:\/\/www.europesays.com\/pt\/wp-json\/wp\/v2\/media\/506469"}],"wp:attachment":[{"href":"https:\/\/www.europesays.com\/pt\/wp-json\/wp\/v2\/media?parent=506468"}],"wp:term":[{"taxonomy":"category","embeddable":true,"href":"https:\/\/www.europesays.com\/pt\/wp-json\/wp\/v2\/categories?post=506468"},{"taxonomy":"post_tag","embeddable":true,"href":"https:\/\/www.europesays.com\/pt\/wp-json\/wp\/v2\/tags?post=506468"}],"curies":[{"name":"wp","href":"https:\/\/api.w.org\/{rel}","templated":true}]}}