{"id":506476,"date":"2026-08-31T14:06:24","date_gmt":"2026-08-31T14:06:24","guid":{"rendered":"https:\/\/www.europesays.com\/pt\/506476\/"},"modified":"2026-08-31T14:06:24","modified_gmt":"2026-08-31T14:06:24","slug":"crise-das-memorias-empurra-vendas-de-smartphones-para-maior-queda-de-sempre","status":"publish","type":"post","link":"https:\/\/www.europesays.com\/pt\/506476\/","title":{"rendered":"Crise das mem\u00f3rias empurra vendas de smartphones para maior queda de sempre"},"content":{"rendered":"<p class=\"wp-block-post-excerpt__excerpt\">A IDC reviu em baixa as previs\u00f5es para o mercado dos smartphones. Segundo a consultora, v\u00e3o vender-se menos equipamentos do que nunca. Os que v\u00e3o ser vendidos ser\u00e3o cada vez mais caros, com o pre\u00e7o m\u00e9dio a subir 27,6% para 581 d\u00f3lares devido \u00e0 escassez de mem\u00f3ria. <\/p>\n<p class=\"wp-block-paragraph\">O mercado mundial de smartphones mudou de figura em 2026. As <a href=\"https:\/\/tek.sapo.pt\/tag\/vendas\/\" target=\"_blank\" rel=\"noreferrer noopener nofollow\">vendas<\/a> est\u00e3o a cair a pique, mas isso n\u00e3o impede os pre\u00e7os de subir em flecha. <strong>De acordo com <a href=\"https:\/\/www.idc.com\/resource-center\/blog\/smartphone-shipments-set-for-record-16-7-drop-in-2026-as-the-memory-crisis-hits-full-force\/\" target=\"_blank\" rel=\"noreferrer noopener nofollow\">o mais recente relat\u00f3rio da IDC<\/a>, os envios mundiais de smartphones v\u00e3o recuar 16,7% este ano, para pouco mais de mil milh\u00f5es de unidades<\/strong>. \u00c9 uma revis\u00e3o brutal face aos 13,9% de queda que <a href=\"https:\/\/tek.sapo.pt\/mobile\/equipamentos\/artigos\/mercado-de-smartphones-prepara-se-para-maior-queda-da-historia-vendas-baixam-enquanto-valor-sobe-com-aumento-de-precos-e-aposta-no-premium\/\" target=\"_blank\" rel=\"noreferrer noopener nofollow\">a consultora previa no trimestre anterior<\/a>, e representa a maior contra\u00e7\u00e3o anual de sempre no setor.<\/p>\n<p class=\"wp-block-paragraph\"><strong>N\u00e3o perca nenhuma not\u00edcia importante da atualidade de tecnologia e\u00a0<\/strong><a href=\"https:\/\/tek.sapo.pt\/\" target=\"_blank\" rel=\"noopener nofollow\"><strong>acompanhe tudo em tek.sapo.pt<\/strong><\/a>.<\/p>\n<p class=\"wp-block-paragraph\">O mais surpreendente \u00e9 que apesar de o mercado estar a encolher em unidades, <strong>o mesmo est\u00e1 a crescer em valor<\/strong>. Segundo a consultora, <strong>o volume de neg\u00f3cios deste setor dever\u00e1 subir 6,3%<\/strong>, para um total de 613 mil milh\u00f5es de d\u00f3lares, aproximadamente 528 mil milh\u00f5es de euros. Este resultado <strong>deve-se ao fato de o aumento dos pre\u00e7os estar a compensar a queda nas vendas.<\/strong><\/p>\n<p><strong>Porque \u00e9 que a previs\u00e3o da IDC piorou<\/strong>?<\/p>\n<p class=\"wp-block-paragraph\">A raiz do problema <strong>est\u00e1 associada \u00e0 crise das mem\u00f3rias que come\u00e7ou no final de 2025 e que est\u00e1 agora a atingir o mercado em pleno<\/strong>. Os pre\u00e7os dos chips de mem\u00f3ria NAND e DRAM dispararam mais de 300% num ano, e <strong>os fabricantes j\u00e1 n\u00e3o t\u00eam margem para absorver os aumentos dos custos<\/strong>. <\/p>\n<p>    <a href=\"https:\/\/tek.sapo.pt\/mobile\/equipamentos\/artigos\/mercado-de-smartphones-prepara-se-para-maior-queda-da-historia-vendas-baixam-enquanto-valor-sobe-com-aumento-de-precos-e-aposta-no-premium\/\" title=\"Mercado de smartphones prepara-se para maior queda da hist\u00f3ria. Vendas baixam enquanto valor sobe com aumento de pre\u00e7os e aposta no premium\" tabindex=\"-1\" class=\"inkwr-image \" aria-label=\"Imagem do artigo: Mercado de smartphones prepara-se para maior queda da hist\u00f3ria. Vendas baixam enquanto valor sobe com aumento de pre\u00e7os e aposta no premium\" rel=\"nofollow noopener\" target=\"_blank\"><br \/>\n                            <img loading=\"lazy\" decoding=\"async\" width=\"1804\" height=\"1015\" src=\"https:\/\/www.europesays.com\/pt\/wp-content\/uploads\/2026\/08\/6c040b1a79ae7543bb6292e9a85cf9f4f6c99335.png\" class=\" wp-post-image\" alt=\"Mercado de smartphones prepara-se para maior queda da hist\u00f3ria. Vendas baixam enquanto valor sobe com aumento de pre\u00e7os e aposta no premium\"   style=\"object-position: 46% 65%;\" data-attachment-id=\"609064\" data-permalink=\"https:\/\/tek.sapo.pt\/noticias\/telecomunicacoes\/artigos\/smartphones-idc-avisa-para-tsunami-com-vendas-a-cair-129-em-2026-e-preco-medio-a-subir-14\/attachment\/6c040b1a79ae7543bb6292e9a85cf9f4f6c99335\/\" data-orig-file=\"https:\/\/www.europesays.com\/pt\/wp-content\/uploads\/2026\/08\/6c040b1a79ae7543bb6292e9a85cf9f4f6c99335.png\" data-orig-size=\"1804,1015\" data-comments-opened=\"1\" data-image-meta=\"{&quot;aperture&quot;:&quot;0&quot;,&quot;credit&quot;:&quot;&quot;,&quot;camera&quot;:&quot;&quot;,&quot;caption&quot;:&quot;&quot;,&quot;created_timestamp&quot;:&quot;0&quot;,&quot;copyright&quot;:&quot;&quot;,&quot;focal_length&quot;:&quot;0&quot;,&quot;iso&quot;:&quot;0&quot;,&quot;shutter_speed&quot;:&quot;0&quot;,&quot;title&quot;:&quot;&quot;,&quot;orientation&quot;:&quot;0&quot;}\" data-image-title=\"loja smartphones\" data-image-description=\"\" data-image-caption=\"\" data-large-file=\"https:\/\/cdn.teknoticias.pt\/uploads\/6c040b1a79ae7543bb6292e9a85cf9f4f6c99335-1024x576.png\"\/><br \/>\n                <\/a><\/p>\n<p>            <a href=\"https:\/\/tek.sapo.pt\/mobile\/equipamentos\/artigos\/mercado-de-smartphones-prepara-se-para-maior-queda-da-historia-vendas-baixam-enquanto-valor-sobe-com-aumento-de-precos-e-aposta-no-premium\/\" title=\"Mercado de smartphones prepara-se para maior queda da hist\u00f3ria. Vendas baixam enquanto valor sobe com aumento de pre\u00e7os e aposta no premium\" rel=\"nofollow noopener\" target=\"_blank\"><br \/>\n                                    IDC<br \/>\n                                Mercado de smartphones prepara-se para maior queda da hist\u00f3ria. Vendas baixam enquanto valor sobe com aumento de pre\u00e7os e aposta no premium<\/a><\/p>\n<p>\n            A IDC estima que as fabricantes de smartphones v\u00e3o vender menos unidades, mas faturar mais em 2026 gra\u00e7as \u00e0 subida dos pre\u00e7os m\u00e9dios e ao peso crescente dos modelos premium.        <\/p>\n<p class=\"wp-block-paragraph\">Como a tend\u00eancia dever\u00e1 manter-se pelo menos at\u00e9 2028, <strong>as marcas est\u00e3o a reformular os seus cat\u00e1logos para uma nova realidade de custos permanentemente mais altos.<\/strong> Isto significa que<strong> os 173 milh\u00f5es de smartphones vendidos abaixo dos 100 d\u00f3lares no ano passado est\u00e3o em risco de desaparecer<\/strong>. <\/p>\n<p><img loading=\"lazy\" decoding=\"async\" width=\"975\" height=\"650\" data-attachment-id=\"788295\" data-permalink=\"https:\/\/tek.sapo.pt\/noticias\/negocios\/artigos\/crise-das-memorias-empurra-vendas-de-smartphones-para-maior-queda-de-sempre\/attachment\/mercado-smartphones-idc-q3-2026\/\" data-orig-file=\"https:\/\/www.europesays.com\/pt\/wp-content\/uploads\/2026\/08\/Mercado-Smartphones-IDC-Q3-2026.jpg\" data-orig-size=\"975,650\" data-comments-opened=\"1\" data-image-meta=\"{&quot;aperture&quot;:&quot;0&quot;,&quot;credit&quot;:&quot;&quot;,&quot;camera&quot;:&quot;&quot;,&quot;caption&quot;:&quot;&quot;,&quot;created_timestamp&quot;:&quot;0&quot;,&quot;copyright&quot;:&quot;&quot;,&quot;focal_length&quot;:&quot;0&quot;,&quot;iso&quot;:&quot;0&quot;,&quot;shutter_speed&quot;:&quot;0&quot;,&quot;title&quot;:&quot;&quot;,&quot;orientation&quot;:&quot;0&quot;,&quot;alt&quot;:&quot;&quot;}\" data-image-title=\"Mercado Smartphones IDC Q3 2026\" data-image-description=\"\" data-image-caption=\"\" data-large-file=\"https:\/\/www.europesays.com\/pt\/wp-content\/uploads\/2026\/08\/Mercado-Smartphones-IDC-Q3-2026.jpg\" src=\"https:\/\/www.europesays.com\/pt\/wp-content\/uploads\/2026\/08\/Mercado-Smartphones-IDC-Q3-2026.jpg\" alt=\"\" class=\"wp-image-788295\"  \/><strong>Previs\u00e3o da varia\u00e7\u00e3o do volume de vendas global de smartphones, segundo a IDC<\/strong><\/p>\n<p class=\"wp-block-paragraph\">Segundo o relat\u00f3rio de vendas correspondente ao segundo trimestre de 2026, <strong>este segmento de entrada caiu quase 60% face ao ano anterior<\/strong>. Por\u00e9m, a <a href=\"https:\/\/tek.sapo.pt\/tag\/idc\/\" target=\"_blank\" rel=\"noreferrer noopener nofollow\">IDC<\/a> acredita que este v\u00e1 sofrer uma queda ainda mais acentuada at\u00e9 ao final do ano.<\/p>\n<p><strong>Quanto v\u00e3o subir os pre\u00e7os<\/strong>?<\/p>\n<p class=\"wp-block-paragraph\"><strong>Apesar da queda nas vendas, o pre\u00e7o dos equipamentos n\u00e3o tem parado de subir. <\/strong>Tudo aponta para que o pre\u00e7o m\u00e9dio de um smartphone deva chegar aos 581 d\u00f3lares em 2026, um aumento de 27,6%, e <strong>bem acima dos 550 d\u00f3lares que a IDC previa h\u00e1 tr\u00eas meses. <\/strong><\/p>\n<p class=\"wp-block-paragraph\"><strong>O segmento premium dever\u00e1 aguentar melhor a subida<\/strong>, sobretudo em mercados como os EUA e o Reino Unido, onde o financiamento sem juros \u00e9 cada vez mais comum. <strong>J\u00e1 o mercado de massas, em especial nas economias emergentes, dever\u00e1 cair mais de 20% este ano.<\/strong><\/p>\n<p><img loading=\"lazy\" decoding=\"async\" width=\"963\" height=\"642\" data-attachment-id=\"788299\" data-permalink=\"https:\/\/tek.sapo.pt\/noticias\/negocios\/artigos\/crise-das-memorias-empurra-vendas-de-smartphones-para-maior-queda-de-sempre\/attachment\/idc-preco-medio-smartphone\/\" data-orig-file=\"https:\/\/www.europesays.com\/pt\/wp-content\/uploads\/2026\/08\/IDC-Preco-Medio-Smartphone.jpg\" data-orig-size=\"963,642\" data-comments-opened=\"1\" data-image-meta=\"{&quot;aperture&quot;:&quot;0&quot;,&quot;credit&quot;:&quot;&quot;,&quot;camera&quot;:&quot;&quot;,&quot;caption&quot;:&quot;&quot;,&quot;created_timestamp&quot;:&quot;0&quot;,&quot;copyright&quot;:&quot;&quot;,&quot;focal_length&quot;:&quot;0&quot;,&quot;iso&quot;:&quot;0&quot;,&quot;shutter_speed&quot;:&quot;0&quot;,&quot;title&quot;:&quot;&quot;,&quot;orientation&quot;:&quot;0&quot;,&quot;alt&quot;:&quot;&quot;}\" data-image-title=\"IDC Pre\u00e7o M\u00e9dio Smartphone\" data-image-description=\"\" data-image-caption=\"\" data-large-file=\"https:\/\/www.europesays.com\/pt\/wp-content\/uploads\/2026\/08\/IDC-Preco-Medio-Smartphone.jpg\" src=\"https:\/\/www.europesays.com\/pt\/wp-content\/uploads\/2026\/08\/IDC-Preco-Medio-Smartphone.jpg\" alt=\"\" class=\"wp-image-788299\"  \/><strong>Previs\u00e3o da varia\u00e7\u00e3o do pre\u00e7o m\u00e9dio de smartphones vendidos a n\u00edvel global.<\/strong><\/p>\n<p class=\"wp-block-paragraph\">Francisco Jer\u00f3nimo, vice-presidente da IDC para dispositivos, resume a situa\u00e7\u00e3o afirmando que \u201c<strong>os consumidores est\u00e3o a come\u00e7ar a pagar a fatura da <a href=\"https:\/\/tek.sapo.pt\/tag\/ia\" target=\"_blank\" rel=\"noreferrer noopener nofollow\">IA<\/a><\/strong>\u201d. Segundo o respons\u00e1vel, \u201c<strong>os componentes que tornam a IA poss\u00edvel s\u00e3o os mesmos em falta, e seu custo est\u00e1 sendo repassado diretamente para o consumidor final<\/strong>.\u201d<\/p>\n<p><strong>iOS ou Android: quem sai a ganhar?<\/strong><\/p>\n<p class=\"wp-block-paragraph\"><strong>Contudo, a crise parece n\u00e3o afetar todos da mesma forma.<\/strong> O ecossistema <a href=\"https:\/\/tek.sapo.pt\/tag\/android\" target=\"_blank\" rel=\"noreferrer noopener nofollow\">Android<\/a> est\u00e1 a levar praticamente com todo o impacto da crise, <strong>registando uma queda de 24,3% em 2026 <\/strong>e uma perda de sete pontos percentuais de quota de mercado.<\/p>\n<p class=\"wp-block-paragraph\"><strong>Esta situa\u00e7\u00e3o est\u00e1 a ser agravada \u00e0 medida que as marcas mais expostas se retiram dos segmentos de entrada<\/strong>, que j\u00e1 n\u00e3o os conseguem servir com lucro. <strong>J\u00e1 o ecossistema <a href=\"https:\/\/tek.sapo.pt\/tag\/apple\" target=\"_blank\" rel=\"noreferrer noopener nofollow\">Apple<\/a> segue em sentido contr\u00e1rio, ao crescer quase quatro pontos percentuais<\/strong> para uma quota recorde de 23,6%, tendo registado uma queda de apenas 1,3% nos envios.<\/p>\n<p class=\"wp-block-paragraph\">Surpreendentemente, <strong>o <a href=\"https:\/\/tek.sapo.pt\/tag\/harmonyOS\" target=\"_blank\" rel=\"noreferrer noopener nofollow\">HarmonyOS<\/a> da <a href=\"https:\/\/tek.sapo.pt\/tag\/huawei\" target=\"_blank\" rel=\"noreferrer noopener nofollow\">Huawei<\/a> tem sido bastante beneficiado<\/strong> com toda esta situa\u00e7\u00e3o. <strong>A sua quota de mercado quase triplicou para 51 milh\u00f5es de unidades<\/strong>, \u00e0 boleia de uma estrat\u00e9gia de pre\u00e7os disciplinada, que lhe tem permitido ganhar terreno na China.<\/p>\n<p><strong>Os dobr\u00e1veis continuam a crescer<\/strong><\/p>\n<p class=\"wp-block-paragraph\">Praticamente todos os segmentos est\u00e3o a encolher, exceto um, o dos <a href=\"https:\/\/tek.sapo.pt\/tag\/dobraveis\" target=\"_blank\" rel=\"noreferrer noopener nofollow\">dobr\u00e1veis<\/a>. <strong>Tudo indica que esta categoria v\u00e1 crescer 12,6% em 2026, para 22,9 milh\u00f5es de unidades, e acelerar para 18% em 2027, ultrapassando as 27 milh\u00f5es<\/strong>. O motor deste crescimento ser\u00e1 a entrada da Apple no segmento, prevista para a segunda metade do ano.<\/p>\n<p>    <a href=\"https:\/\/tek.sapo.pt\/mobile\/equipamentos\/artigos\/vendas-de-smartphones-dobraveis-vao-duplicar-em-dois-anos-iphone-ultra-pode-garantir-maior-impacto\/\" title=\"Vendas de smartphones dobr\u00e1veis v\u00e3o duplicar em dois anos. iPhone Ultra pode garantir maior impacto?\" tabindex=\"-1\" class=\"inkwr-image \" aria-label=\"Imagem do artigo: Vendas de smartphones dobr\u00e1veis v\u00e3o duplicar em dois anos. iPhone Ultra pode garantir maior impacto?\" rel=\"nofollow noopener\" target=\"_blank\"><br \/>\n                            <img loading=\"lazy\" decoding=\"async\" width=\"2200\" height=\"1656\" src=\"https:\/\/www.europesays.com\/pt\/wp-content\/uploads\/2026\/08\/PXL_20260721_092239226.jpg\" class=\" wp-post-image\" alt=\"Vendas de smartphones dobr\u00e1veis v\u00e3o duplicar em dois anos. iPhone Ultra pode garantir maior impacto?\"   data-attachment-id=\"780179\" data-permalink=\"https:\/\/tek.sapo.pt\/analises\/artigos\/primeiras-impressoes-novo-formato-do-samsung-galaxy-z-fold8-primeiro-estranha-se-depois-entranha-se\/attachment\/pxl_20260721_092239226\/\" data-orig-file=\"https:\/\/www.europesays.com\/pt\/wp-content\/uploads\/2026\/08\/PXL_20260721_092239226.jpg\" data-orig-size=\"2200,1656\" data-comments-opened=\"1\" data-image-meta=\"{&quot;aperture&quot;:&quot;1.68&quot;,&quot;credit&quot;:&quot;&quot;,&quot;camera&quot;:&quot;Pixel 10 Pro&quot;,&quot;caption&quot;:&quot;&quot;,&quot;created_timestamp&quot;:&quot;1784629359&quot;,&quot;copyright&quot;:&quot;&quot;,&quot;focal_length&quot;:&quot;6.9&quot;,&quot;iso&quot;:&quot;32&quot;,&quot;shutter_speed&quot;:&quot;0.002396&quot;,&quot;title&quot;:&quot;&quot;,&quot;orientation&quot;:&quot;1&quot;,&quot;alt&quot;:&quot;&quot;}\" data-image-title=\"Samsung Galaxy Fold8\" data-image-description=\"\" data-image-caption=\"&lt;p&gt;Samsung Galaxy Fold8&lt;\/p&gt;&#10;\" data-large-file=\"https:\/\/cdn.teknoticias.pt\/uploads\/2026\/07\/PXL_20260721_092239226-1024x771.jpg\"\/><br \/>\n                <\/a><\/p>\n<p>            <a href=\"https:\/\/tek.sapo.pt\/mobile\/equipamentos\/artigos\/vendas-de-smartphones-dobraveis-vao-duplicar-em-dois-anos-iphone-ultra-pode-garantir-maior-impacto\/\" title=\"Vendas de smartphones dobr\u00e1veis v\u00e3o duplicar em dois anos. iPhone Ultra pode garantir maior impacto?\" rel=\"nofollow noopener\" target=\"_blank\"><br \/>\n                                    Estudo<br \/>\n                                Vendas de smartphones dobr\u00e1veis v\u00e3o duplicar em dois anos. iPhone Ultra pode garantir maior impacto?<\/a><\/p>\n<p>\n            At\u00e9 2028, as vendas de smartphones dobr\u00e1veis devem duplicar para as 38 milh\u00f5es de unidades, indica um novo estudo da Omdia. Os novos formatos do Samsung Z Fold8 e Huawei Pura X Max est\u00e3o a impulsionar a ades\u00e3o.        <\/p>\n<p class=\"wp-block-paragraph\">Segundo a analista Nabila Popal, <strong>espera-se que a Apple consiga vender mais de 17 milh\u00f5es de iPhones dobr\u00e1veis at\u00e9 2027<\/strong>, o que permitir\u00e1 captar cerca de 40% do mercado global de dispositivos foldables. <strong>Tudo indica que estes ter\u00e3o um pre\u00e7o m\u00e9dio superior a 2.550 d\u00f3lares.<\/strong><\/p>\n<p><strong>O que isto significa para quem quer comprar um smartphone?<\/strong><\/p>\n<p class=\"wp-block-paragraph\"><strong>A situa\u00e7\u00e3o atual do mercado \u00e9 considerada como o fim da era do smartphone barato<\/strong>. Em m\u00e9dia, um dispositivo custa hoje mais 147 d\u00f3lares do que h\u00e1 dois anos, e <strong>s\u00e3o precisamente os modelos mais acess\u00edveis os primeiros a desaparecer das prateleiras<\/strong>. Para os consumidores, isso obriga a manter o smartphone atual por mais tempo, bem como a pagar mais na pr\u00f3xima troca.<\/p>\n<p class=\"wp-block-paragraph\">A IA no dispositivo \u00e9 outra inevitabilidade. Esta est\u00e1 a chegar, mas <strong>a mem\u00f3ria de que depende \u00e9 cada vez mais escassa e cara, estando esse custo a ser transferido diretamente para quem a compra<\/strong>. Segundo a IDC, os pr\u00f3ximos 18 meses v\u00e3o separar os fabricantes com escala e poder negocial suficiente para lidar com um mercado estruturalmente mais caro, <strong>como acontece com marcas como a Apple, <a href=\"https:\/\/tek.sapo.pt\/tag\/samsung\" target=\"_blank\" rel=\"noreferrer noopener nofollow\">Samsung<\/a> e Huawei, face \u00e0s marcas Android mais pequenas<\/strong>, que est\u00e3o centradas nas gamas de entrada.<\/p>\n<p><strong>Assine a\u00a0<\/strong><a href=\"https:\/\/teknoticias.us15.list-manage.com\/subscribe?u=9a06a5af5e9150806abc02bae&amp;id=ef9b27090d\" target=\"_blank\" rel=\"noopener nofollow\"><strong>newsletter do TEK Not\u00edcias<\/strong><\/a><strong>\u00a0e receba todos os dias as principais not\u00edcias de tecnologia na sua caixa de correio<\/strong><\/p>\n","protected":false},"excerpt":{"rendered":"A IDC reviu em baixa as previs\u00f5es para o mercado dos smartphones. Segundo a consultora, v\u00e3o vender-se menos&hellip;\n","protected":false},"author":2,"featured_media":506477,"comment_status":"","ping_status":"","sticky":false,"template":"","format":"standard","meta":{"footnotes":"","_share_on_mastodon":"0"},"categories":[84],"tags":[2837,2851,247,109,107,108,81167,320,49862,81168,8010,45363,248,39215,81169,49863,32,33,952,105,103,104,954,106,110],"class_list":["post-506476","post","type-post","status-publish","format-standard","has-post-thumbnail","category-ciencia-e-tecnologia","tag-2837","tag-android","tag-apple","tag-ciencia","tag-ciencia-e-tecnologia","tag-cienciaetecnologia","tag-crise-da-memoria","tag-dobraveis","tag-dram","tag-harmonyos","tag-huawei","tag-idc","tag-ios","tag-iphone-dobravel","tag-mercado-tecnologico","tag-nand","tag-portugal","tag-pt","tag-samsung","tag-science","tag-science-and-technology","tag-scienceandtechnology","tag-smartphones","tag-technology","tag-tecnologia"],"share_on_mastodon":{"url":"https:\/\/pubeurope.com\/@pt\/117190511805086100","error":""},"_links":{"self":[{"href":"https:\/\/www.europesays.com\/pt\/wp-json\/wp\/v2\/posts\/506476","targetHints":{"allow":["GET"]}}],"collection":[{"href":"https:\/\/www.europesays.com\/pt\/wp-json\/wp\/v2\/posts"}],"about":[{"href":"https:\/\/www.europesays.com\/pt\/wp-json\/wp\/v2\/types\/post"}],"author":[{"embeddable":true,"href":"https:\/\/www.europesays.com\/pt\/wp-json\/wp\/v2\/users\/2"}],"replies":[{"embeddable":true,"href":"https:\/\/www.europesays.com\/pt\/wp-json\/wp\/v2\/comments?post=506476"}],"version-history":[{"count":0,"href":"https:\/\/www.europesays.com\/pt\/wp-json\/wp\/v2\/posts\/506476\/revisions"}],"wp:featuredmedia":[{"embeddable":true,"href":"https:\/\/www.europesays.com\/pt\/wp-json\/wp\/v2\/media\/506477"}],"wp:attachment":[{"href":"https:\/\/www.europesays.com\/pt\/wp-json\/wp\/v2\/media?parent=506476"}],"wp:term":[{"taxonomy":"category","embeddable":true,"href":"https:\/\/www.europesays.com\/pt\/wp-json\/wp\/v2\/categories?post=506476"},{"taxonomy":"post_tag","embeddable":true,"href":"https:\/\/www.europesays.com\/pt\/wp-json\/wp\/v2\/tags?post=506476"}],"curies":[{"name":"wp","href":"https:\/\/api.w.org\/{rel}","templated":true}]}}