{"id":50649,"date":"2025-08-29T20:22:09","date_gmt":"2025-08-29T20:22:09","guid":{"rendered":"https:\/\/www.europesays.com\/pt\/50649\/"},"modified":"2025-08-29T20:22:09","modified_gmt":"2025-08-29T20:22:09","slug":"o-mirante-o-fotografo-que-fintou-a-morte-e-conquistou-o-carinho-das-suas-gentes","status":"publish","type":"post","link":"https:\/\/www.europesays.com\/pt\/50649\/","title":{"rendered":"O MIRANTE | O fot\u00f3grafo que fintou a morte e conquistou o carinho das suas gentes"},"content":{"rendered":"<p>     <img decoding=\"async\" src=\"https:\/\/www.europesays.com\/pt\/wp-content\/uploads\/2025\/08\/1756498929_996_mw-900.webp\" alt=\"O fot\u00f3grafo que fintou a morte e conquistou o carinho das suas gentes\" title=\"O fot\u00f3grafo que fintou a morte e conquistou o carinho das suas gentes\"\/>  <\/p>\n<p>Joaquim Correia \u00e9 conhecido por fotografar h\u00e1 v\u00e1rios anos as tradi\u00e7\u00f5es ribatejanas, especialmente as de Samora Correia &#8211; foto O MIRANTE<\/p>\n<p>Joaquim Correia dedica a vida a registar as tradi\u00e7\u00f5es e festas do Ribatejo, com especial aten\u00e7\u00e3o a Samora Correia.<\/p>\n<p>Joaquim J\u00falio Abreu Correia, mais conhecido como \u201ccameraman\u201d, \u00e9 uma figura incontorn\u00e1vel na vida cultural e festiva do Ribatejo. Natural de Samora Correia, nasceu mesmo no centro da vila e, apesar de Samora j\u00e1 ser cidade, ainda a trata carinhosamente de vila. Aos 56 anos, continua a documentar cada detalhe das festas, largadas de toiros e eventos culturais como teatro e espect\u00e1culos musicais (sobretudo no Centro Cultural de Samora Correia), com um olhar que alia t\u00e9cnica, sensibilidade e uma paix\u00e3o antiga pelas imagens em movimento. <\/p>\n","protected":false},"excerpt":{"rendered":"Joaquim Correia \u00e9 conhecido por fotografar h\u00e1 v\u00e1rios anos as tradi\u00e7\u00f5es ribatejanas, especialmente as de Samora Correia &#8211;&hellip;\n","protected":false},"author":2,"featured_media":50650,"comment_status":"","ping_status":"","sticky":false,"template":"","format":"standard","meta":{"footnotes":""},"categories":[144],"tags":[207,205,206,203,201,202,204,114,115,6569,6568,32,33,3551,5314],"class_list":{"0":"post-50649","1":"post","2":"type-post","3":"status-publish","4":"format-standard","5":"has-post-thumbnail","7":"category-arte-e-design","8":"tag-arte","9":"tag-arte-e-design","10":"tag-artedesign","11":"tag-arts","12":"tag-arts-and-design","13":"tag-artsanddesign","14":"tag-design","15":"tag-entertainment","16":"tag-entretenimento","17":"tag-jornal-regional","18":"tag-jornalismo-de-proximidade","19":"tag-portugal","20":"tag-pt","21":"tag-regiao","22":"tag-ribatejo"},"share_on_mastodon":{"url":"","error":""},"_links":{"self":[{"href":"https:\/\/www.europesays.com\/pt\/wp-json\/wp\/v2\/posts\/50649","targetHints":{"allow":["GET"]}}],"collection":[{"href":"https:\/\/www.europesays.com\/pt\/wp-json\/wp\/v2\/posts"}],"about":[{"href":"https:\/\/www.europesays.com\/pt\/wp-json\/wp\/v2\/types\/post"}],"author":[{"embeddable":true,"href":"https:\/\/www.europesays.com\/pt\/wp-json\/wp\/v2\/users\/2"}],"replies":[{"embeddable":true,"href":"https:\/\/www.europesays.com\/pt\/wp-json\/wp\/v2\/comments?post=50649"}],"version-history":[{"count":0,"href":"https:\/\/www.europesays.com\/pt\/wp-json\/wp\/v2\/posts\/50649\/revisions"}],"wp:featuredmedia":[{"embeddable":true,"href":"https:\/\/www.europesays.com\/pt\/wp-json\/wp\/v2\/media\/50650"}],"wp:attachment":[{"href":"https:\/\/www.europesays.com\/pt\/wp-json\/wp\/v2\/media?parent=50649"}],"wp:term":[{"taxonomy":"category","embeddable":true,"href":"https:\/\/www.europesays.com\/pt\/wp-json\/wp\/v2\/categories?post=50649"},{"taxonomy":"post_tag","embeddable":true,"href":"https:\/\/www.europesays.com\/pt\/wp-json\/wp\/v2\/tags?post=50649"}],"curies":[{"name":"wp","href":"https:\/\/api.w.org\/{rel}","templated":true}]}}