{"id":506498,"date":"2026-08-31T14:32:35","date_gmt":"2026-08-31T14:32:35","guid":{"rendered":"https:\/\/www.europesays.com\/pt\/506498\/"},"modified":"2026-08-31T14:32:35","modified_gmt":"2026-08-31T14:32:35","slug":"video-real-madrid-goleia-o-malaga-e-isola-se-na-lideranca-da-liga-espanhola","status":"publish","type":"post","link":"https:\/\/www.europesays.com\/pt\/506498\/","title":{"rendered":"V\u00cdDEO: Real Madrid goleia o M\u00e1laga e isola-se na lideran\u00e7a da Liga espanhola"},"content":{"rendered":"<p style=\"margin-bottom:11px\">Jos\u00e9 Mourinho continua 100 por cento vitorioso no regresso ao banco do Real Madrid, tendo este domingo visto <a href=\"https:\/\/maisfutebol.iol.pt\/jogo\/real-madrid\/malaga\/13837703?_gl=1*3hfdle*_up*MQ..*_ga*MjkxODI1NzMwLjE3ODgxMDU2OTA.*_ga_VF4Y7XGSMV*czE3ODgxMDU2ODgkbzEkZzAkdDE3ODgxMDU2ODgkajYwJGwwJGgxNTU3NjUxMjQx*_ga_F2JC3V5NZ2*czE3ODgxMDU2ODkkbzEkZzAkdDE3ODgxMDU2ODkkajYwJGwwJGg5MjA5NzkwMTM.\" target=\"_blank\" rel=\"nofollow noopener\">os Merengues derrotar o M\u00e1laga (4-0)<\/a>, para a terceira jornada Liga espanhola, com tr\u00eas golos apontados na meia hora inicial do encontro. E assim os madrilenos isolam-se no comando da LaLiga, ficando \u00e0 espera do que faz o Barcelona na segunda-feira.<\/p>\n<p>O jogo ficou resolvido na primeira parte, durante a qual Jude Bellingham (19m), um autogolo de Alfonso Herrero (26m) e Kylian Mbapp\u00e9 (30m) deixaram o Real a vencer por 3-0.<\/p>\n<p>O M\u00e1laga ainda acertou no ferro perto do intervalo, por Rafa Rodr\u00edguez (42m), tal como Bellingham na segunda parte (55m), mas seriam os Blancos a tornar a marcar, pelo rec\u00e9m-entrado Arda G\u00fcler, ao minuto 90+1.<\/p>\n<p><a href=\"https:\/\/maisfutebol.iol.pt\/resultadoseclassificacoes\/131\/espanha\/primera-division?_gl=1*apwj0w*_up*MQ..*_ga*ODQ3ODM1ODkzLjE3ODgxMDcwNDg.*_ga_VF4Y7XGSMV*czE3ODgxMDcwNDckbzEkZzAkdDE3ODgxMDcwNDckajYwJGwwJGg4MjYzNDA1MjU.*_ga_F2JC3V5NZ2*czE3ODgxMDcwNDkkbzEkZzAkdDE3ODgxMDcwNDkkajYwJGwwJGgxODE4NDM0NTA4\" target=\"_blank\" rel=\"nofollow noopener\">O arranque perfeito na LaLiga<\/a> deixa o Real Madrid isolado, \u00e0 condi\u00e7\u00e3o, na lideran\u00e7a da tabela classificativa, com nove pontos em tr\u00eas jogos. O Barcelona \u00e9 a \u00fanica equipa que pode igualar esse registo, caso ven\u00e7a o Rayo Vallecano na segunda-feira (20h30).<\/p>\n","protected":false},"excerpt":{"rendered":"Jos\u00e9 Mourinho continua 100 por cento vitorioso no regresso ao banco do Real Madrid, tendo este domingo visto&hellip;\n","protected":false},"author":2,"featured_media":506499,"comment_status":"","ping_status":"","sticky":false,"template":"","format":"standard","meta":{"footnotes":"","_share_on_mastodon":"0"},"categories":[87],"tags":[28383,135,640,5433,26847,23673,31599,7911,1356,46,39454,32,33,47,2007,6081,4219,5434,5920,134,578],"class_list":["post-506498","post","type-post","status-publish","format-standard","has-post-thumbnail","category-desporto","tag-arda-guler","tag-desporto","tag-espanha","tag-jogos-hoje","tag-jude-bellingham","tag-kylian-mbappe","tag-laliga","tag-liga-espanhola","tag-mais-futebol","tag-maisfutebol","tag-malaga","tag-portugal","tag-pt","tag-pura-paixao","tag-real-madrid","tag-resultado","tag-resultado-final","tag-resultados-hoje","tag-resultados-maisfutebol","tag-sports","tag-video"],"share_on_mastodon":{"url":"https:\/\/pubeurope.com\/@pt\/117190613289280568","error":""},"_links":{"self":[{"href":"https:\/\/www.europesays.com\/pt\/wp-json\/wp\/v2\/posts\/506498","targetHints":{"allow":["GET"]}}],"collection":[{"href":"https:\/\/www.europesays.com\/pt\/wp-json\/wp\/v2\/posts"}],"about":[{"href":"https:\/\/www.europesays.com\/pt\/wp-json\/wp\/v2\/types\/post"}],"author":[{"embeddable":true,"href":"https:\/\/www.europesays.com\/pt\/wp-json\/wp\/v2\/users\/2"}],"replies":[{"embeddable":true,"href":"https:\/\/www.europesays.com\/pt\/wp-json\/wp\/v2\/comments?post=506498"}],"version-history":[{"count":0,"href":"https:\/\/www.europesays.com\/pt\/wp-json\/wp\/v2\/posts\/506498\/revisions"}],"wp:featuredmedia":[{"embeddable":true,"href":"https:\/\/www.europesays.com\/pt\/wp-json\/wp\/v2\/media\/506499"}],"wp:attachment":[{"href":"https:\/\/www.europesays.com\/pt\/wp-json\/wp\/v2\/media?parent=506498"}],"wp:term":[{"taxonomy":"category","embeddable":true,"href":"https:\/\/www.europesays.com\/pt\/wp-json\/wp\/v2\/categories?post=506498"},{"taxonomy":"post_tag","embeddable":true,"href":"https:\/\/www.europesays.com\/pt\/wp-json\/wp\/v2\/tags?post=506498"}],"curies":[{"name":"wp","href":"https:\/\/api.w.org\/{rel}","templated":true}]}}