{"id":50651,"date":"2025-08-29T20:24:12","date_gmt":"2025-08-29T20:24:12","guid":{"rendered":"https:\/\/www.europesays.com\/pt\/50651\/"},"modified":"2025-08-29T20:24:12","modified_gmt":"2025-08-29T20:24:12","slug":"saiba-qual-personagem-deixara-dona-de-mim-de-forma-tragica","status":"publish","type":"post","link":"https:\/\/www.europesays.com\/pt\/50651\/","title":{"rendered":"Saiba qual personagem deixar\u00e1 &#8216;Dona de Mim&#8217; de forma tr\u00e1gica"},"content":{"rendered":"<p>\n                        Os dias de um personagem que entrou recentemente no enredo da novela &#8216;Dona de Mim&#8217;, da Globo, est\u00e3o contados; saiba detalhes\n                    <\/p>\n<p class=\"text\">Nos pr\u00f3ximos cap\u00edtulos de &#8216;Dona de Mim&#8217;, novela da TV Globo, um personagem ter\u00e1 um final tr\u00e1gico e deve deixar a trama. Deco<strong> (Jos\u00e9 Maria Brion)<\/strong> ter\u00e1 um embate com o vil\u00e3o do folhetim, o que adiantar\u00e1 sua sa\u00edda.<\/p>\n<p><img loading=\"lazy\" decoding=\"async\" alt=\"Filipa em 'Dona de Mim'\" class=\"img-766533d0c79e054bda710088987f6cd000t6u288\" height=\"435\" src=\"https:\/\/www.europesays.com\/pt\/wp-content\/uploads\/2025\/08\/2013818000-filipa-dona-de-mim.jpeg\"  title=\"Filipa em 'Dona de Mim'\" width=\"774\"\/><\/p>\n<p>Filipa em &#8216;Dona de Mim&#8217;<\/p>\n<p>Foto: Reprodu\u00e7\u00e3o\/TV Globo \/ Contigo<\/p>\n<p class=\"text\">Nas cenas, o rapaz partir\u00e1 para cima de Nina <strong>(Flora Camolese)<\/strong> e Filipa<strong> (Cl\u00e1udia Abreu)<\/strong>, na tentativa de recuperar a droga que escondeu dentro da m\u00e1quina de tatuar. O problema \u00e9 que, ao encontrar o pacote que trouxe ao Brasil sem saber, Nina n\u00e3o pensou duas vezes e jogou fora.<\/p>\n<p>O confronto<\/p>\n<p class=\"text\">Revoltado com a situa\u00e7\u00e3o, ele partir\u00e1 para cima da mo\u00e7a, que ser\u00e1 defendida pela m\u00e3e. &#8220;Deixa minha filha em paz!&#8221;, ordenar\u00e1, partindo para cima dela. Segundo o Not\u00edcias da TV, no confronto, Filipa acabar\u00e1 caindo e ficando desacordada.<\/p>\n<p class=\"text\">Ent\u00e3o, no meio da confus\u00e3o, Jaques <strong>(Marcello Novaes)<\/strong> chegar\u00e1 portando uma arma falsa. Sem medo, Deco o desarmar\u00e1, mas o vil\u00e3o n\u00e3o ter\u00e1 d\u00f3 e atacar\u00e1 o portugu\u00eas. No meio do confronto, Nina reagir\u00e1 e empurrar\u00e1 o ex, que cair\u00e1 da varanda.<\/p>\n<p class=\"text\">Assim como Filipa, Deco ser\u00e1 levado para o hospital com uma concuss\u00e3o cerebral. Em seguida, ele ser\u00e1 preso por tr\u00e1fico internacional de drogas.<\/p>\n<blockquote class=\"instagram-media\" data-instgrm-captioned=\"\" data-instgrm-permalink=\"https:\/\/www.instagram.com\/reel\/DN6sjGqDeW-\/?utm_source=ig_embed&amp;utm_campaign=loading\" data-instgrm-version=\"14\" style=\"background: #FFF; border: 0; border-radius: 3px; box-shadow: 0 0 1px 0 rgba(0,0,0,0.5),0 1px 10px 0 rgba(0,0,0,0.15); margin: 1px; max-width: 540px; min-width: 326px; padding: 0; width: calc(100% - 2px);\">\n<p>     Ver essa foto no Instagram <\/p>\n<p class=\"text\" style=\"color: #c9c8cd; font-family: Arial,sans-serif; font-size: 14px; line-height: 17px; margin-bottom: 0; margin-top: 8px; overflow: hidden; padding: 8px 0 7px; text-align: center; text-overflow: ellipsis; white-space: nowrap;\"><a href=\"https:\/\/www.instagram.com\/reel\/DN6sjGqDeW-\/?utm_source=ig_embed&amp;utm_campaign=loading\" rel=\"noopener nofollow\" style=\"color: #c9c8cd; font-family: Arial,sans-serif; font-size: 14px; font-style: normal; font-weight: normal; line-height: 17px; text-decoration: none;\" target=\"_blank\">Uma publica\u00e7\u00e3o compartilhada por TV Globo (@tvglobo)<\/a><\/p>\n<\/blockquote>\n<p>                            <script async src=\"\/\/www.instagram.com\/embed.js\"><\/script><\/p>\n","protected":false},"excerpt":{"rendered":"Os dias de um personagem que entrou recentemente no enredo da novela &#8216;Dona de Mim&#8217;, da Globo, est\u00e3o&hellip;\n","protected":false},"author":2,"featured_media":50652,"comment_status":"","ping_status":"","sticky":false,"template":"","format":"standard","meta":{"footnotes":""},"categories":[142],"tags":[114,115,32,33,151],"class_list":{"0":"post-50651","1":"post","2":"type-post","3":"status-publish","4":"format-standard","5":"has-post-thumbnail","7":"category-tv","8":"tag-entertainment","9":"tag-entretenimento","10":"tag-portugal","11":"tag-pt","12":"tag-tv"},"share_on_mastodon":{"url":"","error":""},"_links":{"self":[{"href":"https:\/\/www.europesays.com\/pt\/wp-json\/wp\/v2\/posts\/50651","targetHints":{"allow":["GET"]}}],"collection":[{"href":"https:\/\/www.europesays.com\/pt\/wp-json\/wp\/v2\/posts"}],"about":[{"href":"https:\/\/www.europesays.com\/pt\/wp-json\/wp\/v2\/types\/post"}],"author":[{"embeddable":true,"href":"https:\/\/www.europesays.com\/pt\/wp-json\/wp\/v2\/users\/2"}],"replies":[{"embeddable":true,"href":"https:\/\/www.europesays.com\/pt\/wp-json\/wp\/v2\/comments?post=50651"}],"version-history":[{"count":0,"href":"https:\/\/www.europesays.com\/pt\/wp-json\/wp\/v2\/posts\/50651\/revisions"}],"wp:featuredmedia":[{"embeddable":true,"href":"https:\/\/www.europesays.com\/pt\/wp-json\/wp\/v2\/media\/50652"}],"wp:attachment":[{"href":"https:\/\/www.europesays.com\/pt\/wp-json\/wp\/v2\/media?parent=50651"}],"wp:term":[{"taxonomy":"category","embeddable":true,"href":"https:\/\/www.europesays.com\/pt\/wp-json\/wp\/v2\/categories?post=50651"},{"taxonomy":"post_tag","embeddable":true,"href":"https:\/\/www.europesays.com\/pt\/wp-json\/wp\/v2\/tags?post=50651"}],"curies":[{"name":"wp","href":"https:\/\/api.w.org\/{rel}","templated":true}]}}