{"id":506522,"date":"2026-08-31T14:58:12","date_gmt":"2026-08-31T14:58:12","guid":{"rendered":"https:\/\/www.europesays.com\/pt\/506522\/"},"modified":"2026-08-31T14:58:12","modified_gmt":"2026-08-31T14:58:12","slug":"em-nova-york-clube-de-criacao-3","status":"publish","type":"post","link":"https:\/\/www.europesays.com\/pt\/506522\/","title":{"rendered":"Em Nova York &#8211; Clube de Cria\u00e7\u00e3o"},"content":{"rendered":"<p>Brasileiro \u00e9 novo ACD na Ogilvy Health<\/p>\n<p>\n\t\t\t\t31\/08\/2026\n\t\t\t<\/p>\n<p>\t\t\t\t<img decoding=\"async\" loading=\"lazy\" src=\"https:\/\/clubedecriacao.com.br\/wp-content\/themes\/clube-criacao-1.0\/images\/icon-time.svg\" alt=\"\u00cdcone\" width=\"20\" height=\"20\"\/><br \/>\n\t\t\t\t1 min.<\/p>\n<p>\t\t\tCompartilhe essa not\u00edcia:<br \/>\n\t\t\t<a href=\"#\" class=\"btn-copiar\"><br \/>\n\t\t\t\tCopiar link<br \/>\n\t\t\t\t<img decoding=\"async\" loading=\"lazy\" src=\"https:\/\/clubedecriacao.com.br\/wp-content\/themes\/clube-criacao-1.0\/images\/icon-link.svg\" alt=\"\u00cdcone\" width=\"20\" height=\"20\"\/><br \/>\n\t\t\t<\/a><\/p>\n<p>O brasileiro <strong>Walter Soares,<\/strong> que foi vp, associate creative director da <strong>Area 23 <\/strong>em Nova York, assume\u00a0o cargo de <strong>associate creative director, art<\/strong>, na<strong> Ogilvy Health NY<\/strong>.<\/p>\n<p>Diretor de arte de origem, o profissional passa a integrar a equipe liderada por <strong>Renata Maia<\/strong>, chief creative officer, North America, e<strong> Moa Netto<\/strong>, executive creative director.<\/p>\n<p>Trata-se da segunda passagem de Soares pela Ogilvy Nova York, onde trabalhou entre <strong>2015 e 2020<\/strong>. Na \u00e9poca, trabalhou para marcas como Ikea, Coca-Cola, American Express, Nestl\u00e9 Waters, Vaseline e Motorola.<\/p>\n<p>Ao longo da carreira, tamb\u00e9m desenvolveu projetos para a <strong>Globo<\/strong>, com foco em dire\u00e7\u00e3o criativa de <strong>arte e design.<\/strong><\/p>\n<p><strong>\u2014\u2014\u2014\u2014\u2014\u2014\u2014\u2014\u2014\u2014\u2014\u2014\u2014\u2014\u2014<\/strong><\/p>\n<p>Ingressos para o\u00a0<strong><a href=\"https:\/\/clubedecriacao.com.br\/ultimas\/festival-do-clube-2026\/\" target=\"_blank\" rel=\"noopener nofollow\">Festival do Clube de Cria\u00e7\u00e3o 2026<\/a>\u00a0<\/strong>est\u00e3o \u00e0 venda\u00a0<strong><a href=\"https:\/\/www.sympla.com.br\/evento\/festival-do-clube-de-criacao-2026\/3401462\" target=\"_blank\" rel=\"noopener nofollow\">aqui<\/a><\/strong>.<\/p>\n<p><strong>N\u00e3o\u00a0perca. Espalhe.<\/strong><\/p>\n<p><strong>Nos vemos no Memorial.<\/strong><\/p>\n","protected":false},"excerpt":{"rendered":"Brasileiro \u00e9 novo ACD na Ogilvy Health 31\/08\/2026 1 min. Compartilhe essa not\u00edcia: Copiar link O brasileiro Walter&hellip;\n","protected":false},"author":2,"featured_media":506523,"comment_status":"","ping_status":"","sticky":false,"template":"","format":"standard","meta":{"footnotes":"","_share_on_mastodon":"0"},"categories":[144],"tags":[207,205,206,203,201,202,204,114,115,32,33],"class_list":["post-506522","post","type-post","status-publish","format-standard","has-post-thumbnail","category-arte-e-design","tag-arte","tag-arte-e-design","tag-artedesign","tag-arts","tag-arts-and-design","tag-artsanddesign","tag-design","tag-entertainment","tag-entretenimento","tag-portugal","tag-pt"],"share_on_mastodon":{"url":"https:\/\/pubeurope.com\/@pt\/117190716186985256","error":""},"_links":{"self":[{"href":"https:\/\/www.europesays.com\/pt\/wp-json\/wp\/v2\/posts\/506522","targetHints":{"allow":["GET"]}}],"collection":[{"href":"https:\/\/www.europesays.com\/pt\/wp-json\/wp\/v2\/posts"}],"about":[{"href":"https:\/\/www.europesays.com\/pt\/wp-json\/wp\/v2\/types\/post"}],"author":[{"embeddable":true,"href":"https:\/\/www.europesays.com\/pt\/wp-json\/wp\/v2\/users\/2"}],"replies":[{"embeddable":true,"href":"https:\/\/www.europesays.com\/pt\/wp-json\/wp\/v2\/comments?post=506522"}],"version-history":[{"count":0,"href":"https:\/\/www.europesays.com\/pt\/wp-json\/wp\/v2\/posts\/506522\/revisions"}],"wp:featuredmedia":[{"embeddable":true,"href":"https:\/\/www.europesays.com\/pt\/wp-json\/wp\/v2\/media\/506523"}],"wp:attachment":[{"href":"https:\/\/www.europesays.com\/pt\/wp-json\/wp\/v2\/media?parent=506522"}],"wp:term":[{"taxonomy":"category","embeddable":true,"href":"https:\/\/www.europesays.com\/pt\/wp-json\/wp\/v2\/categories?post=506522"},{"taxonomy":"post_tag","embeddable":true,"href":"https:\/\/www.europesays.com\/pt\/wp-json\/wp\/v2\/tags?post=506522"}],"curies":[{"name":"wp","href":"https:\/\/api.w.org\/{rel}","templated":true}]}}