{"id":50653,"date":"2025-08-29T20:26:08","date_gmt":"2025-08-29T20:26:08","guid":{"rendered":"https:\/\/www.europesays.com\/pt\/50653\/"},"modified":"2025-08-29T20:26:08","modified_gmt":"2025-08-29T20:26:08","slug":"pacificador-james-gunn-explica-por-que-detesta-personagens-femininas-perfeitas-e-badass","status":"publish","type":"post","link":"https:\/\/www.europesays.com\/pt\/50653\/","title":{"rendered":"\u2018Pacificador\u2019: James Gunn explica por que detesta personagens femininas \u201cperfeitas e badass\u201d"},"content":{"rendered":"<p><strong>James Gunn<\/strong>, cineasta e co-diretor da DC Studios, e a atriz <strong>Jennifer Holland<\/strong> falaram recentemente sobre a trajet\u00f3ria de <strong>Emilia Harcourt<\/strong> em <strong>\u2018Pacificador\u2019<\/strong>, destacando como, apesar de ser uma personagem forte, ela foge do estere\u00f3tipo da \u201cmulher perfeita e durona\u201d.<\/p>\n<p>Segundo o site <a href=\"https:\/\/comicbookmovie.com\/tv\/dc\/peacemaker\/peacemaker-creator-james-gunn-explains-why-hes-no-fan-of-the-perfect-female-badass-trope-a223577\" rel=\"nofollow noopener\" target=\"_blank\">ComicBookMovie<\/a>, <strong>Jennifer Holland<\/strong> elogiou a profundidade da personagem: \u201cComo mulher, nem sempre voc\u00ea tem a chance de interpretar personagens tridimensionais e complexas. Ou as mulheres s\u00e3o muito m\u00e1s e terr\u00edveis, ou s\u00e3o muito boas, doces e ador\u00e1veis. Voc\u00ea [Gunn] adiciona muita dimens\u00e3o \u00e0s suas personagens\u201d.<\/p>\n<p><strong>Gunn<\/strong> completou: \u201cS\u00e3o todas as pessoas. Claro que existem diferen\u00e7as entre os sexos, mas somos muito mais parecidos do que diferentes. Quando cheguei a [Hollywood], os personagens femininos eram quase sempre perfeitos. Depois surgiu a chamada \u2018mulher badass\u2019. Mas eu tamb\u00e9m n\u00e3o gostava disso, porque elas n\u00e3o eram duronas como o Senhor das Estrelas ou o Deadpool, n\u00e3o tinham personalidade. Eram apenas vers\u00f5es perfeitas de mulheres badas. Ent\u00e3o, permitir falhas nesses personagens foi, para mim, a coisa mais interessante que se podia fazer\u201d.<\/p>\n<p>\u00a0<\/p>\n<p><strong>Cena<\/strong> retornar\u00e1 como o her\u00f3i titular ao lado de <strong>Freddie Stroma<\/strong> (Adrian Chase) e <strong>Danielle Brooks<\/strong> (Leota Adebayo).<\/p>\n<p><strong>Frank Grillo<\/strong> ser\u00e1 introduzido como Rick Flag Sr., pai do personagem interpretado por <strong>Joel Kinnaman<\/strong> (\u2018Altered Carbon\u2019) em \u2018<strong>O Esquadr\u00e3o Suicida<\/strong>\u2018.<\/p>\n<p><img fetchpriority=\"high\" decoding=\"async\" class=\"size-full wp-image-683022\" src=\"https:\/\/www.europesays.com\/pt\/wp-content\/uploads\/2025\/08\/1756499168_473_pacificador-season-2-poster.jpg\" alt=\"\" width=\"1000\" height=\"1000\"  \/><\/p>\n","protected":false},"excerpt":{"rendered":"James Gunn, cineasta e co-diretor da DC Studios, e a atriz Jennifer Holland falaram recentemente sobre a trajet\u00f3ria&hellip;\n","protected":false},"author":2,"featured_media":50654,"comment_status":"","ping_status":"","sticky":false,"template":"","format":"standard","meta":{"footnotes":""},"categories":[140],"tags":[4744,12957,12958,12959,12960,12961,12962,12963,12964,2945,12965,114,115,12966,12967,147,148,12968,12969,12970,12971,12972,12973,12974,12975,7320,4741,14832,12976,12977,12978,12979,12980,146,5709,12243,12981,12982,12983,12984,12985,32,12986,33,12987,12988,12989,12990,1248,12991,12992,12993],"class_list":{"0":"post-50653","1":"post","2":"type-post","3":"status-publish","4":"format-standard","5":"has-post-thumbnail","7":"category-filmes","8":"tag-aquaman","9":"tag-arqueiro-verde","10":"tag-chris-conrad","11":"tag-chris-smith","12":"tag-christopher-heyerdahl","13":"tag-chukwudi-iwuji","14":"tag-coringa","15":"tag-danielle-brooks","16":"tag-david-ayer","17":"tag-dc","18":"tag-elizabeth-faith-ludlow","19":"tag-entertainment","20":"tag-entretenimento","21":"tag-esquadrao-suicida","22":"tag-ezra-miller","23":"tag-film","24":"tag-filmes","25":"tag-flash","26":"tag-flula-borg","27":"tag-frank-grillo","28":"tag-guardioes-da-galaxia","29":"tag-guardioes-da-galaxia-vol-2","30":"tag-hobbs-shaw","31":"tag-idris-elba","32":"tag-jai-courtney","33":"tag-james-gunn","34":"tag-jason-momoa","35":"tag-jennifer-holland","36":"tag-joaquin-phoenix","37":"tag-john-cena","38":"tag-liga-da-justica","39":"tag-lochlyn-munro","40":"tag-michael-rooker","41":"tag-movies","42":"tag-mulher-maravilha","43":"tag-nathan-fillion","44":"tag-pacificador","45":"tag-peacemaker","46":"tag-pete-davidson","47":"tag-peter-capaldi","48":"tag-peter-safran","49":"tag-portugal","50":"tag-praque-mayer","51":"tag-pt","52":"tag-rizwan-manji","53":"tag-robert-patrick","54":"tag-saturday-night-live","55":"tag-sean-gunn","56":"tag-superman","57":"tag-taika-waititi","58":"tag-todd-phillips","59":"tag-viola-davis"},"share_on_mastodon":{"url":"","error":""},"_links":{"self":[{"href":"https:\/\/www.europesays.com\/pt\/wp-json\/wp\/v2\/posts\/50653","targetHints":{"allow":["GET"]}}],"collection":[{"href":"https:\/\/www.europesays.com\/pt\/wp-json\/wp\/v2\/posts"}],"about":[{"href":"https:\/\/www.europesays.com\/pt\/wp-json\/wp\/v2\/types\/post"}],"author":[{"embeddable":true,"href":"https:\/\/www.europesays.com\/pt\/wp-json\/wp\/v2\/users\/2"}],"replies":[{"embeddable":true,"href":"https:\/\/www.europesays.com\/pt\/wp-json\/wp\/v2\/comments?post=50653"}],"version-history":[{"count":0,"href":"https:\/\/www.europesays.com\/pt\/wp-json\/wp\/v2\/posts\/50653\/revisions"}],"wp:featuredmedia":[{"embeddable":true,"href":"https:\/\/www.europesays.com\/pt\/wp-json\/wp\/v2\/media\/50654"}],"wp:attachment":[{"href":"https:\/\/www.europesays.com\/pt\/wp-json\/wp\/v2\/media?parent=50653"}],"wp:term":[{"taxonomy":"category","embeddable":true,"href":"https:\/\/www.europesays.com\/pt\/wp-json\/wp\/v2\/categories?post=50653"},{"taxonomy":"post_tag","embeddable":true,"href":"https:\/\/www.europesays.com\/pt\/wp-json\/wp\/v2\/tags?post=50653"}],"curies":[{"name":"wp","href":"https:\/\/api.w.org\/{rel}","templated":true}]}}