{"id":506542,"date":"2026-08-31T15:12:13","date_gmt":"2026-08-31T15:12:13","guid":{"rendered":"https:\/\/www.europesays.com\/pt\/506542\/"},"modified":"2026-08-31T15:12:13","modified_gmt":"2026-08-31T15:12:13","slug":"morre-o-fotografo-jose-ernesto-leal-carvalho-aos-74-anos","status":"publish","type":"post","link":"https:\/\/www.europesays.com\/pt\/506542\/","title":{"rendered":"Morre o fot\u00f3grafo Jos\u00e9 Ernesto Leal Carvalho, aos 74 anos"},"content":{"rendered":"<p>Morreu neste domingo, 30, aos 74 anos, o fot\u00f3grafo <a href=\"https:\/\/coletiva.net\/perfil\/sobrevivendo-ao-fotojornalismo\/\" rel=\"nofollow noopener\" target=\"_blank\"><b>Jos\u00e9 Ernesto Leal Carvalho<\/b><\/a>, profissional com mais de cinco d\u00e9cadas de atua\u00e7\u00e3o na imprensa ga\u00facha. Ele estava internado no Hospital S\u00e3o Lucas da Pontif\u00edcia Universidade Cat\u00f3lica do Rio Grande do Sul (PUCRS), em Porto Alegre, e enfrentava um c\u00e2ncer de pulm\u00e3o.<\/p>\n<p>Jos\u00e9 Ernesto iniciou a carreira em 1972, na Empresa Jornal\u00edstica Caldas J\u00fanior, como auxiliar de laborat\u00f3rio, trabalhando na revela\u00e7\u00e3o de filmes e na produ\u00e7\u00e3o de c\u00f3pias fotogr\u00e1ficas. Posteriormente, consolidou-se como fot\u00f3grafo dos jornais <a href=\"https:\/\/coletiva.net\/por-dentro\/correio-do-povo-um-jovem-senhor\/\" rel=\"nofollow noopener\" target=\"_blank\"><b>Correio do Povo<\/b><\/a>, Folha da Manh\u00e3 e Folha da Tarde.<\/p>\n<p>O profissional tamb\u00e9m teve uma passagem pela Assembleia Legislativa do Rio Grande do Sul. No Correio do Povo, onde construiu grande parte de sua trajet\u00f3ria, liderou a equipe de Fotografia durante 22 anos, at\u00e9 a aposentadoria.<\/p>\n<p>Em nota, a Associa\u00e7\u00e3o Riograndense de Imprensa (ARI) manifestou pesar pelo falecimento e prestou solidariedade aos familiares, amigos e colegas do fot\u00f3grafo. A entidade destacou a dedica\u00e7\u00e3o e o olhar atento que marcaram sua atua\u00e7\u00e3o no fotojornalismo ga\u00facho.<\/p>\n<p>O vel\u00f3rio ser\u00e1 realizado nesta segunda-feira, 31, a partir das 7h, na Capela 2 do Cemit\u00e9rio S\u00e3o Vicente (Avenida Santos Ferreira, 3.721), em Canoas. O sepultamento est\u00e1 marcado para as 16h, no Cemit\u00e9rio Ch\u00e1cara Barreto (Avenida Santos Ferreira, 2.105), no mesmo munic\u00edpio.<\/p>\n","protected":false},"excerpt":{"rendered":"Morreu neste domingo, 30, aos 74 anos, o fot\u00f3grafo Jos\u00e9 Ernesto Leal Carvalho, profissional com mais de cinco&hellip;\n","protected":false},"author":2,"featured_media":506543,"comment_status":"","ping_status":"","sticky":false,"template":"","format":"standard","meta":{"footnotes":"","_share_on_mastodon":"0"},"categories":[144],"tags":[207,205,206,203,201,202,204,114,115,32,33],"class_list":["post-506542","post","type-post","status-publish","format-standard","has-post-thumbnail","category-arte-e-design","tag-arte","tag-arte-e-design","tag-artedesign","tag-arts","tag-arts-and-design","tag-artsanddesign","tag-design","tag-entertainment","tag-entretenimento","tag-portugal","tag-pt"],"share_on_mastodon":{"url":"https:\/\/pubeurope.com\/@pt\/117190770407554925","error":""},"_links":{"self":[{"href":"https:\/\/www.europesays.com\/pt\/wp-json\/wp\/v2\/posts\/506542","targetHints":{"allow":["GET"]}}],"collection":[{"href":"https:\/\/www.europesays.com\/pt\/wp-json\/wp\/v2\/posts"}],"about":[{"href":"https:\/\/www.europesays.com\/pt\/wp-json\/wp\/v2\/types\/post"}],"author":[{"embeddable":true,"href":"https:\/\/www.europesays.com\/pt\/wp-json\/wp\/v2\/users\/2"}],"replies":[{"embeddable":true,"href":"https:\/\/www.europesays.com\/pt\/wp-json\/wp\/v2\/comments?post=506542"}],"version-history":[{"count":0,"href":"https:\/\/www.europesays.com\/pt\/wp-json\/wp\/v2\/posts\/506542\/revisions"}],"wp:featuredmedia":[{"embeddable":true,"href":"https:\/\/www.europesays.com\/pt\/wp-json\/wp\/v2\/media\/506543"}],"wp:attachment":[{"href":"https:\/\/www.europesays.com\/pt\/wp-json\/wp\/v2\/media?parent=506542"}],"wp:term":[{"taxonomy":"category","embeddable":true,"href":"https:\/\/www.europesays.com\/pt\/wp-json\/wp\/v2\/categories?post=506542"},{"taxonomy":"post_tag","embeddable":true,"href":"https:\/\/www.europesays.com\/pt\/wp-json\/wp\/v2\/tags?post=506542"}],"curies":[{"name":"wp","href":"https:\/\/api.w.org\/{rel}","templated":true}]}}