{"id":50655,"date":"2025-08-29T20:27:14","date_gmt":"2025-08-29T20:27:14","guid":{"rendered":"https:\/\/www.europesays.com\/pt\/50655\/"},"modified":"2025-08-29T20:27:14","modified_gmt":"2025-08-29T20:27:14","slug":"sc-braga-rodou-mas-voltou-a-golear-os-quatro-principais-destaques-da-vitoria-europeia-zerozero-pt","status":"publish","type":"post","link":"https:\/\/www.europesays.com\/pt\/50655\/","title":{"rendered":"SC Braga rodou, mas voltou a golear: os quatro principais destaques da vit\u00f3ria europeia &#8211; zerozero.pt"},"content":{"rendered":"<ol>\n<li><a href=\"https:\/\/news.google.com\/rss\/articles\/CBMiwwFBVV95cUxQUnExdThRRnBUdkstTHg4NG1mbWVHX0tnVHFIMXJUQVJsODVNbXFxRlo4Rzduank3VkZqNDZlYVB1eXd3TG55S0tZTHRMaVA0MTEyWDM5NDhvVktkOUFXT1R2LWJJLWtRUGtCckVRYzMwb1lmOVdnRE9WY0FMZ0dkU2pQNmJqdklPSjBQZ0pMaTQxLU0ydTltc0trRkc5OHNZRXc1LUlEYU55MGJvQ2k4UUUxRVdsLWUzSk9HYjE0bkQ1RXM?oc=5\" target=\"_blank\" rel=\"nofollow noopener\">SC Braga rodou, mas voltou a golear: os quatro principais destaques da vit\u00f3ria europeia<\/a>&nbsp;&nbsp;zerozero.pt<\/li>\n<li><a href=\"https:\/\/news.google.com\/rss\/articles\/CBMiZkFVX3lxTE9rOEpiOHJua2xQVHFrY2s1U012VmNoNVZYU3VDNlUzVThRYXZUUTRiRDRYVlhUaG9BQllqZlNMcWxXM2RFWERYVWt1N0JfYVRENHBYb2thMHpOeVBubmozMHo0V2Vudw?oc=5\" target=\"_blank\" rel=\"nofollow noopener\">Braga x Red Imps (28 de ago, 2025) Ao vivo<\/a>&nbsp;&nbsp;ESPN Brasil<\/li>\n<li><a href=\"https:\/\/news.google.com\/rss\/articles\/CBMimgFBVV95cUxOaXM1SGJXYWlnLWRCbjNONU1LOEhaMmVhODZBbW1DVlpqdlRFQTdGcWZhQTR1VFhlLTR2RFE1X3JFTjAxTDhBY2xwUXZTLXVubFMwQjQyeFZHTEZiRUgwLU1CcEtBQXhpenJqVGthZTF3aUZScFNyel9zZk1IUUJuMTBVUDJDMnp2WDRlSkRKMWp3WTRHZFRSZ09R?oc=5\" target=\"_blank\" rel=\"nofollow noopener\">Braga x Lincoln Red Imps: onde assistir, hor\u00e1rio e escala\u00e7\u00f5es<\/a>&nbsp;&nbsp;VEJA<\/li>\n<li><a href=\"https:\/\/news.google.com\/rss\/articles\/CBMivwFBVV95cUxQSGFKTEg4a2I3dWRlX3pCTEtlVThXWjU5YlJNU1RYZ2dmY2VPa3dSZ0hVVEo4cm4tei1wRVZ1a0NIQS00LUlyLVBMWlpHY0FvWnpWektyOGQ1LWp0b0xUYTVzaGc5eTd6QVIwOTEzaW5rRHVCaEV6WDh0RVYxZE5VdDZ3eW9NenBnOHZFNEJBV2dGRXVwbHZlZ1hQQ3BBa2VKWU9kcUxlV1VGVEtvNllWdmFHZFI4b0hqMkh3R29PWdIBxAFBVV95cUxNVGFxdlZpeENuMXc4SDdZdExtMFJOQ1VJc2tWN0p2Wk4yMHkzOHROV19najVzTUp2djZvYTg5b3BaNTNXOEhiQVJYT0o5MGZlUUtpQ09ldnNRNXhzMVpheHVGN0xCelh1bEtXOGV5VHhMNHlYV2pybUo5ZDhnQjdoaVktRzVyZ0NaNEhFMnowQzZITzg0WTl6c2g5T2czeHg1NDRqcGFBSUkyMVVqNFpFVm1Eb21ici12MFNaVGRUbnRTdGls?oc=5\" target=\"_blank\" rel=\"nofollow noopener\">Braga goleia Lincoln Red e garante vaga na Liga Europa<\/a>&nbsp;&nbsp;Correio Braziliense<\/li>\n<li><a href=\"https:\/\/news.google.com\/rss\/articles\/CBMilwFBVV95cUxPOUstM0dBTlB2dEE1d1laSjMxdzJDMHdwUEFXU25BWlJBVk1pWFRObVlsaU5tbV9iX3lERVdoX0d1b3NmdW9ULVJCQ05LZEh1N3AxVjR5MzdsMHViU0FMVGVDYWM1YXU5Z1BmNV9QalFTSTVmTHhBbXFOT1NBX2lQNlI3ZkYwblI4OEdMOVlYc1lwM1Q1RmNZ?oc=5\" target=\"_blank\" rel=\"nofollow noopener\">Sporting Braga x Lincoln Red Imps Palpites &#8211; Onde Assistir ao Jogo, Hor\u00e1rio e Escala\u00e7\u00f5es 28\/08<\/a>&nbsp;&nbsp;Portal Uai<\/li>\n<\/ol>\n","protected":false},"excerpt":{"rendered":"SC Braga rodou, mas voltou a golear: os quatro principais destaques da vit\u00f3ria europeia&nbsp;&nbsp;zerozero.pt Braga x Red Imps&hellip;\n","protected":false},"author":2,"featured_media":50656,"comment_status":"","ping_status":"","sticky":false,"template":"","format":"standard","meta":{"footnotes":""},"categories":[87],"tags":[135,526,524,13,32,33,527,525,134,523],"class_list":{"0":"post-50655","1":"post","2":"type-post","3":"status-publish","4":"format-standard","5":"has-post-thumbnail","7":"category-desporto","8":"tag-desporto","9":"tag-football","10":"tag-futebol","11":"tag-noticias","12":"tag-portugal","13":"tag-pt","14":"tag-resultados","15":"tag-soccer","16":"tag-sports","17":"tag-zerozero"},"share_on_mastodon":{"url":"","error":""},"_links":{"self":[{"href":"https:\/\/www.europesays.com\/pt\/wp-json\/wp\/v2\/posts\/50655","targetHints":{"allow":["GET"]}}],"collection":[{"href":"https:\/\/www.europesays.com\/pt\/wp-json\/wp\/v2\/posts"}],"about":[{"href":"https:\/\/www.europesays.com\/pt\/wp-json\/wp\/v2\/types\/post"}],"author":[{"embeddable":true,"href":"https:\/\/www.europesays.com\/pt\/wp-json\/wp\/v2\/users\/2"}],"replies":[{"embeddable":true,"href":"https:\/\/www.europesays.com\/pt\/wp-json\/wp\/v2\/comments?post=50655"}],"version-history":[{"count":0,"href":"https:\/\/www.europesays.com\/pt\/wp-json\/wp\/v2\/posts\/50655\/revisions"}],"wp:featuredmedia":[{"embeddable":true,"href":"https:\/\/www.europesays.com\/pt\/wp-json\/wp\/v2\/media\/50656"}],"wp:attachment":[{"href":"https:\/\/www.europesays.com\/pt\/wp-json\/wp\/v2\/media?parent=50655"}],"wp:term":[{"taxonomy":"category","embeddable":true,"href":"https:\/\/www.europesays.com\/pt\/wp-json\/wp\/v2\/categories?post=50655"},{"taxonomy":"post_tag","embeddable":true,"href":"https:\/\/www.europesays.com\/pt\/wp-json\/wp\/v2\/tags?post=50655"}],"curies":[{"name":"wp","href":"https:\/\/api.w.org\/{rel}","templated":true}]}}