{"id":506570,"date":"2026-08-31T15:34:26","date_gmt":"2026-08-31T15:34:26","guid":{"rendered":"https:\/\/www.europesays.com\/pt\/506570\/"},"modified":"2026-08-31T15:34:26","modified_gmt":"2026-08-31T15:34:26","slug":"producao-do-big-brother-expulsa-concorrente-que-recusa-sair-e-e-levada-por-seguranca","status":"publish","type":"post","link":"https:\/\/www.europesays.com\/pt\/506570\/","title":{"rendered":"Produ\u00e7\u00e3o do &#8220;Big Brother&#8221; expulsa concorrente&#8230; que recusa sair e \u00e9 levada por seguran\u00e7a!"},"content":{"rendered":"<p>&#8220;Gran Hermano: Generaci\u00f3n Dorada&#8221;, a vers\u00e3o argentina do &#8220;Big Brother&#8221;, transmitida pela\u00a0Telefe, est\u00e1 a dar que falar depois de, na passada quinta-feira, dia 27, a produ\u00e7\u00e3o ter decidido pela expuls\u00e3o imediata de duas concorrentes:\u00a0Steffany &#8220;Campanita&#8221; Pereira e Danelik Galaz\u00e1n.<\/p>\n<p>A medida radical foi tomada na sequ\u00eancia de um confronto ocorrido na noite anterior, que quase chegou \u00e0 agress\u00e3o f\u00edsica.<\/p>\n<p>Mas o inesperado ainda estava por acontecer. Quando os participantes foram informados da decis\u00e3o tomada pela produ\u00e7\u00e3o,\u00a0Danelik Galaz\u00e1n acatou a ordem, mas\u00a0Steffany &#8220;Campanita&#8221; Pereira recusou-se a deixar a casa.<\/p>\n<p>A concorrente deixou claro que n\u00e3o concordava com o veredito, alegando n\u00e3o ter cometido qualquer agress\u00e3o. Ainda chegou a ser aconselhada por uma colega a seguir as indica\u00e7\u00f5es, mas mostrou-se irredut\u00edvel.<\/p>\n<p>Steffany &#8220;Campanita&#8221; Pereira dirigiu-se, ent\u00e3o, ao confession\u00e1rio, onde exp\u00f4s os seus argumentos e refor\u00e7ou que n\u00e3o iria deixar &#8220;Gran Hermano: Generaci\u00f3n Dorada&#8221;. Mas a decis\u00e3o estava tomada.<\/p>\n<p>Santiago del Moro, o apresentador da vers\u00e3o argentina do &#8220;Big Brother&#8221;, chegou a dizer que uma equipa de seguran\u00e7as teria de ser acionada caso a postura da participante n\u00e3o se alterasse. E isso mesmo acabou por acontecer.<\/p>\n<p>Um elemento entrou na casa, conseguindo, ao fim de v\u00e1rios minutos, levar Steffany &#8220;Campanita&#8221; Pereira at\u00e9 ao exterior da mesma. As l\u00e1grimas corriam-lhe pelo rosto enquanto era retirada do programa.\u00a0<\/p>\n<blockquote class=\"twitter-tweet\">\n<p lang=\"pt\">\ud83d\udd25Ap\u00f3s mexerem em suas maquiagens, a brasileira Campanita pegou as fotos dos filhos de algumas participantes do Gran Hermano e acabou gerando uma treta generalizada! <a href=\"https:\/\/t.co\/7xpINwwQb3\" rel=\"nofollow\">pic.twitter.com\/7xpINwwQb3<\/a><\/p>\n<p> \u2014 Central Reality (@centralreality) <a href=\"https:\/\/x.com\/centralreality\/status\/2093102233290215648?ref_src=twsrc%5Etfw\" rel=\"nofollow\">August 27, 2026<\/a>\n<\/p><\/blockquote>\n<p>\u00a0<\/p>\n<blockquote class=\"twitter-tweet\">\n<p lang=\"es\">\ud83d\udc41\ufe0f ENTR\u00d3 PRODUCCI\u00d3N A SACARLA: Campanita se neg\u00f3 a salir de la casa de Gran Hermano Argentina, tras ser expulsada, y la producci\u00f3n ingres\u00f3 a una mujer encapuchada para sacarla.<\/p>\n<p>\u2014 Esto es CINE \ud83d\udeac<a href=\"https:\/\/x.com\/hashtag\/GranHermano?src=hash&amp;ref_src=twsrc%5Etfw\" rel=\"nofollow\">#GranHermano<\/a> <a href=\"https:\/\/t.co\/0ferbl95qn\" rel=\"nofollow\">pic.twitter.com\/0ferbl95qn<\/a><\/p>\n<p> \u2014 nacho con O (@NachoConO) <a href=\"https:\/\/x.com\/NachoConO\/status\/2093174419992584698?ref_src=twsrc%5Etfw\" rel=\"nofollow\">August 28, 2026<\/a>\n<\/p><\/blockquote>\n<p>\u00a0<\/p>\n<blockquote class=\"twitter-tweet\">\n<p lang=\"es\">As\u00ed lograron EVACUAR a CAMPANITA luego de ser EXPULSADA de la casa de <a href=\"https:\/\/x.com\/hashtag\/GranHermano?src=hash&amp;ref_src=twsrc%5Etfw\" rel=\"nofollow\">#GranHermano<\/a> <a href=\"https:\/\/t.co\/wPlndGO203\" rel=\"nofollow\">pic.twitter.com\/wPlndGO203<\/a><\/p>\n<p> \u2014 emi (@eeemiliano) <a href=\"https:\/\/x.com\/eeemiliano\/status\/2093173635691221370?ref_src=twsrc%5Etfw\" rel=\"nofollow\">August 28, 2026<\/a>\n<\/p><\/blockquote>\n<p>\u00a0<\/p>\n<p>                        <script async src=\"https:\/\/platform.twitter.com\/widgets.js\" charset=\"utf-8\"><\/script><\/p>\n","protected":false},"excerpt":{"rendered":"&#8220;Gran Hermano: Generaci\u00f3n Dorada&#8221;, a vers\u00e3o argentina do &#8220;Big Brother&#8221;, transmitida pela\u00a0Telefe, est\u00e1 a dar que falar depois&hellip;\n","protected":false},"author":2,"featured_media":506571,"comment_status":"","ping_status":"","sticky":false,"template":"","format":"standard","meta":{"footnotes":"","_share_on_mastodon":"0"},"categories":[85],"tags":[6973,6308,48,6338,328,81175,114,115,27621,743,980,63062,82,32,33,1014,81174,1012,81173,28720],"class_list":["post-506570","post","type-post","status-publish","format-standard","has-post-thumbnail","category-entretenimento","tag-apresentador","tag-bb","tag-big-brother","tag-concorrente","tag-concorrentes","tag-danelik-galazan","tag-entertainment","tag-entretenimento","tag-expulsa","tag-expulsao","tag-famosos","tag-gran-hermano-generacion-dorada","tag-internacional","tag-portugal","tag-pt","tag-reality-show","tag-santiago-del-moro","tag-selfie","tag-steffany-campanita-pereira","tag-telefe"],"share_on_mastodon":{"url":"https:\/\/pubeurope.com\/@pt\/117190857173452956","error":""},"_links":{"self":[{"href":"https:\/\/www.europesays.com\/pt\/wp-json\/wp\/v2\/posts\/506570","targetHints":{"allow":["GET"]}}],"collection":[{"href":"https:\/\/www.europesays.com\/pt\/wp-json\/wp\/v2\/posts"}],"about":[{"href":"https:\/\/www.europesays.com\/pt\/wp-json\/wp\/v2\/types\/post"}],"author":[{"embeddable":true,"href":"https:\/\/www.europesays.com\/pt\/wp-json\/wp\/v2\/users\/2"}],"replies":[{"embeddable":true,"href":"https:\/\/www.europesays.com\/pt\/wp-json\/wp\/v2\/comments?post=506570"}],"version-history":[{"count":0,"href":"https:\/\/www.europesays.com\/pt\/wp-json\/wp\/v2\/posts\/506570\/revisions"}],"wp:featuredmedia":[{"embeddable":true,"href":"https:\/\/www.europesays.com\/pt\/wp-json\/wp\/v2\/media\/506571"}],"wp:attachment":[{"href":"https:\/\/www.europesays.com\/pt\/wp-json\/wp\/v2\/media?parent=506570"}],"wp:term":[{"taxonomy":"category","embeddable":true,"href":"https:\/\/www.europesays.com\/pt\/wp-json\/wp\/v2\/categories?post=506570"},{"taxonomy":"post_tag","embeddable":true,"href":"https:\/\/www.europesays.com\/pt\/wp-json\/wp\/v2\/tags?post=506570"}],"curies":[{"name":"wp","href":"https:\/\/api.w.org\/{rel}","templated":true}]}}