{"id":506590,"date":"2026-08-31T15:49:28","date_gmt":"2026-08-31T15:49:28","guid":{"rendered":"https:\/\/www.europesays.com\/pt\/506590\/"},"modified":"2026-08-31T15:49:28","modified_gmt":"2026-08-31T15:49:28","slug":"novo-apple-watch-a-caminho-ja-sabemos-as-duas-grandes-novidades","status":"publish","type":"post","link":"https:\/\/www.europesays.com\/pt\/506590\/","title":{"rendered":"Novo Apple Watch a caminho. J\u00e1 sabemos as duas grandes novidades"},"content":{"rendered":"<p>J\u00e1 sabemos que a Apple revelar\u00e1 uma s\u00e9rie de novos produtos na pr\u00f3xima semana, no dia <a href=\"https:\/\/www.noticiasaominuto.com\/tech\/3042079\/apple-marca-data-para-revelar-novos-iphones-e-ha-outra-grande-novidade\" target=\"_blank\" rel=\"noopener nofollow\">9 de setembro<\/a>. Entre eles estar\u00e3o n\u00e3o s\u00f3 uma nova gera\u00e7\u00e3o de iPhones como tamb\u00e9m dois novos rel\u00f3gios inteligentes Apple Watch.<\/p>\n<p>Os rumores afirmam que estes modelos ser\u00e3o o Apple Watch Series 12 e o Apple Watch Ultra 4, com o <a href=\"https:\/\/www.bloomberg.com\/news\/newsletters\/2026-08-30\/john-ternus-management-team-apple-watch-series-12-foldable-iphone-apple-pencil-mtfvmdyu?utm_campaign=power-on&amp;utm_source=newsletter-management-page&amp;utm_term=20260830\" target=\"_blank\" rel=\"noopener nofollow\">jornalista Mark Gurman da Bloomberg<\/a> a adiantar que algumas das novidades que os interessados podem esperar.<\/p>\n<p>De acordo com estas informa\u00e7\u00f5es, estes dois novos Apple Watch ser\u00e3o capazes de fazer uma monitoriza\u00e7\u00e3o cont\u00ednua do batimento card\u00edaco. Al\u00e9m disso, a tecnol\u00f3gica de Cupertino tamb\u00e9m pretende introduzir um novo design na app dedicada \u00e0 sa\u00fade e bem-estar de forma a facilitar o acesso \u00e0s m\u00e9tricas.<\/p>\n<p>                                                    <img decoding=\"async\" height=\"640\" with=\"360\" src=\"https:\/\/www.europesays.com\/pt\/wp-content\/uploads\/2026\/08\/naom_692469d1758c2.jpg\" border=\"0\" alt=\"Ap\u00f3s 15 anos, hoje \u00e9 o \u00faltimo dia de Tim Cook como CEO da Apple\"\/><\/p>\n<p>O cargo de CEO foi assumido por Tim Cook em agosto de 2011 depois de Steve Jobs colocar o lugar \u00e0 disposi\u00e7\u00e3o. O ic\u00f3nico cofundador da Apple viria a morrer meses mais tarde, em outubro.<\/p>\n<p>                                                     Miguel Patinha Dias | 10:11 &#8211; 31\/08\/2026 <\/p>\n<p>\u201cA Apple tamb\u00e9m est\u00e1 a trabalhar numa nova vers\u00e3o da app de fitness e sa\u00fade para mostrar mais m\u00e9tricas relacionadas com bem-estar, tal como acontece com as apps cada vez mais populares da Whoop e da Oura\u201d, afirma Gurman.<\/p>\n<p>Mais ainda, Gurman tamb\u00e9m acredita que a Apple dever\u00e1 lan\u00e7ar dois acabamentos diferentes para a <a href=\"https:\/\/www.noticiasaominuto.com\/tech\/3039337\/novo-apple-watch-tera-direito-a-uma-edicao-muito-especial\" target=\"_blank\" rel=\"noopener nofollow\">vers\u00e3o de cer\u00e2mica<\/a> do Apple Watch Series 12. Os dois acabamentos escolhidos s\u00e3o o em branco (mais tradicional) e o cinzento escuro.<\/p>\n<p>Em suma, tudo indica que haver\u00e1 poucas novidades em termos de design nesta gera\u00e7\u00e3o de novos Apple Watch. Contudo, Gurman afirma que a Apple planeia introduzir um novo design nos pr\u00f3ximos anos.<\/p>\n<p>O jornalista nota que a empresa poder\u00e1 introduzir um novo design com o Apple Watch Series 13, no pr\u00f3ximo ano. No entanto, \u00e9 sublinhado que estes planos podem mudar e que o novo design acabe, afinal, por ser lan\u00e7ado s\u00f3 com o Apple Watch Series 14, em 2028.<\/p>\n<p>Leia Tamb\u00e9m: <a href=\"https:\/\/www.noticiasaominuto.com\/tech\/3041763\/apple-anunciou-novo-mac-mini-com-um-divertido-e-bizarro-video\" target=\"_blank\" rel=\"noopener noreferrer nofollow\">Apple anunciou novo Mac Mini com um divertido (e bizarro) v\u00eddeo<\/a><\/p>\n","protected":false},"excerpt":{"rendered":"J\u00e1 sabemos que a Apple revelar\u00e1 uma s\u00e9rie de novos produtos na pr\u00f3xima semana, no dia 9 de&hellip;\n","protected":false},"author":2,"featured_media":506591,"comment_status":"","ping_status":"","sticky":false,"template":"","format":"standard","meta":{"footnotes":"","_share_on_mastodon":"0"},"categories":[84],"tags":[109,107,108,32,33,105,103,104,106,110],"class_list":["post-506590","post","type-post","status-publish","format-standard","has-post-thumbnail","category-ciencia-e-tecnologia","tag-ciencia","tag-ciencia-e-tecnologia","tag-cienciaetecnologia","tag-portugal","tag-pt","tag-science","tag-science-and-technology","tag-scienceandtechnology","tag-technology","tag-tecnologia"],"share_on_mastodon":{"url":"https:\/\/pubeurope.com\/@pt\/117190916598786956","error":""},"_links":{"self":[{"href":"https:\/\/www.europesays.com\/pt\/wp-json\/wp\/v2\/posts\/506590","targetHints":{"allow":["GET"]}}],"collection":[{"href":"https:\/\/www.europesays.com\/pt\/wp-json\/wp\/v2\/posts"}],"about":[{"href":"https:\/\/www.europesays.com\/pt\/wp-json\/wp\/v2\/types\/post"}],"author":[{"embeddable":true,"href":"https:\/\/www.europesays.com\/pt\/wp-json\/wp\/v2\/users\/2"}],"replies":[{"embeddable":true,"href":"https:\/\/www.europesays.com\/pt\/wp-json\/wp\/v2\/comments?post=506590"}],"version-history":[{"count":0,"href":"https:\/\/www.europesays.com\/pt\/wp-json\/wp\/v2\/posts\/506590\/revisions"}],"wp:featuredmedia":[{"embeddable":true,"href":"https:\/\/www.europesays.com\/pt\/wp-json\/wp\/v2\/media\/506591"}],"wp:attachment":[{"href":"https:\/\/www.europesays.com\/pt\/wp-json\/wp\/v2\/media?parent=506590"}],"wp:term":[{"taxonomy":"category","embeddable":true,"href":"https:\/\/www.europesays.com\/pt\/wp-json\/wp\/v2\/categories?post=506590"},{"taxonomy":"post_tag","embeddable":true,"href":"https:\/\/www.europesays.com\/pt\/wp-json\/wp\/v2\/tags?post=506590"}],"curies":[{"name":"wp","href":"https:\/\/api.w.org\/{rel}","templated":true}]}}