{"id":5066,"date":"2025-07-28T09:19:32","date_gmt":"2025-07-28T09:19:32","guid":{"rendered":"https:\/\/www.europesays.com\/pt\/5066\/"},"modified":"2025-07-28T09:19:32","modified_gmt":"2025-07-28T09:19:32","slug":"sporting-fresneda-chorou-na-despedida-de-israel","status":"publish","type":"post","link":"https:\/\/www.europesays.com\/pt\/5066\/","title":{"rendered":"Sporting: Fresneda chorou na despedida de Israel"},"content":{"rendered":"<p class=\"summary\">Uruguaio tem uma \u00abamizade para a vida\u00bb com o espanhol e com Trinc\u00e3o<\/p>\n<p>\u00a0<a class=\"autolink-enabled\" href=\"https:\/\/www.abola.pt\/futebol\/jogador\/franco-israel-208890\" data-resource-id=\"208890\" data-resource-type=\"player\" data-sport=\"football\" rel=\"nofollow noopener\" target=\"_blank\">Franco Israel<\/a> esteve pela \u00faltima vez na Academia <a class=\"autolink-enabled\" href=\"https:\/\/www.abola.pt\/futebol\/jogador\/cristiano-ronaldo-3400\" data-resource-id=\"3400\" data-resource-type=\"player\" data-sport=\"football\" rel=\"nofollow noopener\" target=\"_blank\">Cristiano Ronaldo<\/a> na quinta-feira, dia em que se despediu dos agora seus ex-companheiros de equipa. Um adeus com muitos abra\u00e7os e, tamb\u00e9m, com emo\u00e7\u00e3o, com Iv\u00e1n <a class=\"autolink-enabled\" data-resource-id=\"251667\" data-resource-type=\"player\" data-sport=\"football\" href=\"https:\/\/www.abola.pt\/futebol\/jogador\/fresneda-251667\" rel=\"nofollow noopener\" target=\"_blank\">Fresneda<\/a>, segundo as imagens disponibilizadas pela <a class=\"autolink-enabled\" data-resource-id=\"448\" data-resource-type=\"team\" data-sport=\"football\" href=\"https:\/\/www.abola.pt\/futebol\/sporting-448\" rel=\"nofollow noopener\" target=\"_blank\">Sporting<\/a> TV, a n\u00e3o conseguir conter as l\u00e1grimas. A conversa foi acompanhada, al\u00e9m do espanhol, por outro companheiro muito especial: Francisco <a class=\"autolink-enabled\" href=\"https:\/\/www.abola.pt\/futebol\/jogador\/trincao-125053\" data-resource-id=\"125053\" data-resource-type=\"player\" data-sport=\"football\" rel=\"nofollow noopener\" target=\"_blank\">Trinc\u00e3o<\/a>. \u00abN\u00e3o queria que viessem porque odeio as despedidas. Odeio, odeio\u00bb, repetiu. \u00ab\u00c9 verdade que vou para outro lugar mas estas amizades s\u00e3o para a vida. Vou mant\u00ea-las para vida assegurou. <\/p>\n<p><a class=\"news-item-image\" href=\"https:\/\/www.abola.pt\/futebol\/noticias\/sporting-vai-ao-mercado-por-um-guarda-redes-2025072018003170915\" rel=\"nofollow noopener\" target=\"_blank\"><img alt=\"Sporting vai ao mercado por um guarda-redes\" src=\"data:image\/gif;base64,R0lGODlhAQABAIAAAAAAAP\/\/\/yH5BAEAAAAALAAAAAABAAEAAAIBRAA7\" decoding=\"async\" data-nimg=\"responsive\" class=\"side-article lazy-load\" style=\"position:absolute;top:0;left:0;bottom:0;right:0;box-sizing:border-box;padding:0;border:none;margin:auto;display:block;width:0;height:0;min-width:100%;max-width:100%;min-height:100%;max-height:100%\"\/><\/a><\/p>\n<p class=\"news-item-description ellipsis-2-line\">Franco Israel ser\u00e1 oficializado nas pr\u00f3ximas horas pelo Torino, le\u00f5es encaixam cerca de 5 milh\u00f5es de euros e v\u00e3o contratar um n\u00famero dois para a baliza<\/p>\n<p>Das tr\u00eas \u00e9pocas em Alvalade, onde chegou com 22 anos e sai com 25, <a target=\"_blank\" class=\"editor-link autolink-enabled\" href=\"https:\/\/www.abola.pt\/futebol\/jogador\/franco-israel-208890\" data-resource-id=\"208890\" data-resource-type=\"player\" data-sport=\"football\" rel=\"nofollow noopener\">Franco Israel<\/a> leva duas <a target=\"_blank\" class=\"editor-link autolink-enabled\" href=\"https:\/\/www.abola.pt\/futebol\/competicao\/liga-13\" data-resource-id=\"13\" data-resource-type=\"competition\" data-sport=\"football\" rel=\"nofollow noopener\">Ligas<\/a> no curr\u00edculo, uma <a target=\"_blank\" class=\"editor-link autolink-enabled\" href=\"https:\/\/www.abola.pt\/futebol\/competicao\/taca-de-portugal-112\" data-resource-id=\"112\" data-resource-type=\"competition\" data-sport=\"football\" rel=\"nofollow noopener\">Ta\u00e7a de Portugal<\/a> e momentos para mais tarde recordar.<\/p>\n<p>A ESTREIA<\/p>\n<blockquote>\n<p>\u00abFoi em Marselha, num jogo de Champions. Al\u00e9m do jogo que perdemos, muitos sentimentos, n\u00e3o percebia muito bem o que estava a acontecer. Normalmente come\u00e7as a jogar num encontro de Ta\u00e7a, mas a mim foi logo na Liga dos Campe\u00f5es.<\/p>\n<\/blockquote>\n<p>OS JOGOS MAIS ESPECIAIS<\/p>\n<blockquote>\n<p>\u00abO jogo que gostei muito foi contra o Portimonense em 2023\/24, no qual jog\u00e1mos em casa e ganh\u00e1mos 3-0. Ainda n\u00e3o \u00e9ramos campe\u00f5es, mas j\u00e1 se notava esse ambiente do est\u00e1dio. E, depois, na mesma \u00e9poca, o d\u00e9rbi com o Benfica, que ganh\u00e1mos em 2-1, em Alvalade tamb\u00e9m. O golo do Geny foi ao 92. Os gritos&#8230; S\u00f3 me lembro que vinha o Pote a correr, s\u00f3 o Pote sozinho para mim. S\u00e3o dos jogos mais bonitos\u00bb<\/p>\n<\/blockquote>\n<p>Sugest\u00e3o de v\u00eddeo:<\/p>\n","protected":false},"excerpt":{"rendered":"Uruguaio tem uma \u00abamizade para a vida\u00bb com o espanhol e com Trinc\u00e3o \u00a0Franco Israel esteve pela \u00faltima&hellip;\n","protected":false},"author":2,"featured_media":5067,"comment_status":"","ping_status":"","sticky":false,"template":"","format":"standard","meta":{"footnotes":""},"categories":[8],"tags":[27,28,15,16,14,25,26,21,22,12,13,19,20,32,23,24,33,34,17,18,29,30,31],"class_list":{"0":"post-5066","1":"post","2":"type-post","3":"status-publish","4":"format-standard","5":"has-post-thumbnail","7":"category-principais-noticias","8":"tag-breaking-news","9":"tag-breakingnews","10":"tag-featured-news","11":"tag-featurednews","12":"tag-headlines","13":"tag-latest-news","14":"tag-latestnews","15":"tag-main-news","16":"tag-mainnews","17":"tag-news","18":"tag-noticias","19":"tag-noticias-principais","20":"tag-noticiasprincipais","21":"tag-portugal","22":"tag-principais-noticias","23":"tag-principaisnoticias","24":"tag-pt","25":"tag-sporting","26":"tag-top-stories","27":"tag-topstories","28":"tag-ultimas","29":"tag-ultimas-noticias","30":"tag-ultimasnoticias"},"share_on_mastodon":{"url":"","error":""},"_links":{"self":[{"href":"https:\/\/www.europesays.com\/pt\/wp-json\/wp\/v2\/posts\/5066","targetHints":{"allow":["GET"]}}],"collection":[{"href":"https:\/\/www.europesays.com\/pt\/wp-json\/wp\/v2\/posts"}],"about":[{"href":"https:\/\/www.europesays.com\/pt\/wp-json\/wp\/v2\/types\/post"}],"author":[{"embeddable":true,"href":"https:\/\/www.europesays.com\/pt\/wp-json\/wp\/v2\/users\/2"}],"replies":[{"embeddable":true,"href":"https:\/\/www.europesays.com\/pt\/wp-json\/wp\/v2\/comments?post=5066"}],"version-history":[{"count":0,"href":"https:\/\/www.europesays.com\/pt\/wp-json\/wp\/v2\/posts\/5066\/revisions"}],"wp:featuredmedia":[{"embeddable":true,"href":"https:\/\/www.europesays.com\/pt\/wp-json\/wp\/v2\/media\/5067"}],"wp:attachment":[{"href":"https:\/\/www.europesays.com\/pt\/wp-json\/wp\/v2\/media?parent=5066"}],"wp:term":[{"taxonomy":"category","embeddable":true,"href":"https:\/\/www.europesays.com\/pt\/wp-json\/wp\/v2\/categories?post=5066"},{"taxonomy":"post_tag","embeddable":true,"href":"https:\/\/www.europesays.com\/pt\/wp-json\/wp\/v2\/tags?post=5066"}],"curies":[{"name":"wp","href":"https:\/\/api.w.org\/{rel}","templated":true}]}}