{"id":50664,"date":"2025-08-29T20:40:08","date_gmt":"2025-08-29T20:40:08","guid":{"rendered":"https:\/\/www.europesays.com\/pt\/50664\/"},"modified":"2025-08-29T20:40:08","modified_gmt":"2025-08-29T20:40:08","slug":"bruce-willis-vive-em-residencia-adaptada-apos-demencia","status":"publish","type":"post","link":"https:\/\/www.europesays.com\/pt\/50664\/","title":{"rendered":"Bruce Willis vive em resid\u00eancia adaptada ap\u00f3s dem\u00eancia"},"content":{"rendered":"<p>O ator <a href=\"https:\/\/www.otempo.com.br\/entretenimento\/2025\/8\/26\/bruce-willis-tem-saude-otima-mas-cerebro-esta-falhando-diz-esposa\" target=\"_blank\" rel=\"noopener nofollow\">Bruce Willis, de 70 anos<\/a>, foi transferido para uma resid\u00eancia adaptada onde recebe cuidados em tempo integral ap\u00f3s seu diagn\u00f3stico de <a href=\"https:\/\/www.otempo.com.br\/canal-o-tempo\/2024\/12\/9\/especialista-explica-o-que-e-demencia-frontotemporal--doenca-de-\" target=\"_blank\" rel=\"noopener nofollow\">dem\u00eancia frontotemporal<\/a>. A informa\u00e7\u00e3o foi revelada pela <a href=\"https:\/\/www.otempo.com.br\/opiniao\/diego-almeida\/2025\/8\/26\/esposa-de-bruce-willis-atualiza-estado-de-saude-do-ator-que-esta-com-demencia\" target=\"_blank\" rel=\"noopener nofollow\">esposa do astro, Emma Heming<\/a>, durante o especial &#8220;Emma &amp; Bruce Willis: The Unexpected Journey&#8221;, exibido pela ABC nesta semana.<\/p>\n<p>&#8220;Foi uma das decis\u00f5es mais dif\u00edceis que j\u00e1 tomei at\u00e9 agora&#8221;, confessou Emma durante o programa. &#8220;Mas eu sabia, antes de tudo, que Bruce desejaria isso para nossas filhas. Ele gostaria que elas vivessem em um lar mais adequado \u00e0s necessidades delas, e n\u00e3o \u00e0s dele.&#8221;<\/p>\n<p>A mudan\u00e7a significa que o astro de Hollywood n\u00e3o mora mais com Emma, de 49 anos, e as duas filhas do casal: Mabel, de 13 anos, e Evelyn, de 11. A <a href=\"https:\/\/www.otempo.com.br\/entretenimento\/2025\/6\/23\/filha-de-bruce-willis-posta-fotos-com-pai-apos-atualizacao-sobre-saude-do-ator#:~:text=Bruce%20Willis%20tem%20cinco%20filhas,o%20pai%20nas%20redes%20sociais.\" target=\"_blank\" rel=\"noopener nofollow\">fam\u00edlia mant\u00e9m visitas frequentes \u00e0 nova resid\u00eancia do ator<\/a>.<\/p>\n<p>Emma descreve o novo lar de Willis como um espa\u00e7o que se integrou \u00e0 rotina familiar. &#8220;\u00c9 a nossa segunda casa, ent\u00e3o as meninas guardam suas coisas l\u00e1. \u00c9 uma casa cheia de amor, carinho e risadas. Tem sido lindo ver isso \u2014 ver quantos <a href=\"https:\/\/www.otempo.com.br\/entretenimento\/2025\/3\/15\/amigo-bruce-willis-lamenta-estado-de-saude-do-ator-momento-dificil\" target=\"_blank\" rel=\"noopener nofollow\">amigos do Bruce continuam a aparecer para ele<\/a>. Eles trazem vida e divers\u00e3o.&#8221;<\/p>\n<p><a href=\"https:\/\/www.otempo.com.br\/entretenimento\/2025\/3\/19\/bruce-willis-e-demi-moore-dancam-em-video-para-comemorar-70-anos-do-astro-veja\" target=\"_blank\" rel=\"noopener nofollow\">Demi Moore, ex-esposa de Willis<\/a>, participa ativamente dos cuidados com o ator. As tr\u00eas filhas mais velhas do ex-casal tamb\u00e9m frequentam regularmente a casa adaptada: Rumer, de 36 anos, Scout, de 33, e Tallulah, de 31.<\/p>\n<p>Adapta\u00e7\u00e3o<\/p>\n<p>A condi\u00e7\u00e3o de Willis impactou a rotina social das filhas mais novas. Pessoas com dem\u00eancia frontotemporal podem apresentar sensibilidade a est\u00edmulos sonoros intensos, o que levou Emma a restringir encontros na casa da fam\u00edlia.<\/p>\n<p>Emma relatou que nos primeiros meses ap\u00f3s o diagn\u00f3stico, a fam\u00edlia viveu um per\u00edodo de isolamento. &#8220;Eu sentia que o que est\u00e1vamos passando como fam\u00edlia, o que Bruce estava passando, era t\u00e3o singular&#8221;, compartilhou durante o especial.<\/p>\n<p>&#8220;N\u00e3o s\u00f3 eu estava isolada, como isolei toda a nossa fam\u00edlia. As meninas tamb\u00e9m estavam isoladas, e isso era intencional. Eu estava fazendo isso. Foi um momento dif\u00edcil. Foi um momento muito dif\u00edcil&#8221;, admitiu Emma.<\/p>\n<p>As quest\u00f5es de seguran\u00e7a dom\u00e9stica tornaram-se uma constante na vida de Emma. &#8220;Eu estava definitivamente preocupada em dormir e em garantir que nossa casa estivesse segura. Voc\u00ea tem que pensar no seu fog\u00e3o. Voc\u00ea tem que pensar no seu freezer, na sua geladeira, nas portas&#8221;, explicou.<\/p>\n<p>\u00a0<\/p>\n","protected":false},"excerpt":{"rendered":"O ator Bruce Willis, de 70 anos, foi transferido para uma resid\u00eancia adaptada onde recebe cuidados em tempo&hellip;\n","protected":false},"author":2,"featured_media":50665,"comment_status":"","ping_status":"","sticky":false,"template":"","format":"standard","meta":{"footnotes":""},"categories":[145],"tags":[5707,211,210,2041,14835,114,115,32,33,14836],"class_list":{"0":"post-50664","1":"post","2":"type-post","3":"status-publish","4":"format-standard","5":"has-post-thumbnail","7":"category-celebridades","8":"tag-bruce-willis","9":"tag-celebridades","10":"tag-celebrities","11":"tag-demencia","12":"tag-demi-moore","13":"tag-entertainment","14":"tag-entretenimento","15":"tag-portugal","16":"tag-pt","17":"tag-residencia-adaptada"},"share_on_mastodon":{"url":"","error":""},"_links":{"self":[{"href":"https:\/\/www.europesays.com\/pt\/wp-json\/wp\/v2\/posts\/50664","targetHints":{"allow":["GET"]}}],"collection":[{"href":"https:\/\/www.europesays.com\/pt\/wp-json\/wp\/v2\/posts"}],"about":[{"href":"https:\/\/www.europesays.com\/pt\/wp-json\/wp\/v2\/types\/post"}],"author":[{"embeddable":true,"href":"https:\/\/www.europesays.com\/pt\/wp-json\/wp\/v2\/users\/2"}],"replies":[{"embeddable":true,"href":"https:\/\/www.europesays.com\/pt\/wp-json\/wp\/v2\/comments?post=50664"}],"version-history":[{"count":0,"href":"https:\/\/www.europesays.com\/pt\/wp-json\/wp\/v2\/posts\/50664\/revisions"}],"wp:featuredmedia":[{"embeddable":true,"href":"https:\/\/www.europesays.com\/pt\/wp-json\/wp\/v2\/media\/50665"}],"wp:attachment":[{"href":"https:\/\/www.europesays.com\/pt\/wp-json\/wp\/v2\/media?parent=50664"}],"wp:term":[{"taxonomy":"category","embeddable":true,"href":"https:\/\/www.europesays.com\/pt\/wp-json\/wp\/v2\/categories?post=50664"},{"taxonomy":"post_tag","embeddable":true,"href":"https:\/\/www.europesays.com\/pt\/wp-json\/wp\/v2\/tags?post=50664"}],"curies":[{"name":"wp","href":"https:\/\/api.w.org\/{rel}","templated":true}]}}