{"id":506642,"date":"2026-08-31T16:43:16","date_gmt":"2026-08-31T16:43:16","guid":{"rendered":"https:\/\/www.europesays.com\/pt\/506642\/"},"modified":"2026-08-31T16:43:16","modified_gmt":"2026-08-31T16:43:16","slug":"terapia-ajuda-a-aliviar-dor-do-crescimento-em-criancas-31-08-2026-equilibrio","status":"publish","type":"post","link":"https:\/\/www.europesays.com\/pt\/506642\/","title":{"rendered":"Terapia ajuda a aliviar dor do crescimento em crian\u00e7as &#8211; 31\/08\/2026 &#8211; Equil\u00edbrio"},"content":{"rendered":"<p>Dor nas pernas no fim da tarde ou durante a noite \u00e9 uma queixa bastante comum entre crian\u00e7as e costuma preocupar muitas fam\u00edlias. Em boa parte dos casos, esse desconforto est\u00e1 relacionado \u00e0 chamada <a href=\"https:\/\/www1.folha.uol.com.br\/equilibrio\/2024\/03\/quase-30-das-criancas-e-adolescentes-sentem-dores-em-musculos-ossos-ou-ligamentos-aponta-estudo.shtml\" rel=\"nofollow noopener\" target=\"\">dor do crescimento<\/a>, uma condi\u00e7\u00e3o benigna que, apesar do nome, n\u00e3o tem rela\u00e7\u00e3o comprovada com o crescimento dos ossos e ainda <a href=\"https:\/\/www1.folha.uol.com.br\/folhinha\/2022\/05\/dor-de-crescimento-e-verdadeiro-misterio-diz-medica.shtml\" rel=\"nofollow noopener\" target=\"\">n\u00e3o conta com tratamento espec\u00edfico<\/a>.<\/p>\n<p>Essa \u00e9 uma das causas mais frequentes de <a href=\"https:\/\/www1.folha.uol.com.br\/equilibrio\/2023\/11\/descanso-e-alimentacao-ajudam-a-recuperar-musculos-doloridos-entenda.shtml\" rel=\"nofollow noopener\" target=\"\">dor musculoesquel\u00e9tica<\/a> na inf\u00e2ncia e pode acometer at\u00e9 20% das crian\u00e7as em idade escolar, embora a preval\u00eancia varie bastante entre os estudos. O quadro costuma ser bastante caracter\u00edstico: a dor aparece nas duas pernas, principalmente na parte da frente das coxas, panturrilhas ou atr\u00e1s dos joelhos, geralmente no fim da tarde ou durante a noite. Em alguns casos, chega a despertar a <a href=\"https:\/\/www1.folha.uol.com.br\/folha-topicos\/crianca\/\" rel=\"nofollow noopener\" target=\"_blank\">crian\u00e7a<\/a> durante o sono, mas desaparece completamente pela manh\u00e3, sem deixar limita\u00e7\u00f5es para caminhar, correr ou brincar.<\/p>\n<p>Como as causas da dor do crescimento ainda n\u00e3o s\u00e3o totalmente conhecidas, o tratamento tamb\u00e9m \u00e9 voltado apenas para o al\u00edvio dos sintomas. Na maioria das vezes, medidas simples, como massagens na regi\u00e3o dolorida, aplica\u00e7\u00e3o de calor local e alongamentos antes de dormir, costumam ser suficientes para aliviar o desconforto. Quando a dor \u00e9 mais intensa, analg\u00e9sicos podem ser utilizados, desde que com orienta\u00e7\u00e3o m\u00e9dica.<\/p>\n<p>Mas a ci\u00eancia vem investigando poss\u00edveis tratamentos. Um estudo piloto conduzido por pesquisadores da Universidade Federal de S\u00e3o Carlos (UFSCar) e do Instituto de F\u00edsica da USP de S\u00e3o Carlos (IFSC\/USP) indica que a combina\u00e7\u00e3o de laser de baixa intensidade e ultrassom \u00e9 segura e pode ajudar a aliviar a dor das crian\u00e7as.<\/p>\n<p>&#8220;As terap\u00eauticas atuais se baseiam no controle dos sintomas com uso corriqueiro de analg\u00e9sicos e anti-inflamat\u00f3rios, que muitas vezes s\u00e3o ineficazes. Nossa ideia foi buscar uma terapia direcionada especificamente \u00e0 dor do crescimento e que priorizasse o bem-estar e a seguran\u00e7a da popula\u00e7\u00e3o pedi\u00e1trica&#8221;, afirma Lucas Pereira Liberal, estudante de <a href=\"https:\/\/www1.folha.uol.com.br\/folha-topicos\/medicina\/\" rel=\"nofollow noopener\" target=\"_blank\">medicina<\/a> e um dos autores do estudo, que come\u00e7ou por meio de um projeto de inicia\u00e7\u00e3o cient\u00edfica.<\/p>\n<p>Os resultados foram publicados em abril no <a href=\"https:\/\/onlinelibrary.wiley.com\/doi\/10.1002\/jbio.70275\" target=\"_blank\" rel=\"nofollow noopener\">Journal of Biophotonics<\/a>. O projeto-piloto envolveu nove crian\u00e7as com diagn\u00f3stico confirmado de dor do crescimento, divididas em dois grupos: um recebeu uma sess\u00e3o de laser de baixa intensidade associado ao ultrassom e o outro passou pelo mesmo procedimento com o equipamento desligado (placebo). Nem os participantes, seus respons\u00e1veis ou os pesquisadores sabiam qual tratamento cada crian\u00e7a havia recebido.<\/p>\n<p>A aplica\u00e7\u00e3o da terapia ocorreu nas palmas das m\u00e3os e nas plantas dos p\u00e9s, em vez das pernas. Segundo Liberal, a escolha da regi\u00e3o ocorreu por conta das propriedades analg\u00e9sicas da laserterapia associada ao ultrassom. &#8220;S\u00e3o \u00e1reas que apresentam alta vasculariza\u00e7\u00e3o e inerva\u00e7\u00e3o, favorecendo a absor\u00e7\u00e3o e a distribui\u00e7\u00e3o sist\u00eamica dos efeitos da terapia&#8221;, explica.<\/p>\n<p>Ap\u00f3s a sess\u00e3o, os pesquisadores observaram redu\u00e7\u00e3o da dor nas crian\u00e7as que receberam o tratamento, al\u00e9m de aus\u00eancia de efeitos adversos relacionados \u00e0 t\u00e9cnica. O objetivo da an\u00e1lise era investigar a seguran\u00e7a do m\u00e9todo, n\u00e3o sua efic\u00e1cia em larga escala. Para isso, ser\u00e3o necess\u00e1rias an\u00e1lises com maior n\u00famero de participantes. &#8220;Ainda precisamos de estudos maiores para saber se ela realmente \u00e9 eficaz e poder\u00e1 fazer parte da pr\u00e1tica cl\u00ednica&#8221;, observa a ortopedista pedi\u00e1trica Susana dos Reis Braga, do Einstein Hospital Israelita.<\/p>\n<p>Dor nem sempre \u00e9 de crescimento<\/p>\n<p>O nome pode gerar confus\u00e3o, pois n\u00e3o h\u00e1 evid\u00eancias de que essa dor seja causada pelo crescimento dos ossos ou por fases em que a crian\u00e7a cresce mais r\u00e1pido. &#8220;Existem algumas hip\u00f3teses, como fadiga muscular, fatores gen\u00e9ticos e at\u00e9 associa\u00e7\u00e3o com defici\u00eancia de ferro ou vitamina D em alguns casos, mas nenhuma delas explica todos os pacientes&#8221;, diz Braga. Embora provoque desconforto, a condi\u00e7\u00e3o \u00e9 benigna, n\u00e3o causa les\u00f5es, n\u00e3o compromete o desenvolvimento da crian\u00e7a e tende a desaparecer espontaneamente.<\/p>\n<p>Como n\u00e3o existe um exame espec\u00edfico para confirmar o diagn\u00f3stico, a avalia\u00e7\u00e3o \u00e9 feita principalmente com base no hist\u00f3rico e em exames. Alguns sinais exigem uma investiga\u00e7\u00e3o mais aprofundada: dor sempre na mesma perna, sintomas que persistem durante o dia, dificuldade para andar, incha\u00e7o nas articula\u00e7\u00f5es, febre, perda de peso, manchas roxas ou cansa\u00e7o excessivo. &#8220;Esses sintomas podem indicar outras doen\u00e7as ortop\u00e9dicas, reumatol\u00f3gicas, infecciosas ou at\u00e9 mesmo doen\u00e7as hematol\u00f3gicas&#8221;, alerta a m\u00e9dica do Einstein.<\/p>\n","protected":false},"excerpt":{"rendered":"Dor nas pernas no fim da tarde ou durante a noite \u00e9 uma queixa bastante comum entre crian\u00e7as&hellip;\n","protected":false},"author":2,"featured_media":506643,"comment_status":"","ping_status":"","sticky":false,"template":"","format":"standard","meta":{"footnotes":"","_share_on_mastodon":"0"},"categories":[86],"tags":[6245,3570,24403,950,236,116,8210,2558,1208,32,33,117],"class_list":["post-506642","post","type-post","status-publish","format-standard","has-post-thumbnail","category-saude","tag-agencia-einstein","tag-corpo","tag-crescimento","tag-crianca","tag-folha","tag-health","tag-infancia","tag-maternidade","tag-medicina","tag-portugal","tag-pt","tag-saude"],"share_on_mastodon":{"url":"https:\/\/pubeurope.com\/@pt\/117191128258412060","error":""},"_links":{"self":[{"href":"https:\/\/www.europesays.com\/pt\/wp-json\/wp\/v2\/posts\/506642","targetHints":{"allow":["GET"]}}],"collection":[{"href":"https:\/\/www.europesays.com\/pt\/wp-json\/wp\/v2\/posts"}],"about":[{"href":"https:\/\/www.europesays.com\/pt\/wp-json\/wp\/v2\/types\/post"}],"author":[{"embeddable":true,"href":"https:\/\/www.europesays.com\/pt\/wp-json\/wp\/v2\/users\/2"}],"replies":[{"embeddable":true,"href":"https:\/\/www.europesays.com\/pt\/wp-json\/wp\/v2\/comments?post=506642"}],"version-history":[{"count":0,"href":"https:\/\/www.europesays.com\/pt\/wp-json\/wp\/v2\/posts\/506642\/revisions"}],"wp:featuredmedia":[{"embeddable":true,"href":"https:\/\/www.europesays.com\/pt\/wp-json\/wp\/v2\/media\/506643"}],"wp:attachment":[{"href":"https:\/\/www.europesays.com\/pt\/wp-json\/wp\/v2\/media?parent=506642"}],"wp:term":[{"taxonomy":"category","embeddable":true,"href":"https:\/\/www.europesays.com\/pt\/wp-json\/wp\/v2\/categories?post=506642"},{"taxonomy":"post_tag","embeddable":true,"href":"https:\/\/www.europesays.com\/pt\/wp-json\/wp\/v2\/tags?post=506642"}],"curies":[{"name":"wp","href":"https:\/\/api.w.org\/{rel}","templated":true}]}}