{"id":506646,"date":"2026-08-31T16:46:11","date_gmt":"2026-08-31T16:46:11","guid":{"rendered":"https:\/\/www.europesays.com\/pt\/506646\/"},"modified":"2026-08-31T16:46:11","modified_gmt":"2026-08-31T16:46:11","slug":"anacom-multa-nos-em-350-mil-euros-por-alterar-contratos-a-mais-de-820-mil-clientes-concorrencia-regulacao","status":"publish","type":"post","link":"https:\/\/www.europesays.com\/pt\/506646\/","title":{"rendered":"Anacom multa Nos em 350 mil euros por alterar contratos a mais de 820 mil clientes &#8211; Concorr\u00eancia &#038; Regula\u00e7\u00e3o"},"content":{"rendered":"<p class=\"\">&#13;<br \/>\n        A Anacom aplicou uma coima de 350 mil euros \u00e0 Nos por ter alterado unilateralmente os contratos de 821.641 assinantes com vista \u00e0 introdu\u00e7\u00e3o de publicidade obrigat\u00f3ria nas grava\u00e7\u00f5es autom\u00e1ticas do servi\u00e7o de TV, foi anunciado esta segunda-feira.&#13;\n    <\/p>\n<p class=\"\">&#13;<br \/>\n        A decis\u00e3o da entidade reguladora, datada de 07 de julho e hoje divulgada, \u00e9 sustentada pelo facto de a Nos &#8220;ter alterado unilateralmente e de forma id\u00eantica e padronizada as condi\u00e7\u00f5es contratuais&#8221; a mais de 820 mil assinantes, sem que lhes tivesse comunicado &#8220;por escrito e por forma adequada, e com uma anteced\u00eancia m\u00ednima de 30 dias, a proposta de altera\u00e7\u00e3o e o seu direito de rescindir o contrato sem qualquer encargo&#8221; em caso de n\u00e3o concord\u00e2ncia.&#13;\n    <\/p>\n<p class=\"\">&#13;<br \/>\n        Em julho, a Anacom j\u00e1 tinha avan\u00e7ado com uma coima de 160 mil euros \u00e0 Vodafone tamb\u00e9m por ter alterado unilateralmente as condi\u00e7\u00f5es contratuais de 448.236 clientes, sem comunica\u00e7\u00e3o pr\u00e9via.&#13;\n    <\/p>\n<p class=\"\">&#13;<br \/>\n        De acordo com o n.\u00ba 16 do artigo 48.\u00ba da LCE ent\u00e3o em vigor, constitui contraordena\u00e7\u00e3o a ado\u00e7\u00e3o &#8220;de comportamentos habituais ou padronizados, bem como a emiss\u00e3o de orienta\u00e7\u00f5es, recomenda\u00e7\u00f5es ou instru\u00e7\u00f5es aos trabalhadores, agentes ou parceiros de neg\u00f3cios, cuja aplica\u00e7\u00e3o seja suscet\u00edvel de conduzir \u00e0 viola\u00e7\u00e3o de regras legais ou de determina\u00e7\u00f5es da Anacom&#8221;, sustenta um comunicado do regulador.&#13;\n    <\/p>\n<p class=\"\">&#13;<br \/>\n        A Anacom informa que a Nos apresentou recurso de impugna\u00e7\u00e3o junto do Tribunal da Concorr\u00eancia, Regula\u00e7\u00e3o e Supervis\u00e3o. Tamb\u00e9m a Vodafone anunciou ter recorrido judicialmente da decis\u00e3o.&#13;\n    <\/p>\n<p class=\"\">&#13;<br \/>\n        Em 05 de junho, a Autoridade da Concorr\u00eancia (AdC) tinha aplicado coimas de 13,35 milh\u00f5es de euros \u00e0 Meo, Nos, Vodafone e Accenture por &#8220;acordo anticoncorrencial nos servi\u00e7os de televis\u00e3o por subscri\u00e7\u00e3o e na publicidade nas grava\u00e7\u00f5es televisivas&#8221;.&#13;\n    <\/p>\n<p class=\"\">&#13;<br \/>\n        Em comunicado, o regulador da concorr\u00eancia explicou que o &#8220;acordo levou a uma abordagem concertada por parte dos tr\u00eas maiores operadores de telecomunica\u00e7\u00f5es a operar no mercado nacional, em conjunto com uma empresa consultora, tendo determinado que os clientes ficassem, em geral, sem possibilidade efetiva de mudan\u00e7a de operador perante a degrada\u00e7\u00e3o simult\u00e2nea e concertada do servi\u00e7o de televis\u00e3o por subscri\u00e7\u00e3o, ainda que insatisfeitos com a introdu\u00e7\u00e3o de publicidade no servi\u00e7o de grava\u00e7\u00f5es&#8221;.&#13;\n    <\/p>\n<p class=\"\">&#13;<br \/>\n        O caso remonta a 2021, quando a AdC acusou as tr\u00eas operadoras e a consultora Accenture de restringirem a concorr\u00eancia &#8220;ao combinarem entre si a inser\u00e7\u00e3o de 30 segundos de publicidade&#8221; para o acesso a grava\u00e7\u00f5es autom\u00e1ticas no servi\u00e7o de televis\u00e3o.&#13;\n    <\/p>\n<p class=\"\">&#13;<br \/>\n        Tanto a Vodafone como a Nos anunciaram a sua decis\u00e3o de recorrer da decis\u00e3o da AdC. A Accenture rejeitou as alega\u00e7\u00f5es de irregularidade e admitiu analisar &#8220;as op\u00e7\u00f5es dispon\u00edveis de recurso&#8221;.&#13;\n    <\/p>\n","protected":false},"excerpt":{"rendered":"&#13; A Anacom aplicou uma coima de 350 mil euros \u00e0 Nos por ter alterado unilateralmente os contratos&hellip;\n","protected":false},"author":2,"featured_media":506647,"comment_status":"","ping_status":"","sticky":false,"template":"","format":"standard","meta":{"footnotes":"","_share_on_mastodon":"0"},"categories":[83],"tags":[24800,58807,88,89,90,58146,4912,68063,32,33,218,17361],"class_list":["post-506646","post","type-post","status-publish","format-standard","has-post-thumbnail","category-empresas","tag-accenture","tag-autoridade-nacional-de-comunicacoes","tag-business","tag-economy","tag-empresas","tag-final-gravacoes","tag-gravacoes","tag-meo-empresas","tag-portugal","tag-pt","tag-televisao","tag-vodafone"],"share_on_mastodon":{"url":"https:\/\/pubeurope.com\/@pt\/117191139836197249","error":""},"_links":{"self":[{"href":"https:\/\/www.europesays.com\/pt\/wp-json\/wp\/v2\/posts\/506646","targetHints":{"allow":["GET"]}}],"collection":[{"href":"https:\/\/www.europesays.com\/pt\/wp-json\/wp\/v2\/posts"}],"about":[{"href":"https:\/\/www.europesays.com\/pt\/wp-json\/wp\/v2\/types\/post"}],"author":[{"embeddable":true,"href":"https:\/\/www.europesays.com\/pt\/wp-json\/wp\/v2\/users\/2"}],"replies":[{"embeddable":true,"href":"https:\/\/www.europesays.com\/pt\/wp-json\/wp\/v2\/comments?post=506646"}],"version-history":[{"count":0,"href":"https:\/\/www.europesays.com\/pt\/wp-json\/wp\/v2\/posts\/506646\/revisions"}],"wp:featuredmedia":[{"embeddable":true,"href":"https:\/\/www.europesays.com\/pt\/wp-json\/wp\/v2\/media\/506647"}],"wp:attachment":[{"href":"https:\/\/www.europesays.com\/pt\/wp-json\/wp\/v2\/media?parent=506646"}],"wp:term":[{"taxonomy":"category","embeddable":true,"href":"https:\/\/www.europesays.com\/pt\/wp-json\/wp\/v2\/categories?post=506646"},{"taxonomy":"post_tag","embeddable":true,"href":"https:\/\/www.europesays.com\/pt\/wp-json\/wp\/v2\/tags?post=506646"}],"curies":[{"name":"wp","href":"https:\/\/api.w.org\/{rel}","templated":true}]}}