{"id":506654,"date":"2026-08-31T16:53:42","date_gmt":"2026-08-31T16:53:42","guid":{"rendered":"https:\/\/www.europesays.com\/pt\/506654\/"},"modified":"2026-08-31T16:53:42","modified_gmt":"2026-08-31T16:53:42","slug":"temperatura-maxima-hoje-30-08-26-filme-de-domingo-na-tv-globo","status":"publish","type":"post","link":"https:\/\/www.europesays.com\/pt\/506654\/","title":{"rendered":"Temperatura M\u00e1xima hoje (30\/08\/26); filme de domingo na TV Globo"},"content":{"rendered":"<p class=\"texto\">Um filme de a\u00e7\u00e3o ser\u00e1 exibido na Temperatura M\u00e1xima deste domingo, 30 de agosto 2026, \u00e0s 12h30 horas (hor\u00e1rio de Bras\u00edlia), na programa\u00e7\u00e3o da TV Globo. Trata-se de <strong>&#8220;King&#8217;s Man: A Origem&#8221;.<\/strong><\/p>\n<p class=\"texto\"><a href=\"https:\/\/whatsapp.com\/channel\/0029Va8AhUUBA1f2UQ3vZY2D\" target=\"_blank\" rel=\"nofollow noopener\"><strong>SIGA<\/strong> o canal <strong>Famosos, TV e Realities do O POVO<\/strong> no WhatsApp<\/a><\/p>\n<p class=\"texto\">Nos primeiros anos do s\u00e9culo xx, a ag\u00eancia kingsman \u00e9 formada para enfrentar uma conspira\u00e7\u00e3o que planeja uma guerra para exterminar milh\u00f5es de pessoas<\/p>\n<p>Veja trailer do filme que vai passar na Temperatura M\u00e1xima<\/p>\n<p class=\"texto\"><a href=\"https:\/\/www.youtube.com\/watch?v=MRusJKGhWg8\" target=\"_self\" rel=\"nofollow noopener\">Assista ao trailer clicando aqui.<\/a><\/p>\n<p>Filme da Temperatura M\u00e1xima hoje, 30<\/p>\n<ul>\n<li><strong>King&#8217;s Man: A Origem<\/strong><\/li>\n<li><strong>Quando<\/strong>: hoje, domingo, 30 de agosto 2026 (30\/08\/26), \u00e0s 12h30 horas<\/li>\n<li><strong>Onde<\/strong>: canal aberto da Globo e atrav\u00e9s do Globoplay<\/li>\n<\/ul>\n<p>\tD\u00favidas, Cr\u00edticas e Sugest\u00f5es?<br \/>\n\t\t<a href=\"https:\/\/www.opovo.com.br\/falecomagente\" class=\"bluedefault\" rel=\"nofollow noopener\" target=\"_blank\">Fale com a gente<\/a><\/p>\n<p>\tTags<\/p>\n","protected":false},"excerpt":{"rendered":"Um filme de a\u00e7\u00e3o ser\u00e1 exibido na Temperatura M\u00e1xima deste domingo, 30 de agosto 2026, \u00e0s 12h30 horas&hellip;\n","protected":false},"author":2,"featured_media":506655,"comment_status":"","ping_status":"","sticky":false,"template":"","format":"standard","meta":{"footnotes":"","_share_on_mastodon":"0"},"categories":[142],"tags":[114,115,32,33,218,151],"class_list":["post-506654","post","type-post","status-publish","format-standard","has-post-thumbnail","category-tv","tag-entertainment","tag-entretenimento","tag-portugal","tag-pt","tag-televisao","tag-tv"],"share_on_mastodon":{"url":"https:\/\/pubeurope.com\/@pt\/117191167527161938","error":""},"_links":{"self":[{"href":"https:\/\/www.europesays.com\/pt\/wp-json\/wp\/v2\/posts\/506654","targetHints":{"allow":["GET"]}}],"collection":[{"href":"https:\/\/www.europesays.com\/pt\/wp-json\/wp\/v2\/posts"}],"about":[{"href":"https:\/\/www.europesays.com\/pt\/wp-json\/wp\/v2\/types\/post"}],"author":[{"embeddable":true,"href":"https:\/\/www.europesays.com\/pt\/wp-json\/wp\/v2\/users\/2"}],"replies":[{"embeddable":true,"href":"https:\/\/www.europesays.com\/pt\/wp-json\/wp\/v2\/comments?post=506654"}],"version-history":[{"count":0,"href":"https:\/\/www.europesays.com\/pt\/wp-json\/wp\/v2\/posts\/506654\/revisions"}],"wp:featuredmedia":[{"embeddable":true,"href":"https:\/\/www.europesays.com\/pt\/wp-json\/wp\/v2\/media\/506655"}],"wp:attachment":[{"href":"https:\/\/www.europesays.com\/pt\/wp-json\/wp\/v2\/media?parent=506654"}],"wp:term":[{"taxonomy":"category","embeddable":true,"href":"https:\/\/www.europesays.com\/pt\/wp-json\/wp\/v2\/categories?post=506654"},{"taxonomy":"post_tag","embeddable":true,"href":"https:\/\/www.europesays.com\/pt\/wp-json\/wp\/v2\/tags?post=506654"}],"curies":[{"name":"wp","href":"https:\/\/api.w.org\/{rel}","templated":true}]}}