{"id":50668,"date":"2025-08-29T20:46:08","date_gmt":"2025-08-29T20:46:08","guid":{"rendered":"https:\/\/www.europesays.com\/pt\/50668\/"},"modified":"2025-08-29T20:46:08","modified_gmt":"2025-08-29T20:46:08","slug":"conselho-de-arbitragem-da-insatisfatorio-ao-var-do-sporting-arouca-o-jogo","status":"publish","type":"post","link":"https:\/\/www.europesays.com\/pt\/50668\/","title":{"rendered":"Conselho de Arbitragem d\u00e1 &quot;insatisfat\u00f3rio&quot; ao VAR do Sporting-Arouca &#8211; O Jogo"},"content":{"rendered":"<ol>\n<li><a href=\"https:\/\/news.google.com\/rss\/articles\/CBMioAFBVV95cUxPVzZ3eGtwZlZmQVRqYWhqVy1QajZ2YkNxdE5YcVhtZjM3NFBnLXU3MGd4LWFhd3FxR2Z6X0VSOHpRX2ZlakFERHlXeGpwcWFtNmVHZFVZeDZVOEFtV1NvUWYzd2NCckh5Tl8wM2E0Sm1QQTV2dHdtRnN1WTE5X1dpOGhJT2RxdVFXbXdodjBGcHJpc01mNGFIWUxKcTZDcWQ2?oc=5\" target=\"_blank\" rel=\"nofollow noopener\">Conselho de Arbitragem d\u00e1 &#8220;insatisfat\u00f3rio&#8221; ao VAR do Sporting-Arouca<\/a>&nbsp;&nbsp;O Jogo<\/li>\n<li><a href=\"https:\/\/news.google.com\/rss\/articles\/CBMilAFBVV95cUxNZTE2eUlfRHlWWmhDZUNhQVFwV3VJRlhabzJ0RUlpTFd1b0ZmQ1hvU2pSNzRIWW1lOVZBRjZ1MGthSV93S0l6SmxWQWs0dnJEemlnNU9YWDZmYlI0WUlITC1hVzdGLWVBSnRoQlFZV05seXprUVV3WFIyQU9HN09KRHRTbmNOQzJxSFh0S3JtdF9HWmY4?oc=5\" target=\"_blank\" rel=\"nofollow noopener\">VAR do Sporting-Arouca com nota negativa<\/a>&nbsp;&nbsp;A Bola<\/li>\n<li><a href=\"https:\/\/news.google.com\/rss\/articles\/CBMiuwFBVV95cUxPYXNQU1JJR2lkUjFoY0JsWGR2U0dRMEY4dkxZY3dIczRnOTE5SnRLV2UzZHN6TnZUR1RGTFExQ01tNDZQcFNZM0NvZ2VISXdDM0dDVzFub2FhYWdmbTJDQk9Jc1QtNWZTTVRBR01nSHBlLWdnOFpZLXd5X21sM0oxTlhtSDAwbkpZMl9SREJ0cDVEbGlmS3lhVlYwalA3MThfV0xHX3puYlpaeEZWMlhCNTY4U183TzNKcXJB?oc=5\" target=\"_blank\" rel=\"nofollow noopener\">CA da FPF considera que arbitragem do FC Porto x Vit\u00f3ria SC foi \u00abinsatisfat\u00f3ria\u00bb<\/a>&nbsp;&nbsp;zerozero.pt<\/li>\n<li><a href=\"https:\/\/news.google.com\/rss\/articles\/CBMixwFBVV95cUxON3M2WElfeV9TaTFfRjJVYWRrRlRoU2hlWVNLTjczWmxET2E0Sktxa0JGWW9CeklIQjJnM1lmcUVZT3pQdVZMRFZCa0djaFpMNVlSVUVrbExjb0FZLUE4Y0ZJWmVnOVNRdExHZ25IdkYyUUNwR1FsZGk1QlFHcmMxLXhwd08zaHZyQVVOZkhKS3o3ZVN4REM1VjQ1TkhtZno4anlvaEtkY2RPUEpjQ2xBaENxTlJEcXNkMjAzOTFUcXZfalhNdTVr?oc=5\" target=\"_blank\" rel=\"nofollow noopener\">\u00abAvalia\u00e7\u00e3o do \u00e1rbitro? Tenho muito que fazer como treinador, n\u00e3o comento\u00bb<\/a>&nbsp;&nbsp;CNN Portugal<\/li>\n<li><a href=\"https:\/\/news.google.com\/rss\/articles\/CBMiygFBVV95cUxNbl8wTDRZaUQ5cFRsSUR1LTBxbl9VeFVlSWpIc2EtbDZ4dGx0a21HbVpzanpmWVZocHJXVVJJNVJPeU44NHhicE5BRzJSRzNTdDNfZFk1NXNua1ZBc3luS0NLVGxVMGxqb0gwZUdPMjZzODJaeDhINHRMcF9sekV1LWRNM1NQNmRsZnlYSm1qWjJYb0hSSTJxeGxKZW1FcmVSQXAtejJmMEFpN3JBR2hLZERtOTN0VTJBMndPQlYxVnVHQWIyMGstMkFR?oc=5\" target=\"_blank\" rel=\"nofollow noopener\">Tiago Silva deveria ter sido expulso no FC Porto-Vit\u00f3ria, diz Diretor T\u00e9cnico da arbitragem da FPF<\/a>&nbsp;&nbsp;O Jogo<\/li>\n<\/ol>\n","protected":false},"excerpt":{"rendered":"Conselho de Arbitragem d\u00e1 &#8220;insatisfat\u00f3rio&#8221; ao VAR do Sporting-Arouca&nbsp;&nbsp;O Jogo VAR do Sporting-Arouca com nota negativa&nbsp;&nbsp;A Bola CA&hellip;\n","protected":false},"author":2,"featured_media":50669,"comment_status":"","ping_status":"","sticky":false,"template":"","format":"standard","meta":{"footnotes":""},"categories":[87],"tags":[135,32,33,134],"class_list":{"0":"post-50668","1":"post","2":"type-post","3":"status-publish","4":"format-standard","5":"has-post-thumbnail","7":"category-desporto","8":"tag-desporto","9":"tag-portugal","10":"tag-pt","11":"tag-sports"},"share_on_mastodon":{"url":"","error":""},"_links":{"self":[{"href":"https:\/\/www.europesays.com\/pt\/wp-json\/wp\/v2\/posts\/50668","targetHints":{"allow":["GET"]}}],"collection":[{"href":"https:\/\/www.europesays.com\/pt\/wp-json\/wp\/v2\/posts"}],"about":[{"href":"https:\/\/www.europesays.com\/pt\/wp-json\/wp\/v2\/types\/post"}],"author":[{"embeddable":true,"href":"https:\/\/www.europesays.com\/pt\/wp-json\/wp\/v2\/users\/2"}],"replies":[{"embeddable":true,"href":"https:\/\/www.europesays.com\/pt\/wp-json\/wp\/v2\/comments?post=50668"}],"version-history":[{"count":0,"href":"https:\/\/www.europesays.com\/pt\/wp-json\/wp\/v2\/posts\/50668\/revisions"}],"wp:featuredmedia":[{"embeddable":true,"href":"https:\/\/www.europesays.com\/pt\/wp-json\/wp\/v2\/media\/50669"}],"wp:attachment":[{"href":"https:\/\/www.europesays.com\/pt\/wp-json\/wp\/v2\/media?parent=50668"}],"wp:term":[{"taxonomy":"category","embeddable":true,"href":"https:\/\/www.europesays.com\/pt\/wp-json\/wp\/v2\/categories?post=50668"},{"taxonomy":"post_tag","embeddable":true,"href":"https:\/\/www.europesays.com\/pt\/wp-json\/wp\/v2\/tags?post=50668"}],"curies":[{"name":"wp","href":"https:\/\/api.w.org\/{rel}","templated":true}]}}