{"id":506680,"date":"2026-08-31T17:20:14","date_gmt":"2026-08-31T17:20:14","guid":{"rendered":"https:\/\/www.europesays.com\/pt\/506680\/"},"modified":"2026-08-31T17:20:14","modified_gmt":"2026-08-31T17:20:14","slug":"empresario-quer-erguer-estatua-de-fernando-pimenta-em-ponte-de-lima","status":"publish","type":"post","link":"https:\/\/www.europesays.com\/pt\/506680\/","title":{"rendered":"Empres\u00e1rio quer erguer est\u00e1tua de Fernando Pimenta em Ponte de Lima"},"content":{"rendered":"<p class=\"wp-block-paragraph\">Diogo Freitas, empres\u00e1rio de\u00a0Ponte de Lima, cuja empresa Officetotal Food Brands det\u00e9m a marca de bolachas Belgas e Chipicao, lan\u00e7ou um apelo \u00e0 autarquia para erigir uma est\u00e1tua de homenagem a Fernando Pimenta e mostra-se dispon\u00edvel para suportar os custos.<\/p>\n<p class=\"wp-block-paragraph\">Numa publica\u00e7\u00e3o partilhada nas redes sociais, o empres\u00e1rio considera que \u201cFernando Pimenta j\u00e1 deu diversas provas da sua excepcionalidade. Este fim de semana voltou a fazer hist\u00f3ria, tornando-se o atleta mais medalhado de sempre nas dist\u00e2ncias de K1 1000 e K1 5000 metros em Campeonatos do Mundo\u201d.<\/p>\n<p><img loading=\"lazy\" data-dominant-color=\"c2beb3\" data-has-transparency=\"true\" style=\"--dominant-color: #c2beb3;\" decoding=\"async\" width=\"632\" height=\"702\" alt=\"Empres\u00e1rio quer erguer est\u00e1tua de fernando pimenta em ponte de lima\" class=\"wp-image-687184 has-transparency perfmatters-lazy\" title=\"Empres\u00e1rio quer erguer est\u00e1tua de fernando pimenta em ponte de lima 6\" src=\"https:\/\/www.europesays.com\/pt\/wp-content\/uploads\/2026\/08\/Captura-de-ecra-2026-08-31-155754.png\"  data-\/>Empres\u00e1rio quer erguer est\u00e1tua de Fernando Pimenta em Ponte de Lima 8<\/p>\n<p class=\"wp-block-paragraph\">\u201cPor\u00e9m, desconhe\u00e7o que haja qualquer homenagem f\u00edsica, como uma est\u00e1tua, por exemplo, que marque a sua excepcionalidade. E isso \u00e9 uma falha. Assim, apelo ao Munic\u00edpio Ponte de Lima e ao sr. Vasco Ferraz que seja feita homenagem a este grande atleta e ser humano\u201d, apela Diogo Freitas.<\/p>\n<p class=\"wp-block-paragraph\">\u201cO grupo empresarial que represento est\u00e1 dispon\u00edvel, com muito gosto e orgulho, a assumir o custo da obra de arte, bastado que a C\u00e2mara Municipal nos disponibilize o local apropriado para tal\u201d, acrescenta.<\/p>\n<p>\u201cAinda h\u00e1 pessoas boas e raras\u201d<\/p>\n<p class=\"wp-block-paragraph\">A m\u00e3e de Fernando Pimenta j\u00e1 reagiu ao apelo, tendo partilhado a publica\u00e7\u00e3o do empres\u00e1rio e agradecido o reconhecimento.<\/p>\n<p class=\"wp-block-paragraph\">\u201cAinda h\u00e1 pessoas boas e raras em Ponte de Lima que reconhecem o valor do Fernando Pimenta. Obrigado, Diogo Freitas\u201d, escreveu.<\/p>\n<p><img loading=\"lazy\" data-dominant-color=\"998f79\" data-has-transparency=\"true\" style=\"--dominant-color: #998f79;\" decoding=\"async\" width=\"885\" height=\"662\" alt=\"Empres\u00e1rio quer erguer est\u00e1tua de fernando pimenta em ponte de lima\" class=\"wp-image-687185 has-transparency perfmatters-lazy\" title=\"Empres\u00e1rio quer erguer est\u00e1tua de fernando pimenta em ponte de lima 7\" src=\"https:\/\/www.europesays.com\/pt\/wp-content\/uploads\/2026\/08\/Captura-de-ecra-2026-08-31-155815.png\"  data-\/>Empres\u00e1rio quer erguer est\u00e1tua de Fernando Pimenta em Ponte de Lima 9<\/p>\n<p class=\"wp-block-paragraph\">Recorde-se que o cano\u00edsta de Ponte de Lima sagrou-se, no domingo, campe\u00e3o mundial de K1 5.000 metros, t\u00edtulo que juntou ao conseguido no s\u00e1bado na prova de K1 1.000 metros.<\/p>\n<p class=\"wp-block-paragraph\">Na \u00faltima prova dos Mundiais de canoagem, Fernando Pimenta cronometrou 24.15,72 minutos, impondo-se ao sul-africano Hamish Lovemore (24.17,17) e ao dinamarqu\u00eas Mads Pedersen (24.18,17), que terminaram nos segundo e terceiro lugares, respetivamente.<\/p>\n<p class=\"wp-block-paragraph\">Em K1 5.000, Fernando Pimenta tinha sido campe\u00e3o do Mundo em 2017 e 2018, prata em 2021, 2023 e 2024, e bronze em 2019.<\/p>\n<p class=\"wp-block-paragraph\">Portugal termina assim com quatro p\u00f3dios nos Mundiais de Poznan, depois do ouro em K1 1.000, prata em K2 500 e bronze em K4 500 metros.<\/p>\n","protected":false},"excerpt":{"rendered":"Diogo Freitas, empres\u00e1rio de\u00a0Ponte de Lima, cuja empresa Officetotal Food Brands det\u00e9m a marca de bolachas Belgas e&hellip;\n","protected":false},"author":2,"featured_media":506681,"comment_status":"","ping_status":"","sticky":false,"template":"","format":"standard","meta":{"footnotes":"","_share_on_mastodon":"0"},"categories":[144],"tags":[207,205,206,203,201,202,204,114,115,32,33],"class_list":["post-506680","post","type-post","status-publish","format-standard","has-post-thumbnail","category-arte-e-design","tag-arte","tag-arte-e-design","tag-artedesign","tag-arts","tag-arts-and-design","tag-artsanddesign","tag-design","tag-entertainment","tag-entretenimento","tag-portugal","tag-pt"],"share_on_mastodon":{"url":"https:\/\/pubeurope.com\/@pt\/117191273885568388","error":""},"_links":{"self":[{"href":"https:\/\/www.europesays.com\/pt\/wp-json\/wp\/v2\/posts\/506680","targetHints":{"allow":["GET"]}}],"collection":[{"href":"https:\/\/www.europesays.com\/pt\/wp-json\/wp\/v2\/posts"}],"about":[{"href":"https:\/\/www.europesays.com\/pt\/wp-json\/wp\/v2\/types\/post"}],"author":[{"embeddable":true,"href":"https:\/\/www.europesays.com\/pt\/wp-json\/wp\/v2\/users\/2"}],"replies":[{"embeddable":true,"href":"https:\/\/www.europesays.com\/pt\/wp-json\/wp\/v2\/comments?post=506680"}],"version-history":[{"count":0,"href":"https:\/\/www.europesays.com\/pt\/wp-json\/wp\/v2\/posts\/506680\/revisions"}],"wp:featuredmedia":[{"embeddable":true,"href":"https:\/\/www.europesays.com\/pt\/wp-json\/wp\/v2\/media\/506681"}],"wp:attachment":[{"href":"https:\/\/www.europesays.com\/pt\/wp-json\/wp\/v2\/media?parent=506680"}],"wp:term":[{"taxonomy":"category","embeddable":true,"href":"https:\/\/www.europesays.com\/pt\/wp-json\/wp\/v2\/categories?post=506680"},{"taxonomy":"post_tag","embeddable":true,"href":"https:\/\/www.europesays.com\/pt\/wp-json\/wp\/v2\/tags?post=506680"}],"curies":[{"name":"wp","href":"https:\/\/api.w.org\/{rel}","templated":true}]}}