{"id":50672,"date":"2025-08-29T20:48:20","date_gmt":"2025-08-29T20:48:20","guid":{"rendered":"https:\/\/www.europesays.com\/pt\/50672\/"},"modified":"2025-08-29T20:48:20","modified_gmt":"2025-08-29T20:48:20","slug":"atriz-morre-repentinamente-aos-25-anos-quis-o-destino-que-ela-nao-pudesse-ficar-mais-entre-nos","status":"publish","type":"post","link":"https:\/\/www.europesays.com\/pt\/50672\/","title":{"rendered":"Atriz morre repentinamente aos 25 anos: \u00abQuis o destino que ela n\u00e3o pudesse ficar mais entre n\u00f3s\u00bb"},"content":{"rendered":"<p data-end=\"305\" data-start=\"45\">A jovem atriz brasileira\u00a0<strong data-end=\"75\" data-start=\"59\">Bia Lomelino<\/strong>, conhecida sobretudo pelo seu trabalho em teatro musical, morreu aos 25 anos. A not\u00edcia foi confirmada pelo pai, <strong data-end=\"207\" data-start=\"189\">Ronaldo Melino<\/strong>, que, atrav\u00e9s das redes sociais, lamentou a perda da filha. A causa da morte n\u00e3o foi divulgada.<\/p>\n<p data-end=\"468\" data-start=\"307\">Na publica\u00e7\u00e3o, Ronaldo escreveu: \u201cHoje despedi-me da minha estrelinha. 25 anos de muita felicidade. Quis o destino que ela n\u00e3o pudesse ficar mais entre n\u00f3s\u201d.<\/p>\n<blockquote class=\"instagram-media\" data-instgrm-captioned=\"\" data-instgrm-permalink=\"https:\/\/www.instagram.com\/p\/DN1dNJ73jts\/?utm_source=ig_embed&amp;utm_campaign=loading\" data-instgrm-version=\"14\" style=\" background:#FFF; border:0; border-radius:3px; box-shadow:0 0 1px 0 rgba(0,0,0,0.5),0 1px 10px 0 rgba(0,0,0,0.15); margin: 1px; max-width:540px; min-width:326px; padding:0; width:99.375%; width:-webkit-calc(100% - 2px); width:calc(100% - 2px);\">\n<\/blockquote>\n<p>Esta partilha triste contrasta com a anterior publica\u00e7\u00e3o que o pai havia feito orgulhoso, em maio de 2023, onde mostra a filha a cantar.<\/p>\n<p data-end=\"881\" data-start=\"470\">Tamb\u00e9m o realizador e m\u00fasico <strong data-end=\"510\" data-start=\"496\">Jay Vaquer<\/strong>, que trabalhou com Bia no filme Poema!, deixou uma mensagem emotiva de despedida: \u201cConseguia te ver sendo aplaudida pelas salas de cinema. Tinha certeza disso. Voc\u00ea j\u00e1 faz muita falta. T\u00e1 doendo muito, muito. Ainda nem estou entendendo. Nem sei se d\u00e1 pra entender. \u00c9 injusto. Vou seguir carregando voc\u00ea no cora\u00e7\u00e3o e na arte que eu puder realizar daqui pra sempre\u201d.<\/p>\n<blockquote class=\"instagram-media\" data-instgrm-captioned=\"\" data-instgrm-permalink=\"https:\/\/www.instagram.com\/p\/DN1FSbyUuJV\/?utm_source=ig_embed&amp;utm_campaign=loading\" data-instgrm-version=\"14\" style=\" background:#FFF; border:0; border-radius:3px; box-shadow:0 0 1px 0 rgba(0,0,0,0.5),0 1px 10px 0 rgba(0,0,0,0.15); margin: 1px; max-width:540px; min-width:326px; padding:0; width:99.375%; width:-webkit-calc(100% - 2px); width:calc(100% - 2px);\">\n<\/blockquote>\n<p data-end=\"1144\" data-start=\"883\">Bia Lomelino destacou-se em v\u00e1rias produ\u00e7\u00f5es de teatro musical, como Despertar da Primavera, Heathers e Flashback. Mais recentemente, participou no filme Poema!, ainda sem data de estreia no Brasil, consolidando o seu percurso promissor nas artes performativas.<\/p>\n<p>                        <script async src=\"\/\/www.instagram.com\/embed.js\"><\/script><\/p>\n","protected":false},"excerpt":{"rendered":"A jovem atriz brasileira\u00a0Bia Lomelino, conhecida sobretudo pelo seu trabalho em teatro musical, morreu aos 25 anos. A&hellip;\n","protected":false},"author":2,"featured_media":50673,"comment_status":"","ping_status":"","sticky":false,"template":"","format":"standard","meta":{"footnotes":""},"categories":[85],"tags":[73,2312,72,14837,66,114,115,77,69,75,71,67,32,33,76,74,70,35,78,68],"class_list":{"0":"post-50672","1":"post","2":"type-post","3":"status-publish","4":"format-standard","5":"has-post-thumbnail","7":"category-entretenimento","8":"tag-a-jornada","9":"tag-atriz-brasileira","10":"tag-bate-bola","11":"tag-bia-lomelino","12":"tag-bom-dia-alegria","13":"tag-entertainment","14":"tag-entretenimento","15":"tag-estudio-estadio","16":"tag-fanaticos","17":"tag-livre-e-direto","18":"tag-nova-geracao","19":"tag-para-si","20":"tag-portugal","21":"tag-pt","22":"tag-segredos-do-prazer","23":"tag-segue-o-jogo","24":"tag-super-craques","25":"tag-transferencias","26":"tag-v-fama","27":"tag-var-aberto"},"share_on_mastodon":{"url":"","error":""},"_links":{"self":[{"href":"https:\/\/www.europesays.com\/pt\/wp-json\/wp\/v2\/posts\/50672","targetHints":{"allow":["GET"]}}],"collection":[{"href":"https:\/\/www.europesays.com\/pt\/wp-json\/wp\/v2\/posts"}],"about":[{"href":"https:\/\/www.europesays.com\/pt\/wp-json\/wp\/v2\/types\/post"}],"author":[{"embeddable":true,"href":"https:\/\/www.europesays.com\/pt\/wp-json\/wp\/v2\/users\/2"}],"replies":[{"embeddable":true,"href":"https:\/\/www.europesays.com\/pt\/wp-json\/wp\/v2\/comments?post=50672"}],"version-history":[{"count":0,"href":"https:\/\/www.europesays.com\/pt\/wp-json\/wp\/v2\/posts\/50672\/revisions"}],"wp:featuredmedia":[{"embeddable":true,"href":"https:\/\/www.europesays.com\/pt\/wp-json\/wp\/v2\/media\/50673"}],"wp:attachment":[{"href":"https:\/\/www.europesays.com\/pt\/wp-json\/wp\/v2\/media?parent=50672"}],"wp:term":[{"taxonomy":"category","embeddable":true,"href":"https:\/\/www.europesays.com\/pt\/wp-json\/wp\/v2\/categories?post=50672"},{"taxonomy":"post_tag","embeddable":true,"href":"https:\/\/www.europesays.com\/pt\/wp-json\/wp\/v2\/tags?post=50672"}],"curies":[{"name":"wp","href":"https:\/\/api.w.org\/{rel}","templated":true}]}}