{"id":50677,"date":"2025-08-29T20:51:08","date_gmt":"2025-08-29T20:51:08","guid":{"rendered":"https:\/\/www.europesays.com\/pt\/50677\/"},"modified":"2025-08-29T20:51:08","modified_gmt":"2025-08-29T20:51:08","slug":"trump-cerca-militarmente-venezuela-pode-ser-fim-de-maduro-observador","status":"publish","type":"post","link":"https:\/\/www.europesays.com\/pt\/50677\/","title":{"rendered":"Trump cerca militarmente Venezuela. Pode ser fim de Maduro? \u2013 Observador"},"content":{"rendered":"<p>Ao mesmo tempo, para tentar ganhar apoios internacionais, a Venezuela tem conversado com o Brasil e a Col\u00f4mbia sobre a situa\u00e7\u00e3o. Para al\u00e9m disso, tem expressado as suas preocupa\u00e7\u00f5es aos <strong>aliados russos e chineses<\/strong>, que sa\u00edram em defesa do regime venezuelano. Mas com uma nuance: <strong>a China foi muito mais enf\u00e1tica na defesa de Nicol\u00e1s Maduro<\/strong>, opondo-se \u00e0 \u201cinterfer\u00eancia de for\u00e7as externas nos assuntos internos da Venezuela\u201d e criticando diretamente a presid\u00eancia norte-americana. A <strong>R\u00fassia<\/strong>, que est\u00e1 a tentar ganhar a simpatia de Donald Trump para resolver a guerra na Ucr\u00e2nia, expressou apenas a \u201csolidariedade com a lideran\u00e7a venezuelana e confirmou o apoio abrangente\u201d de Moscovo a Caracas, <strong>sem nunca criticar os Estados Unidos<\/strong>.<\/p>\n<p>Em termos militares, o regime procura mobilizar 4,5 milh\u00f5es de pessoas para a Mil\u00edcia Nacional Bolivariana \u2014 uma for\u00e7a composta por civis volunt\u00e1rios, criada em 2009 pelo ex-Presidente Hugo Ch\u00e1vez e j\u00e1 oficialmente integrada na For\u00e7a Armada Nacional Bolivariana. E tem refor\u00e7ado a presen\u00e7a de militares na fronteira com a Col\u00f4mbia.<\/p>\n<p>Em sentido inverso, Mar\u00eda Corina Machado tem feito v\u00e1rias entrevistas, esperando relan\u00e7ar o movimento de oposi\u00e7\u00e3o a Nicol\u00e1s Maduro dentro de fronteiras. No X, o principal rosto da oposi\u00e7\u00e3o da Venezuela, que ainda se mant\u00e9m no pa\u00eds em paradeiro desconhecido por quest\u00f5es de seguran\u00e7a, tem agradecido e elogiado a atua\u00e7\u00e3o norte-americana. \u201cO regime de Maduro \u00e9 uma estrutura criminosa que fez um grande dano ao pa\u00eds\u201d, disse a dissidente venezuelana, subscrevendo e contribuindo para a narrativa dos Estados Unidos.<\/p>\n<blockquote class=\"twitter-tweet\" data-width=\"500\" data-dnt=\"true\">\n<p lang=\"es\" dir=\"ltr\">\u00a1Esta es la Venezuela que viene!<\/p>\n<p>Aqu\u00ed puedes ver, en s\u00f3lo 4 minutos, el sue\u00f1o de millones de ciudadanos que ya estamos listos para el retorno de la democracia y un auge econ\u00f3mico y social nunca antes visto en la historia de nuestro pa\u00eds.<\/p>\n<p>La Transici\u00f3n ya empez\u00f3. Te\u2026 <a href=\"https:\/\/t.co\/7K5VykhE1B\" rel=\"nofollow\">pic.twitter.com\/7K5VykhE1B<\/a><\/p>\n<p>\u2014 Mar\u00eda Corina Machado (@MariaCorinaYA) <a href=\"https:\/\/twitter.com\/MariaCorinaYA\/status\/1961068839010996290?ref_src=twsrc%5Etfw\" rel=\"nofollow noopener\" target=\"_blank\">August 28, 2025<\/a><\/p>\n<\/blockquote>\n<p><strong>\u201cA transi\u00e7\u00e3o j\u00e1 come\u00e7ou\u201d,<\/strong> escreveu ainda Mar\u00eda Corina Machado no X esta quinta-feira, prometendo uma nova era \u201cdo regresso da democracia\u201d e um \u201cauge econ\u00f3mico e social nunca antes visto na Hist\u00f3ria\u201d da Venezuela. Pela boa rela\u00e7\u00e3o que mant\u00e9m com Marco Rubio, caso o regime caia, a opositora dever\u00e1 ter o apoio norte-americano para assumir uma posi\u00e7\u00e3o de destaque num novo governo.<\/p>\n<p>Para j\u00e1, uma invas\u00e3o da Venezuela ou uma a\u00e7\u00e3o militar destinada a acabar com o regime estar\u00e3o, ainda assim, longe de se concretizar. \u201cO mais prov\u00e1vel \u00e9 que as for\u00e7as navais se envolvam em opera\u00e7\u00f5es de combate ao tr\u00e1fico de droga e acabem por regressar aos EUA\u201d, opina John Polga-Hecimovich. \u201cMenos prov\u00e1vel, mas ainda poss\u00edvel, \u00e9 que haja um ataque contra um alvo militar\u201d, prossegue.<\/p>\n<p><strong>\u201cQuase impens\u00e1vel\u201d<\/strong> seria uma <strong>invas\u00e3o<\/strong> \u201cdestinada \u00e0 mudan\u00e7a de regime\u201d. \u201cA \u00fanica coisa que poderia provocar uma a\u00e7\u00e3o militar dos EUA seria, por exemplo, uma invas\u00e3o venezuelana da Guiana\u201d, diz John Polga-Hecimovich. Contudo, com um secret\u00e1rio de Estado abertamente contra regimes como o de Nicol\u00e1s Maduro a sussurrar-lhe ao ouvido, Donald Trump pode mudar de opini\u00e3o sobre este cerco militar, que n\u00e3o deixa de ser o maior das \u00faltimas d\u00e9cadas nas Cara\u00edbas e cujos objetivos n\u00e3o s\u00e3o claros.<\/p>\n<p>                    <script async src=\"https:\/\/platform.twitter.com\/widgets.js\" charset=\"utf-8\"><\/script><\/p>\n","protected":false},"excerpt":{"rendered":"Ao mesmo tempo, para tentar ganhar apoios internacionais, a Venezuela tem conversado com o Brasil e a Col\u00f4mbia&hellip;\n","protected":false},"author":2,"featured_media":50678,"comment_status":"","ping_status":"","sticky":false,"template":"","format":"standard","meta":{"footnotes":""},"categories":[50],"tags":[624,27,28,6195,623,15,16,830,14,25,26,21,22,62,12,11336,13,19,20,4497,23,24,17,18,29,30,31,3023,63,64,65],"class_list":{"0":"post-50677","1":"post","2":"type-post","3":"status-publish","4":"format-standard","5":"has-post-thumbnail","7":"category-mundo","8":"tag-amu00e9rica","9":"tag-breaking-news","10":"tag-breakingnews","11":"tag-conflitos","12":"tag-estados-unidos-da-amu00e9rica","13":"tag-featured-news","14":"tag-featurednews","15":"tag-guerra","16":"tag-headlines","17":"tag-latest-news","18":"tag-latestnews","19":"tag-main-news","20":"tag-mainnews","21":"tag-mundo","22":"tag-news","23":"tag-nicolu00e1s-maduro","24":"tag-noticias","25":"tag-noticias-principais","26":"tag-noticiasprincipais","27":"tag-presidente-trump","28":"tag-principais-noticias","29":"tag-principaisnoticias","30":"tag-top-stories","31":"tag-topstories","32":"tag-ultimas","33":"tag-ultimas-noticias","34":"tag-ultimasnoticias","35":"tag-venezuela","36":"tag-world","37":"tag-world-news","38":"tag-worldnews"},"share_on_mastodon":{"url":"","error":""},"_links":{"self":[{"href":"https:\/\/www.europesays.com\/pt\/wp-json\/wp\/v2\/posts\/50677","targetHints":{"allow":["GET"]}}],"collection":[{"href":"https:\/\/www.europesays.com\/pt\/wp-json\/wp\/v2\/posts"}],"about":[{"href":"https:\/\/www.europesays.com\/pt\/wp-json\/wp\/v2\/types\/post"}],"author":[{"embeddable":true,"href":"https:\/\/www.europesays.com\/pt\/wp-json\/wp\/v2\/users\/2"}],"replies":[{"embeddable":true,"href":"https:\/\/www.europesays.com\/pt\/wp-json\/wp\/v2\/comments?post=50677"}],"version-history":[{"count":0,"href":"https:\/\/www.europesays.com\/pt\/wp-json\/wp\/v2\/posts\/50677\/revisions"}],"wp:featuredmedia":[{"embeddable":true,"href":"https:\/\/www.europesays.com\/pt\/wp-json\/wp\/v2\/media\/50678"}],"wp:attachment":[{"href":"https:\/\/www.europesays.com\/pt\/wp-json\/wp\/v2\/media?parent=50677"}],"wp:term":[{"taxonomy":"category","embeddable":true,"href":"https:\/\/www.europesays.com\/pt\/wp-json\/wp\/v2\/categories?post=50677"},{"taxonomy":"post_tag","embeddable":true,"href":"https:\/\/www.europesays.com\/pt\/wp-json\/wp\/v2\/tags?post=50677"}],"curies":[{"name":"wp","href":"https:\/\/api.w.org\/{rel}","templated":true}]}}