{"id":506778,"date":"2026-08-31T18:46:25","date_gmt":"2026-08-31T18:46:25","guid":{"rendered":"https:\/\/www.europesays.com\/pt\/506778\/"},"modified":"2026-08-31T18:46:25","modified_gmt":"2026-08-31T18:46:25","slug":"byd-prepara-minicarro-eletrico-para-a-europa-com-bateria-testada-no-japao","status":"publish","type":"post","link":"https:\/\/www.europesays.com\/pt\/506778\/","title":{"rendered":"BYD prepara minicarro el\u00e9trico para a Europa com bateria testada no Jap\u00e3o"},"content":{"rendered":"<p>A BYD quer repetir na Europa o que j\u00e1 testou no Jap\u00e3o, trazendo para as nossas estradas um carro pequeno, barato e el\u00e9trico, constru\u00eddo \u00e0 volta de uma bateria compacta capaz de libertar espa\u00e7o no habit\u00e1culo. A tecnologia chama-se X-Pack e prepara-se para atravessar continentes.<\/p>\n<p><a target=\"_blank\" href=\"https:\/\/pplware.sapo.pt\/wp-content\/uploads\/2026\/08\/byd-racco-minicarro-japao1.jpg\" onclick=\"refreshIframe()\" class=\"foobox\" rel=\"nofollow noopener\"><img fetchpriority=\"high\" decoding=\"async\" src=\"https:\/\/www.europesays.com\/pt\/wp-content\/uploads\/2026\/08\/byd-racco-minicarro-japao1-720x405.jpg\" alt=\"BYD Racco\" width=\"720\" height=\"405\" class=\"aligncenter size-medium wp-image-1138344\"  \/><\/a>\n<\/p>\n<p>Tudo come\u00e7ou com o Racco, um kei car <strong>lan\u00e7ado pela BYD, em julho<\/strong>.<\/p>\n<p>Por lei, estes ve\u00edculos n\u00e3o podem ultrapassar 3,4 metros de comprimento, 1,48 metros de largura e dois metros de altura, o que <strong>obriga as fabricantes a fazerem uma gin\u00e1stica de engenharia<\/strong>: conseguir meter bateria, motor e eletr\u00f3nica sem sacrificar o espa\u00e7o para os passageiros.<\/p>\n<blockquote class=\"tw-align-center twitter-tweet\" data-media-max-width=\"720\">\n<p lang=\"ja\" dir=\"ltr\">\u5927\u5207\u306a\u4eba\u3092\u4e57\u305b\u308b\u30af\u30eb\u30de\u3060\u304b\u3089\u3053\u305d\u3001\u5c0f\u3055\u306a\u4e0d\u5b89\u3082\u6b8b\u3057\u305f\u304f\u306a\u3044\u3002<\/p>\n<p>BYD RACCO\u306f\u3001\u7a93\u304c\u958b\u3044\u3066\u3044\u308b\u72b6\u614b\u3067\u306f\u30b9\u30e9\u30a4\u30c9\u30c9\u30a2\u304c\u534a\u5206\u307e\u3067\u3057\u304b\u958b\u304b\u306a\u3044\u3088\u3046\u306b\u306a\u3063\u3066\u3044\u307e\u3059\u3002\u4e07\u304c\u4e00\u306e\u624b\u3084\u9996\u306e\u631f\u307f\u8fbc\u307f\u3092\u9632\u3050\u305f\u3081\u306e\u3001\u3084\u3055\u3057\u3044\u30b9\u30c8\u30c3\u30d1\u30fc\u3067\u3059\u3002<\/p>\n<p>\u5bb6\u65cf\u307f\u3093\u306a\u306e\u6bce\u65e5\u306b\u3001\u78ba\u304b\u306a\u5b89\u5fc3\u3068\u7b11\u9854\u3092\u5c4a\u3051\u308b\u3053\u3068\u3002\u2026 <a target=\"_blank\" href=\"https:\/\/t.co\/LsTe7NV7qK\" rel=\"nofollow\">pic.twitter.com\/LsTe7NV7qK<\/a><\/p>\n<p>\u2014 BYD JAPAN\uff08\u30d3\u30fc\u30ef\u30a4\u30c7\u30a3\u30fc\u30b8\u30e3\u30d1\u30f3\uff09 (@byd_japan) <a target=\"_blank\" href=\"https:\/\/x.com\/byd_japan\/status\/2094349486831120716?ref_src=twsrc%5Etfw\" rel=\"nofollow\">August 31, 2026<\/a><\/p>\n<\/blockquote>\n<p>A solu\u00e7\u00e3o da BYD foi o <strong>sistema X-Pack<\/strong>, que integra o inversor e outros componentes el\u00e9tricos diretamente dentro da bateria, montada sob o piso do carro, em vez de ocupar espa\u00e7o debaixo do cap\u00f4, como \u00e9 habitual.<\/p>\n<p>No Racco, que <a target=\"_blank\" href=\"https:\/\/pplware.sapo.pt\/motores\/europa-quer-eletricos-acessiveis-e-a-byd-tem-um-e-car-pronto-a-chegar-por-15-mil-euros\/\" rel=\"nofollow noopener\">conhecemos aqui<\/a>, o resultado \u00e9 uma autonomia at\u00e9 <strong>320 km<\/strong> com uma bateria de <strong>36 kWh<\/strong>.<\/p>\n<p>Quanto ao carregamento r\u00e1pido, as primeiras not\u00edcias falavam em picos de 100 kW, mas dados divulgados ap\u00f3s o lan\u00e7amento apontam para valores mais modestos, <strong>entre os 36 e os 50 kW<\/strong> consoante a variante da bateria.<\/p>\n<p><a target=\"_blank\" href=\"https:\/\/pplware.sapo.pt\/wp-content\/uploads\/2026\/08\/byd-racco-minicarro-japao-plataforma.jpg\" onclick=\"refreshIframe()\" class=\"foobox\" rel=\"nofollow noopener\"><img loading=\"lazy\" decoding=\"async\" src=\"https:\/\/www.europesays.com\/pt\/wp-content\/uploads\/2026\/08\/byd-racco-minicarro-japao-plataforma-720x405.jpg\" alt=\"Sistema X-Pack do BYD Racco\" width=\"720\" height=\"405\" class=\"aligncenter size-medium wp-image-1138343\"  \/><\/a><\/p>\n<p>Porque \u00e9 que a Europa entra nesta equa\u00e7\u00e3o<\/p>\n<p>Segundo avan\u00e7ado pela <a target=\"_blank\" href=\"https:\/\/cn.nikkei.com\/china\/ccompany\/63793-2026-08-31-05-00-00.html\" rel=\"nofollow noopener\">Nikkei<\/a>, a BYD est\u00e1 agora a <strong>preparar uma vers\u00e3o internacional desta tecnologia<\/strong>, com a Europa como principal destino.<\/p>\n<p>Em 2025, a Uni\u00e3o Europeia <a target=\"_blank\" href=\"https:\/\/pplware.sapo.pt\/motores\/kei-cars-europeus-ue-introduz-nova-categoria-de-carros-eletricos-pequenos-e-acessiveis\/\" rel=\"nofollow noopener\">criou uma nova categoria<\/a> de ve\u00edculos el\u00e9tricos compactos, <strong>conhecida como E-car ou M1E<\/strong>, que prev\u00ea incentivos para carros el\u00e9tricos com menos de 4,2 metros, desde que fabricados dentro do bloco europeu.<\/p>\n<p>Ou seja, um pequeno el\u00e9trico made in Europe, constru\u00eddo com a arquitetura X-Pack, <strong>poderia beneficiar de subs\u00eddios e escapar \u00e0s tarifas<\/strong> aplicadas aos ve\u00edculos importados de fora da Europa. A <a target=\"_blank\" href=\"https:\/\/pplware.sapo.pt\/tag\/hungria\/\" rel=\"nofollow noopener\">f\u00e1brica da BYD na Hungria<\/a> surge como o local mais prov\u00e1vel para essa produ\u00e7\u00e3o.<\/p>\n<dl class=\"gallery-item\">\n<dt class=\"gallery-icon landscape\">\n\t\t\t\t<a data-attachment-id=\"1089571\" href=\"https:\/\/pplware.sapo.pt\/wp-content\/uploads\/2025\/11\/byd_racco_02.webp\" rel=\"nofollow noopener\" target=\"_blank\"><img loading=\"lazy\" decoding=\"async\" width=\"720\" height=\"405\" src=\"https:\/\/www.europesays.com\/pt\/wp-content\/uploads\/2026\/08\/byd_racco_02-720x405.webp\" class=\"attachment-medium size-medium\" alt=\"\"  \/><\/a>\n\t\t\t<\/dt>\n<\/dl>\n<dl class=\"gallery-item\">\n<dt class=\"gallery-icon landscape\">\n\t\t\t\t<a data-attachment-id=\"1089569\" href=\"https:\/\/pplware.sapo.pt\/wp-content\/uploads\/2025\/11\/byd_racco_01.webp\" rel=\"nofollow noopener\" target=\"_blank\"><img loading=\"lazy\" decoding=\"async\" width=\"720\" height=\"405\" src=\"https:\/\/www.europesays.com\/pt\/wp-content\/uploads\/2026\/08\/byd_racco_01-720x405.webp\" class=\"attachment-medium size-medium\" alt=\"BYD Racco\"  \/><\/a>\n\t\t\t<\/dt>\n<\/dl>\n<p><br style=\"clear: both\"\/><\/p>\n<p>De ressalvar que o Racco em si, tal como existe hoje, dificilmente vir\u00e1 para a Europa, na medida em que foi desenhado <strong>\u00e0 medida das regras japonesas e dos testes de colis\u00e3o locais<\/strong>.<\/p>\n<p>Assim sendo, uma vez que cumprir a homologa\u00e7\u00e3o europeia implicaria um redesenho significativo, a BYD dever\u00e1 preferir <strong>desenvolver um modelo europeu pr\u00f3prio<\/strong>, aproveitando apenas a tecnologia da bateria.<\/p>\n<p>O que falta confirmar<\/p>\n<p><a target=\"_blank\" href=\"https:\/\/www.autonews.com\/byd\/ane-byd-minicar-europe-battery-tech-0828\/\" rel=\"nofollow noopener\">Por agora<\/a>, a BYD dever\u00e1 estar a <strong>iniciar apenas o trabalho de desenvolvimento<\/strong>, com chegada ao mercado prevista para &#8220;dentro de alguns anos&#8221;, sem data fechada.<\/p>\n<p>Sobre a procura pelo Racco no Jap\u00e3o sabe-se que, das mais de 700 encomendas na primeira semana, <strong>apenas 125 unidades foram efetivamente registadas<\/strong>, a maioria carros de demonstra\u00e7\u00e3o para stands, o que levanta quest\u00f5es sobre o sucesso comercial do produto.<\/p>\n<p>\t\t\t\t\t\t<script async src=\"https:\/\/platform.twitter.com\/widgets.js\" charset=\"utf-8\"><\/script><\/p>\n","protected":false},"excerpt":{"rendered":"A BYD quer repetir na Europa o que j\u00e1 testou no Jap\u00e3o, trazendo para as nossas estradas um&hellip;\n","protected":false},"author":2,"featured_media":506779,"comment_status":"","ping_status":"","sticky":false,"template":"","format":"standard","meta":{"footnotes":"","_share_on_mastodon":"0"},"categories":[83],"tags":[88,3895,32746,89,90,445,34063,81194,32,33,34064],"class_list":["post-506778","post","type-post","status-publish","format-standard","has-post-thumbnail","category-empresas","tag-business","tag-byd","tag-e-car","tag-economy","tag-empresas","tag-europa","tag-kei-cars","tag-minicarro","tag-portugal","tag-pt","tag-racco"],"share_on_mastodon":{"url":"https:\/\/pubeurope.com\/@pt\/117191612960951520","error":""},"_links":{"self":[{"href":"https:\/\/www.europesays.com\/pt\/wp-json\/wp\/v2\/posts\/506778","targetHints":{"allow":["GET"]}}],"collection":[{"href":"https:\/\/www.europesays.com\/pt\/wp-json\/wp\/v2\/posts"}],"about":[{"href":"https:\/\/www.europesays.com\/pt\/wp-json\/wp\/v2\/types\/post"}],"author":[{"embeddable":true,"href":"https:\/\/www.europesays.com\/pt\/wp-json\/wp\/v2\/users\/2"}],"replies":[{"embeddable":true,"href":"https:\/\/www.europesays.com\/pt\/wp-json\/wp\/v2\/comments?post=506778"}],"version-history":[{"count":0,"href":"https:\/\/www.europesays.com\/pt\/wp-json\/wp\/v2\/posts\/506778\/revisions"}],"wp:featuredmedia":[{"embeddable":true,"href":"https:\/\/www.europesays.com\/pt\/wp-json\/wp\/v2\/media\/506779"}],"wp:attachment":[{"href":"https:\/\/www.europesays.com\/pt\/wp-json\/wp\/v2\/media?parent=506778"}],"wp:term":[{"taxonomy":"category","embeddable":true,"href":"https:\/\/www.europesays.com\/pt\/wp-json\/wp\/v2\/categories?post=506778"},{"taxonomy":"post_tag","embeddable":true,"href":"https:\/\/www.europesays.com\/pt\/wp-json\/wp\/v2\/tags?post=506778"}],"curies":[{"name":"wp","href":"https:\/\/api.w.org\/{rel}","templated":true}]}}