{"id":506782,"date":"2026-08-31T18:48:29","date_gmt":"2026-08-31T18:48:29","guid":{"rendered":"https:\/\/www.europesays.com\/pt\/506782\/"},"modified":"2026-08-31T18:48:29","modified_gmt":"2026-08-31T18:48:29","slug":"luis-neves-diz-estar-absolutamente-tranquilo-perante-ameaca-de-mocao-de-censura-do-chega-e-promete-esclarecimentos-para-terca-feira","status":"publish","type":"post","link":"https:\/\/www.europesays.com\/pt\/506782\/","title":{"rendered":"Lu\u00eds Neves diz estar &#8220;absolutamente tranquilo&#8221; perante amea\u00e7a de mo\u00e7\u00e3o de censura do Chega e promete esclarecimentos para ter\u00e7a-feira"},"content":{"rendered":"<p>O ministro da Administra\u00e7\u00e3o Interna, Lu\u00eds Neves, remeteu para esta ter\u00e7a-feira (1 de setembro) todos os esclarecimentos sobre a amea\u00e7a de mo\u00e7\u00e3o de censura anunciada pelo Chega &#8212; caso o governante n\u00e3o apresentasse a demiss\u00e3o &#8211;, assegurando estar sereno quanto ao seu trabalho.<\/p>\n<p>Confrontado esta segunda-feira (31 de agosto) pelos jornalistas na Regi\u00e3o Aut\u00f3noma da Madeira, onde cumpre o \u00faltimo de tr\u00eas dias de visita oficial, Lu\u00eds Neves foi perent\u00f3rio: \u201cAmanh\u00e3 falaremos sobre isso, sobre esses assuntos todos. Estou absolutamente tranquilo, estou aqui a trabalhar em prol da seguran\u00e7a do nosso pa\u00eds.\u201d <\/p>\n<p>Questionado sobre o motivo de prestar declara\u00e7\u00f5es apenas no dia seguinte, o ministro justificou a escolha com brevidade: \u201cPorque \u00e9 quando eu decido.\u201d<\/p>\n<p>A desloca\u00e7\u00e3o do ministro decorreu no \u00e2mbito do anivers\u00e1rio do Comando Regional da PSP da Madeira, que incluiu passagens por diversas instala\u00e7\u00f5es da Pol\u00edcia de Seguran\u00e7a P\u00fablica e da Guarda Nacional Republicana. A visita termina com um almo\u00e7o institucional com o presidente do Governo Regional, Miguel Albuquerque.<\/p>\n<p>Durante as cerim\u00f3nias oficiais, o governante aproveitou tamb\u00e9m para desmentir as cr\u00edticas em torno da car\u00eancia de efetivos nas for\u00e7as de seguran\u00e7a, garantindo que o planeamento para o setor trar\u00e1 respostas a m\u00e9dio prazo. \u201cComo a mentira tem perna curta, a partir de 27 [2027] ser\u00e1 poss\u00edvel, paulatinamente, come\u00e7ar a distribuir pessoas\u201d, afirmou.<\/p>\n","protected":false},"excerpt":{"rendered":"O ministro da Administra\u00e7\u00e3o Interna, Lu\u00eds Neves, remeteu para esta ter\u00e7a-feira (1 de setembro) todos os esclarecimentos sobre&hellip;\n","protected":false},"author":2,"featured_media":506783,"comment_status":"","ping_status":"","sticky":false,"template":"","format":"standard","meta":{"footnotes":"","_share_on_mastodon":"0"},"categories":[10],"tags":[5610,27,28,1736,15,16,81196,9105,14,25,26,36448,1301,21,22,50294,73972,12,13,19,20,32,23,24,81195,33,81197,17,18,29,30,31],"class_list":["post-506782","post","type-post","status-publish","format-standard","has-post-thumbnail","category-portugal","tag-administracao-interna","tag-breaking-news","tag-breakingnews","tag-chega","tag-featured-news","tag-featurednews","tag-forcas-seguranca","tag-guarda-nacional","tag-headlines","tag-latest-news","tag-latestnews","tag-luis-neves","tag-madeira","tag-main-news","tag-mainnews","tag-miguel-albuquerque","tag-mocao-censura","tag-news","tag-noticias","tag-noticias-principais","tag-noticiasprincipais","tag-portugal","tag-principais-noticias","tag-principaisnoticias","tag-psp-madeira","tag-pt","tag-seguranca-pais","tag-top-stories","tag-topstories","tag-ultimas","tag-ultimas-noticias","tag-ultimasnoticias"],"share_on_mastodon":{"url":"","error":"Validation failed: Text character limit of 500 exceeded"},"_links":{"self":[{"href":"https:\/\/www.europesays.com\/pt\/wp-json\/wp\/v2\/posts\/506782","targetHints":{"allow":["GET"]}}],"collection":[{"href":"https:\/\/www.europesays.com\/pt\/wp-json\/wp\/v2\/posts"}],"about":[{"href":"https:\/\/www.europesays.com\/pt\/wp-json\/wp\/v2\/types\/post"}],"author":[{"embeddable":true,"href":"https:\/\/www.europesays.com\/pt\/wp-json\/wp\/v2\/users\/2"}],"replies":[{"embeddable":true,"href":"https:\/\/www.europesays.com\/pt\/wp-json\/wp\/v2\/comments?post=506782"}],"version-history":[{"count":0,"href":"https:\/\/www.europesays.com\/pt\/wp-json\/wp\/v2\/posts\/506782\/revisions"}],"wp:featuredmedia":[{"embeddable":true,"href":"https:\/\/www.europesays.com\/pt\/wp-json\/wp\/v2\/media\/506783"}],"wp:attachment":[{"href":"https:\/\/www.europesays.com\/pt\/wp-json\/wp\/v2\/media?parent=506782"}],"wp:term":[{"taxonomy":"category","embeddable":true,"href":"https:\/\/www.europesays.com\/pt\/wp-json\/wp\/v2\/categories?post=506782"},{"taxonomy":"post_tag","embeddable":true,"href":"https:\/\/www.europesays.com\/pt\/wp-json\/wp\/v2\/tags?post=506782"}],"curies":[{"name":"wp","href":"https:\/\/api.w.org\/{rel}","templated":true}]}}