{"id":50679,"date":"2025-08-29T20:52:12","date_gmt":"2025-08-29T20:52:12","guid":{"rendered":"https:\/\/www.europesays.com\/pt\/50679\/"},"modified":"2025-08-29T20:52:12","modified_gmt":"2025-08-29T20:52:12","slug":"o-mirante-agricultor-de-almeirim-e-neto-sao-dois-dos-feridos-graves-no-acidente-na-tapada","status":"publish","type":"post","link":"https:\/\/www.europesays.com\/pt\/50679\/","title":{"rendered":"O MIRANTE | Agricultor de Almeirim e neto s\u00e3o dois dos feridos graves no acidente\u00a0na\u00a0Tapada"},"content":{"rendered":"<p>O agricultor de Almeirim conhecido por &#8220;Z\u00e9 Pichalho&#8221;, que tem com a esposa uma loja de vinhos na Rua de Coruche de Almeirim, \u00e9 um dos feridos graves, juntamente com o neto de 16 anos, do acidente desta sexta-feira ao final da manh\u00e3, na estrada do campo (EN 368) entre Tapada e Alpiar\u00e7a. O agricultor tinha ido numa moto 4 com o neto ver uma vinha no campo, quando se deu o acidente com um ve\u00edculo ligeiro. Al\u00e9m destes dois h\u00e1 ainda um terceiro ferido grave e dois feridos ligeiros. <br \/>O agricultor j\u00e1 tinha perdido o \u00fanico filho, Osvaldo Leonor, h\u00e1 poucos anos, v\u00edtima de ataque card\u00edaco.<\/p>\n","protected":false},"excerpt":{"rendered":"O agricultor de Almeirim conhecido por &#8220;Z\u00e9 Pichalho&#8221;, que tem com a esposa uma loja de vinhos na&hellip;\n","protected":false},"author":2,"featured_media":50680,"comment_status":"","ping_status":"","sticky":false,"template":"","format":"standard","meta":{"footnotes":""},"categories":[10],"tags":[27,28,15,16,14,6569,6568,25,26,21,22,12,13,19,20,32,23,24,33,3551,5314,17,18,29,30,31],"class_list":{"0":"post-50679","1":"post","2":"type-post","3":"status-publish","4":"format-standard","5":"has-post-thumbnail","7":"category-portugal","8":"tag-breaking-news","9":"tag-breakingnews","10":"tag-featured-news","11":"tag-featurednews","12":"tag-headlines","13":"tag-jornal-regional","14":"tag-jornalismo-de-proximidade","15":"tag-latest-news","16":"tag-latestnews","17":"tag-main-news","18":"tag-mainnews","19":"tag-news","20":"tag-noticias","21":"tag-noticias-principais","22":"tag-noticiasprincipais","23":"tag-portugal","24":"tag-principais-noticias","25":"tag-principaisnoticias","26":"tag-pt","27":"tag-regiao","28":"tag-ribatejo","29":"tag-top-stories","30":"tag-topstories","31":"tag-ultimas","32":"tag-ultimas-noticias","33":"tag-ultimasnoticias"},"share_on_mastodon":{"url":"","error":""},"_links":{"self":[{"href":"https:\/\/www.europesays.com\/pt\/wp-json\/wp\/v2\/posts\/50679","targetHints":{"allow":["GET"]}}],"collection":[{"href":"https:\/\/www.europesays.com\/pt\/wp-json\/wp\/v2\/posts"}],"about":[{"href":"https:\/\/www.europesays.com\/pt\/wp-json\/wp\/v2\/types\/post"}],"author":[{"embeddable":true,"href":"https:\/\/www.europesays.com\/pt\/wp-json\/wp\/v2\/users\/2"}],"replies":[{"embeddable":true,"href":"https:\/\/www.europesays.com\/pt\/wp-json\/wp\/v2\/comments?post=50679"}],"version-history":[{"count":0,"href":"https:\/\/www.europesays.com\/pt\/wp-json\/wp\/v2\/posts\/50679\/revisions"}],"wp:featuredmedia":[{"embeddable":true,"href":"https:\/\/www.europesays.com\/pt\/wp-json\/wp\/v2\/media\/50680"}],"wp:attachment":[{"href":"https:\/\/www.europesays.com\/pt\/wp-json\/wp\/v2\/media?parent=50679"}],"wp:term":[{"taxonomy":"category","embeddable":true,"href":"https:\/\/www.europesays.com\/pt\/wp-json\/wp\/v2\/categories?post=50679"},{"taxonomy":"post_tag","embeddable":true,"href":"https:\/\/www.europesays.com\/pt\/wp-json\/wp\/v2\/tags?post=50679"}],"curies":[{"name":"wp","href":"https:\/\/api.w.org\/{rel}","templated":true}]}}