{"id":506792,"date":"2026-08-31T18:58:13","date_gmt":"2026-08-31T18:58:13","guid":{"rendered":"https:\/\/www.europesays.com\/pt\/506792\/"},"modified":"2026-08-31T18:58:13","modified_gmt":"2026-08-31T18:58:13","slug":"em-pleno-direto-claudio-ramos-nao-nada-deixa-por-dizer-a-tatiana-e-esta-foi-a-reacao-big-brother-verao-2026-ultimas-noticias-videos-e-diretos","status":"publish","type":"post","link":"https:\/\/www.europesays.com\/pt\/506792\/","title":{"rendered":"Em pleno direto, Cl\u00e1udio Ramos n\u00e3o nada deixa por dizer a Tatiana. E esta foi a rea\u00e7\u00e3o &#8211; Big Brother Ver\u00e3o 2026: \u00daltimas Not\u00edcias, V\u00eddeos e Diretos"},"content":{"rendered":"<p data-end=\"931\" data-start=\"565\"><a href=\"https:\/\/tvi.iol.pt\/bigbrother\/maria-botelho-moniz\/big-brother-verao\/noite-de-dupla-expulsao-estes-foram-os-concorrentes-a-abandonar-o-big-brother-verao\" rel=\"nofollow noopener\" target=\"_blank\"><strong>Tatiana Dur\u00e3o<\/strong> despediu-se ontem do Big Brother Ver\u00e3o<\/a>, depois de uma participa\u00e7\u00e3o marcada por confrontos, opini\u00f5es fortes e uma presen\u00e7a que dificilmente passou despercebida. J\u00e1 fora da Casa, a ex-concorrente esteve esta manh\u00e3 no Dois \u00e0s 10, onde <strong>Cristina Ferreira<\/strong> e <strong>Cl\u00e1udio Ramos<\/strong> recordaram alguns dos momentos mais comentados da sua passagem pelo reality show.<\/p>\n<p data-end=\"1257\" data-start=\"933\">Uma das primeiras quest\u00f5es colocadas a Tatiana esteve precisamente relacionada com a perce\u00e7\u00e3o de alguns espectadores e concorrentes de que n\u00e3o teriam conseguido ver verdadeiramente quem ela \u00e9. Confrontada por Cristina Ferreira sobre a possibilidade de essa postura ter sido propositada, a ex-concorrente rejeitou essa ideia.<\/p>\n<p data-end=\"1469\" data-start=\"1259\">Tatiana explicou que mostrou as suas emo\u00e7\u00f5es sempre que entendeu que o jogo o pedia, mas que tamb\u00e9m se viu obrigada a assumir uma posi\u00e7\u00e3o mais defensiva e, em determinados momentos, partir para o contra-ataque.<\/p>\n<p data-end=\"1558\" data-start=\"1471\">Segundo a pr\u00f3pria, <strong>foi o contexto da Casa que ditou a forma como acabou por reagir.<\/strong><\/p>\n<p><strong>Cl\u00e1udio Ramos fala em manipula\u00e7\u00e3o<\/strong><\/p>\n<p data-end=\"1923\" data-start=\"1603\"><strong>Cl\u00e1udio Ramos<\/strong> foi mais longe na an\u00e1lise e assumiu que, enquanto jogadora, considera que Tatiana teve comportamentos manipuladores. O apresentador destacou, em particular, a rela\u00e7\u00e3o que a concorrente manteve com Afonso, considerando que, em determinados momentos, ter\u00e1 tentado despertar-lhe pena para o manter do seu lado.<\/p>\n<p data-end=\"1960\" data-start=\"1925\">Tatiana n\u00e3o se reviu nessa leitura.<\/p>\n<p data-end=\"2171\" data-start=\"1962\">A ex-concorrente garantiu que tudo o que aconteceu com Afonso foi sincero e afirmou acreditar que o colega gosta realmente dela. Negou, por isso, ter recorrido \u00e0 manipula\u00e7\u00e3o para condicionar o jogo dos outros.<\/p>\n<p data-end=\"2382\" data-start=\"2173\">Mais do que isso, Tatiana afirmou que <strong data-end=\"2263\" data-start=\"2211\">nunca entrou na Casa com uma estrat\u00e9gia definida<\/strong>. Para si, a pr\u00f3pria personalidade e as diferentes facetas que possui s\u00e3o suficientes para construir o seu percurso.<\/p>\n<p data-end=\"2382\" data-start=\"2173\"><strong>\u00abEntro para um reality e, mediante o que receber, \u00e9 o que vou entregar\u00bb<\/strong>, ter\u00e1 explicado.<\/p>\n<p><strong>\u00abNunca mostrei um lado amoroso\u00bb<\/strong> <\/p>\n<p data-end=\"2712\" data-start=\"2521\">Tatiana abordou ainda uma das caracter\u00edsticas que, na sua opini\u00e3o, acabou por marcar a sua passagem pelo programa: a aus\u00eancia de um lado mais amoroso ou emocional nas rela\u00e7\u00f5es com os colegas.<\/p>\n<p data-end=\"2871\" data-start=\"2714\">A ex-concorrente justificou que nunca chegou a mostrar esse lado porque, simplesmente, <strong data-end=\"2870\" data-start=\"2801\">nunca sentiu que tivesse recebido isso dos restantes concorrentes<\/strong>.<\/p>\n<p data-end=\"3187\" data-start=\"2873\">Ali\u00e1s, admitiu mesmo n\u00e3o se identificar particularmente com este formato de reality show. Recordou que <a href=\"https:\/\/tvi.iol.pt\/bigbrother\/video\/apos-desabafo-tatiana-confessa-que-ainda-ama-o-ex-companheiro-se-ele-deixar-de-ouvir-outras-pessoas-as-coisas-iam-correr-bem\/6a955b570cf2b42132dbf8f3\" rel=\"nofollow noopener\" target=\"_blank\">j\u00e1 tinha participado anteriormente num programa relacionado com o amor<\/a> e considerou que, nesta experi\u00eancia, os colegas nunca conseguiram perceber essa sua faceta, precisamente porque n\u00e3o encontrou reciprocidade.<\/p>\n<p><strong>A pol\u00e9mica com Sara e Nuno tamb\u00e9m foi recordada<\/strong> <\/p>\n<p data-end=\"3487\" data-start=\"3246\">Outro dos momentos inevitavelmente recuperados durante a entrevista foi a pol\u00e9mica envolvendo Sara e Nuno, depois de Tatiana ter revelado uma conversa que teve com Sara sobre a alegada estrat\u00e9gia relacionada com a proximidade desta com Nuno.<\/p>\n<p data-end=\"3613\" data-start=\"3489\">Cl\u00e1udio Ramos considerou que Tatiana ter\u00e1 percebido, nesse momento, que estava a expor uma pessoa que considerava sua amiga.<\/p>\n<p data-end=\"3913\" data-start=\"3615\">A ex-concorrente, contudo, voltou a garantir que <strong data-end=\"3700\" data-start=\"3664\">n\u00e3o houve uma inten\u00e7\u00e3o calculada<\/strong>. Segundo explicou, tudo aconteceu de forma inocente e natural, embora reconhe\u00e7a agora que esse epis\u00f3dio acabou por ter bastante import\u00e2ncia no desenrolar da sua experi\u00eancia e, sobretudo, no per\u00edodo que se seguiu.<\/p>\n<p><strong>\u00abN\u00e3o gosto de conflito\u00bb<\/strong> <\/p>\n<p data-end=\"4064\" data-start=\"3948\"><a href=\"https:\/\/tvi.iol.pt\/bigbrother\/video\/tatiana-recebe-telefonema-de-maria-botelho-moniz-esta-expulsa-e-as-reacoes-sao-chocantes\/6a94a2d30cf2b42132dbf7e9\" rel=\"nofollow noopener\" target=\"_blank\">Apesar de ter protagonizado v\u00e1rios momentos de confronto dentro da Casa<\/a>, Tatiana garantiu que n\u00e3o gosta de conflito.<\/p>\n<p data-end=\"4263\" data-start=\"4066\">Foi precisamente a\u00ed que Cl\u00e1udio Ramos a voltou a questionar, colocando em cima da mesa se, afinal, para gerar conflito num reality show, n\u00e3o ser\u00e1 necess\u00e1rio que tamb\u00e9m exista vontade de o provocar.<\/p>\n<p data-end=\"4381\" data-start=\"4265\">Tatiana manteve a sua posi\u00e7\u00e3o e deixou uma frase que resume, de certa forma, a forma como encara a sua participa\u00e7\u00e3o.<\/p>\n<p data-end=\"4528\" data-start=\"4383\">Para a ex-concorrente, se tivesse optado por uma postura mais passiva, <strong data-end=\"4527\" data-start=\"4454\">teria acabado por ser apenas mais uma concorrente entre tantas outras<\/strong>.<\/p>\n<p><strong data-end=\"4618\" data-start=\"4532\">\u00abSeria mais uma aborrecida igual a todos eles se n\u00e3o tivesse sido assim a reagir.\u00bb<\/strong> <\/p>\n<p data-end=\"4528\" data-start=\"4383\">Depois de uma sa\u00edda marcada por opini\u00f5es divididas, Tatiana parece, assim, n\u00e3o se arrepender da postura que adotou. Fora da Casa, mant\u00e9m a convic\u00e7\u00e3o de que n\u00e3o criou uma personagem: <strong data-end=\"4876\" data-is-last-node=\"\" data-start=\"4802\">limitou-se a responder ao jogo e \u00e0s pessoas que encontrou pela frente.<\/strong><\/p>\n<p data-end=\"4528\" data-start=\"4383\">\u00a0<\/p>\n","protected":false},"excerpt":{"rendered":"Tatiana Dur\u00e3o despediu-se ontem do Big Brother Ver\u00e3o, depois de uma participa\u00e7\u00e3o marcada por confrontos, opini\u00f5es fortes e&hellip;\n","protected":false},"author":2,"featured_media":506793,"comment_status":"","ping_status":"","sticky":false,"template":"","format":"standard","meta":{"footnotes":"","_share_on_mastodon":"0"},"categories":[85],"tags":[331,48,333,328,335,336,114,115,334,743,332,330,338,13,32,33,31229,162,227],"class_list":["post-506792","post","type-post","status-publish","format-standard","has-post-thumbnail","category-entretenimento","tag-big","tag-big-brother","tag-comentadores","tag-concorrentes","tag-confrontos","tag-discussoes","tag-entertainment","tag-entretenimento","tag-exclusivos","tag-expulsao","tag-expulso","tag-gala","tag-maria-botelho-moniz","tag-noticias","tag-portugal","tag-pt","tag-tatiana","tag-tvi","tag-videos"],"share_on_mastodon":{"url":"https:\/\/pubeurope.com\/@pt\/117191659027416001","error":""},"_links":{"self":[{"href":"https:\/\/www.europesays.com\/pt\/wp-json\/wp\/v2\/posts\/506792","targetHints":{"allow":["GET"]}}],"collection":[{"href":"https:\/\/www.europesays.com\/pt\/wp-json\/wp\/v2\/posts"}],"about":[{"href":"https:\/\/www.europesays.com\/pt\/wp-json\/wp\/v2\/types\/post"}],"author":[{"embeddable":true,"href":"https:\/\/www.europesays.com\/pt\/wp-json\/wp\/v2\/users\/2"}],"replies":[{"embeddable":true,"href":"https:\/\/www.europesays.com\/pt\/wp-json\/wp\/v2\/comments?post=506792"}],"version-history":[{"count":0,"href":"https:\/\/www.europesays.com\/pt\/wp-json\/wp\/v2\/posts\/506792\/revisions"}],"wp:featuredmedia":[{"embeddable":true,"href":"https:\/\/www.europesays.com\/pt\/wp-json\/wp\/v2\/media\/506793"}],"wp:attachment":[{"href":"https:\/\/www.europesays.com\/pt\/wp-json\/wp\/v2\/media?parent=506792"}],"wp:term":[{"taxonomy":"category","embeddable":true,"href":"https:\/\/www.europesays.com\/pt\/wp-json\/wp\/v2\/categories?post=506792"},{"taxonomy":"post_tag","embeddable":true,"href":"https:\/\/www.europesays.com\/pt\/wp-json\/wp\/v2\/tags?post=506792"}],"curies":[{"name":"wp","href":"https:\/\/api.w.org\/{rel}","templated":true}]}}