{"id":5068,"date":"2025-07-28T09:28:07","date_gmt":"2025-07-28T09:28:07","guid":{"rendered":"https:\/\/www.europesays.com\/pt\/5068\/"},"modified":"2025-07-28T09:28:07","modified_gmt":"2025-07-28T09:28:07","slug":"a-cada-72-horas-cinco-pessoas-morrem-por-pneumonia-em-bh","status":"publish","type":"post","link":"https:\/\/www.europesays.com\/pt\/5068\/","title":{"rendered":"A cada 72 horas, cinco pessoas morrem por pneumonia em BH"},"content":{"rendered":"<p>No fim de junho, a psic\u00f3loga Poliana Corsino de Paula, de 42 anos, come\u00e7ou a sentir um mal-estar. Segundo ela, era uma sensa\u00e7\u00e3o de sono intenso, press\u00e3o baixa e um frio fora do comum. \u201cDepois do trabalho, cheguei em casa com febre e muita tosse\u201d, relembra. Foram oito dias desde o in\u00edcio dos sintomas \u2014 com tr\u00eas teleconsultas e uma ida presencial ao m\u00e9dico \u2014 at\u00e9 o diagn\u00f3stico de pneumonia bacteriana, em 3 de julho. \u201cFui internada na hora\u201d, contou \u00e0 reportagem. A doen\u00e7a que Poliana enfrentou foi respons\u00e1vel pela morte de 350 pessoas em Belo Horizonte apenas no primeiro semestre deste ano, segundo dados da Secretaria Municipal de Sa\u00fade.<\/p>\n<p>Na capital, apesar de a pneumonia n\u00e3o exigir notifica\u00e7\u00e3o obrigat\u00f3ria, dados da pasta mostram que, de janeiro at\u00e9 o momento, j\u00e1 foram registradas 5.262 solicita\u00e7\u00f5es de interna\u00e7\u00e3o pela doen\u00e7a. \u201cNunca tinha tido pneumonia antes e fiquei muito assustada com o diagn\u00f3stico, mas, ao mesmo tempo, aliviada por descobrir o que era, depois de oito dias muito mal em casa, indo a m\u00e9dicos sem saber o que eu tinha\u201d, completou. No estado, foram 49.930 registros entre janeiro e 13 de julho deste ano, segundo a Secretaria de Estado de Sa\u00fade de Minas Gerais (SES-MG).<\/p>\n<p>Assim como Poliana, a expectativa da fam\u00edlia da idosa Maria do Carmo da Silva, de 68 anos, era v\u00ea-la receber alta ap\u00f3s a interna\u00e7\u00e3o para tratar uma pneumonia. No entanto, um agravamento do quadro levou \u00e0 morte dela em dezembro do ano passado. Em todo o ano de 2024, foram contabilizados 9.594 pedidos de interna\u00e7\u00e3o por pneumonia e 941 mortes pela doen\u00e7a na capital mineira. No mesmo per\u00edodo, foram registradas 86.380 interna\u00e7\u00f5es em Minas Gerais. A SES-MG n\u00e3o informou quantos \u00f3bitos em decorr\u00eancia da enfermidade foram registrados.<\/p>\n<p>\u201cCome\u00e7ou com ela perdendo o apetite, emagrecendo e sentindo muitas dores no corpo. Fomos ao m\u00e9dico, e ela fez v\u00e1rios exames, que constataram pneumonia. S\u00f3 que ela fumava desde os 13 anos, e acabamos descobrindo um c\u00e2ncer que se espalhou para outros \u00f3rg\u00e3os. Foi tudo muito r\u00e1pido \u2014 do in\u00edcio da interna\u00e7\u00e3o at\u00e9 a morte, foram 15 dias. A causa da morte foi pneumonia, sepse (infec\u00e7\u00e3o) de foco pulmonar e s\u00edndrome consumptiva (perda de peso)\u201d, lamentou a filha da idosa, Elisangela Cristina Silva Amaro.<\/p>\n<p><strong>A doen\u00e7a aparece s\u00f3 no frio?<\/strong><\/p>\n<p>Apesar de estar associada ao per\u00edodo mais frio do ano, a pneumonia n\u00e3o \u00e9 causada diretamente pelas baixas temperaturas, como explica o pneumologista e ex-presidente da Sociedade Mineira de Pneumologia e Cirurgia Tor\u00e1cica (SMPCT), Marcelo de Fuccio. <\/p>\n<p>\u201cPneumonia \u00e9 uma inflama\u00e7\u00e3o dos pulm\u00f5es, e a causa mais comum \u00e9 por bact\u00e9rias, sobretudo o pneumococo, que est\u00e1 presente no nosso organismo. Quando passamos por algum estresse \u2014 seja f\u00edsico intenso, emocional ou por viroses respirat\u00f3rias (como os v\u00edrus Influenza ou Sincicial Respirat\u00f3rio, por exemplo), mais frequentes nesta \u00e9poca do ano \u2014, a bact\u00e9ria \u2018aproveita a fragilidade\u2019 e infecta os pulm\u00f5es\u201d, detalhou o especialista.<\/p>\n<p>Ainda segundo o m\u00e9dico, pacientes como Maria do Carmo \u2014 idosos e crian\u00e7as, al\u00e9m de pessoas com imunidade comprometida ou doen\u00e7as cr\u00f4nicas como diabetes e problemas card\u00edacos e pulmonares \u2014 s\u00e3o mais suscet\u00edveis ao agravamento da doen\u00e7a. No entanto, se n\u00e3o tratada a tempo com o uso de antibi\u00f3ticos, a pneumonia pode levar qualquer pessoa \u00e0 morte.<\/p>\n<p><img decoding=\"async\" loading=\"lazy\" src=\"blob:https:\/\/author-p111452-e1142340.adobeaemcloud.com\/19d2ecb7-fe1f-4560-a194-67f746d7b6d0\" title=\"arte pneumonia.jpg\" width=\"1200\" height=\"947\" alt=\"\" style=\"display: block; margin-left: auto; margin-right: auto;\" data-mce-style=\"display: block; margin-left: auto; margin-right: auto;\"\/><br data-mce-bogus=\"1\"\/><\/p>\n<p><strong>Doen\u00e7a pode ser silenciosa, mas n\u00e3o menos agressiva<\/strong><\/p>\n<p>Os sintomas mais comuns da pneumonia incluem febre, tosse seca persistente (que pode evoluir para tosse com catarro), cansa\u00e7o extremo, mal-estar geral, fraqueza, dor de cabe\u00e7a, dor de garganta ou dores no corpo, falta de ar, respira\u00e7\u00e3o acelerada ou chiado no peito. Em idosos e crian\u00e7as, os sinais tamb\u00e9m podem ser: confus\u00e3o mental, sonol\u00eancia, irritabilidade, perda de apetite e retra\u00e7\u00e3o das costelas ao respirar.<\/p>\n<p>Contudo, a doen\u00e7a pode se manifestar de forma leve ou at\u00e9 mesmo assintom\u00e1tica, o que aumenta o risco de agravamento devido ao diagn\u00f3stico tardio da chamada \u201cpneumonia silenciosa\u201d, termo popular usado para certos tipos de pneumonia at\u00edpica. \u201cN\u00e3o existe pneumonia silenciosa. O que pode acontecer \u00e9 uma evolu\u00e7\u00e3o do quadro viral, que come\u00e7a como uma virose e se transforma em pneumonia. O que varia \u00e9 a intensidade dos sintomas, que depende do tipo de bact\u00e9ria e tamb\u00e9m da resposta do organismo do paciente\u201d, explicou.<\/p>\n<p>Em caso de sintomas, \u00e9 fundamental procurar imediatamente um servi\u00e7o de sa\u00fade, especialmente se houver piora ou persist\u00eancia do quadro. Atualmente, a Secretaria Municipal de Sa\u00fade oferece a vacina Pn10 de forma rotineira nos 153 centros de sa\u00fade de Belo Horizonte. J\u00e1 as vacinas Pn13 e Pn23 (que abrangem mais cepas da bact\u00e9ria pneumococo) est\u00e3o dispon\u00edveis durante todo o ano apenas no Centro de Refer\u00eancia de Imunobiol\u00f3gicos Especiais (CRIE), conforme indica\u00e7\u00f5es do protocolo.<\/p>\n","protected":false},"excerpt":{"rendered":"No fim de junho, a psic\u00f3loga Poliana Corsino de Paula, de 42 anos, come\u00e7ou a sentir um mal-estar.&hellip;\n","protected":false},"author":2,"featured_media":5069,"comment_status":"","ping_status":"","sticky":false,"template":"","format":"standard","meta":{"footnotes":""},"categories":[86],"tags":[2880,116,2879,32,33,117,896,2878],"class_list":{"0":"post-5068","1":"post","2":"type-post","3":"status-publish","4":"format-standard","5":"has-post-thumbnail","7":"category-saude","8":"tag-belo-horizonte-mg","9":"tag-health","10":"tag-pneumonia","11":"tag-portugal","12":"tag-pt","13":"tag-saude","14":"tag-saude-publica","15":"tag-ses-mg"},"share_on_mastodon":{"url":"","error":""},"_links":{"self":[{"href":"https:\/\/www.europesays.com\/pt\/wp-json\/wp\/v2\/posts\/5068","targetHints":{"allow":["GET"]}}],"collection":[{"href":"https:\/\/www.europesays.com\/pt\/wp-json\/wp\/v2\/posts"}],"about":[{"href":"https:\/\/www.europesays.com\/pt\/wp-json\/wp\/v2\/types\/post"}],"author":[{"embeddable":true,"href":"https:\/\/www.europesays.com\/pt\/wp-json\/wp\/v2\/users\/2"}],"replies":[{"embeddable":true,"href":"https:\/\/www.europesays.com\/pt\/wp-json\/wp\/v2\/comments?post=5068"}],"version-history":[{"count":0,"href":"https:\/\/www.europesays.com\/pt\/wp-json\/wp\/v2\/posts\/5068\/revisions"}],"wp:featuredmedia":[{"embeddable":true,"href":"https:\/\/www.europesays.com\/pt\/wp-json\/wp\/v2\/media\/5069"}],"wp:attachment":[{"href":"https:\/\/www.europesays.com\/pt\/wp-json\/wp\/v2\/media?parent=5068"}],"wp:term":[{"taxonomy":"category","embeddable":true,"href":"https:\/\/www.europesays.com\/pt\/wp-json\/wp\/v2\/categories?post=5068"},{"taxonomy":"post_tag","embeddable":true,"href":"https:\/\/www.europesays.com\/pt\/wp-json\/wp\/v2\/tags?post=5068"}],"curies":[{"name":"wp","href":"https:\/\/api.w.org\/{rel}","templated":true}]}}