{"id":506808,"date":"2026-08-31T19:15:20","date_gmt":"2026-08-31T19:15:20","guid":{"rendered":"https:\/\/www.europesays.com\/pt\/506808\/"},"modified":"2026-08-31T19:15:20","modified_gmt":"2026-08-31T19:15:20","slug":"padel-com-coracao-torneio-promove-a-saude-cardiovascular-dentro-de-campo-atualidade","status":"publish","type":"post","link":"https:\/\/www.europesays.com\/pt\/506808\/","title":{"rendered":"Padel com cora\u00e7\u00e3o. Torneio promove a sa\u00fade cardiovascular dentro de campo &#8211; Atualidade"},"content":{"rendered":"\n<p><b>Acompanhe toda a atualidade informativa em\u00a0<\/b><a href=\"http:\/\/24noticias.sapo.pt\/\" rel=\"nofollow noopener\" target=\"_blank\"><b>24noticias.sapo.pt<\/b><\/a><\/p>\n<p class=\"p1\">\u201cO exerc\u00edcio f\u00edsico \u00e9 um dos pilares essenciais para a sa\u00fade do cora\u00e7\u00e3o. Com este torneio, queremos n\u00e3o s\u00f3 promover o desporto, mas tamb\u00e9m sensibilizar a comunidade para a preven\u00e7\u00e3o das doen\u00e7as cardiovasculares\u201d, afirmou Manuel Carrageta, presidente da Funda\u00e7\u00e3o Portuguesa de Cardiologia, numa nota enviada ao <b>24not\u00edcias<\/b>.<\/p>\n<p class=\"p1\">O respons\u00e1vel pela Funda\u00e7\u00e3o destacou ainda a import\u00e2ncia do papel, que considera uma \u201cmodalidade acess\u00edvel e social\u201d, para incentivar a popula\u00e7\u00e3o a adotar h\u00e1bitos mais saud\u00e1veis.<\/p>\n<p class=\"p1\">Durante o torneiro, a Funda\u00e7\u00e3o Portuguesa de Cardiologia vai promover momentos de rastreio e de sensibiliza\u00e7\u00e3o.<\/p>\n<p class=\"p1\">As <a href=\"https:\/\/go.tieplayer.com\/Tournaments\/padelcomcoracao\/Overview\" rel=\"nofollow noopener\" target=\"_blank\">inscri\u00e7\u00f5es<\/a> t\u00eam o custo de 30 euros e est\u00e3o abertas at\u00e9 10 de setembro.<\/p>\n<p>___<\/p>\n<p><strong>A sua newsletter de sempre, agora ainda mais \u00fatil<\/strong><\/p>\n<p>Com o lan\u00e7amento da nova marca de informa\u00e7\u00e3o 24not\u00edcias, estamos a mudar a plataforma de newsletters, aproveitando para refor\u00e7ar a informa\u00e7\u00e3o que os leitores mais valorizam:<strong>\u00a0a que lhes \u00e9 \u00fatil, ajuda a tomar decis\u00f5es e a entender o mundo.<\/strong><\/p>\n<p><strong>Assine a nova newsletter do 24not\u00edcias\u00a0<a href=\"https:\/\/sapo.us1.list-manage.com\/subscribe?u=8f49263740b14ab5854be8045&amp;id=57a39c5e8f\" target=\"_blank\" rel=\"noopener noreferrer nofollow\">aqui<\/a>.<\/strong><\/p>\n","protected":false},"excerpt":{"rendered":"Acompanhe toda a atualidade informativa em\u00a024noticias.sapo.pt \u201cO exerc\u00edcio f\u00edsico \u00e9 um dos pilares essenciais para a sa\u00fade do&hellip;\n","protected":false},"author":2,"featured_media":506809,"comment_status":"","ping_status":"","sticky":false,"template":"","format":"standard","meta":{"footnotes":"","_share_on_mastodon":"0"},"categories":[84],"tags":[109,107,108,32,33,105,103,104,106,110],"class_list":["post-506808","post","type-post","status-publish","format-standard","has-post-thumbnail","category-ciencia-e-tecnologia","tag-ciencia","tag-ciencia-e-tecnologia","tag-cienciaetecnologia","tag-portugal","tag-pt","tag-science","tag-science-and-technology","tag-scienceandtechnology","tag-technology","tag-tecnologia"],"share_on_mastodon":{"url":"https:\/\/pubeurope.com\/@pt\/117191726092552365","error":""},"_links":{"self":[{"href":"https:\/\/www.europesays.com\/pt\/wp-json\/wp\/v2\/posts\/506808","targetHints":{"allow":["GET"]}}],"collection":[{"href":"https:\/\/www.europesays.com\/pt\/wp-json\/wp\/v2\/posts"}],"about":[{"href":"https:\/\/www.europesays.com\/pt\/wp-json\/wp\/v2\/types\/post"}],"author":[{"embeddable":true,"href":"https:\/\/www.europesays.com\/pt\/wp-json\/wp\/v2\/users\/2"}],"replies":[{"embeddable":true,"href":"https:\/\/www.europesays.com\/pt\/wp-json\/wp\/v2\/comments?post=506808"}],"version-history":[{"count":0,"href":"https:\/\/www.europesays.com\/pt\/wp-json\/wp\/v2\/posts\/506808\/revisions"}],"wp:featuredmedia":[{"embeddable":true,"href":"https:\/\/www.europesays.com\/pt\/wp-json\/wp\/v2\/media\/506809"}],"wp:attachment":[{"href":"https:\/\/www.europesays.com\/pt\/wp-json\/wp\/v2\/media?parent=506808"}],"wp:term":[{"taxonomy":"category","embeddable":true,"href":"https:\/\/www.europesays.com\/pt\/wp-json\/wp\/v2\/categories?post=506808"},{"taxonomy":"post_tag","embeddable":true,"href":"https:\/\/www.europesays.com\/pt\/wp-json\/wp\/v2\/tags?post=506808"}],"curies":[{"name":"wp","href":"https:\/\/api.w.org\/{rel}","templated":true}]}}